{"id":83887,"date":"2023-01-24T06:32:16","date_gmt":"2023-01-24T05:32:16","guid":{"rendered":"https:\/\/www.vorspeisenplatte.de\/speisen\/?p=83887"},"modified":"2025-01-22T14:51:39","modified_gmt":"2025-01-22T13:51:39","slug":"journal-montag-23-januar-2023-zehn-jahre-aufschrei","status":"publish","type":"post","link":"https:\/\/www.vorspeisenplatte.de\/speisen\/2023\/01\/journal-montag-23-januar-2023-zehn-jahre-aufschrei.htm","title":{"rendered":"Journal Montag, 23. Januar 2023 &#8211; Zehn Jahre #Aufschrei"},"content":{"rendered":"<p>Eine Stunde zu fr\u00fch aufgewacht, doch ich schlief nochmal ein.<\/p>\n<p>Alleiniger Morgen (Herr Kaltmamsell fort auf Familienbesuch), ich reaktivierte meine kleine Alu-Cafetera (und hatte am Vortag mit Fern-Hilfe von Herrn Kaltmamsell die Adapter-Platte f\u00fcr den Induktionsherd suchen m\u00fcssen, die seit Kauf einer Induktions-tauglichen Cafetera unn\u00f6tig geworden war).<\/p>\n<p>Fu\u00dfmarsch in die Arbeit in frostiger Luft und unter bedecktem Himmel. Auf der Theresienwiese ein gro\u00dfer Kr\u00e4henschwarm, der mal flog, sich dann wieder im Schnee niederlie\u00df, dann wieder aufflog und \u00fcber die m\u00e4chtigen Peitschenlampen verteilte, alles unter vergn\u00fcgt klingendem Knarzen, Rasseln und Kr\u00e4hen.<\/p>\n<p>Mittags ein Cappuccino-Ausflug zum Notting Hill, drau\u00dfen wurde mir durchs stramme Gehen w\u00e4rmer, als mich im Sitzen im B\u00fcro Unterzieh-Shirt, Pulli, Woll-Stola, Schneestiefel halten konnten.<\/p>\n<p><a href=\"https:\/\/www.vorspeisenplatte.de\/speisen\/archiv\/230123_01_StRupert.jpg\"><img loading=\"lazy\" decoding=\"async\" src=\"https:\/\/www.vorspeisenplatte.de\/speisen\/archiv\/230123_01_StRupert.jpg\" alt=\"\" width=\"439\" height=\"449\" class=\"alignnone size-full wp-image-83907\" \/><\/a><\/p>\n<p><a href=\"https:\/\/www.vorspeisenplatte.de\/speisen\/archiv\/230123_02_NottingHill.jpg\"><img loading=\"lazy\" decoding=\"async\" src=\"https:\/\/www.vorspeisenplatte.de\/speisen\/archiv\/230123_02_NottingHill.jpg\" alt=\"\" width=\"312\" height=\"467\" class=\"alignnone size-full wp-image-83908\" \/><\/a><\/p>\n<p>Mittagessen am Schreibtisch: Avocado, Pumpernickel, Orangen.<\/p>\n<p>An diesem d\u00fcsteren Tag wurde es fr\u00fch dunkel.<\/p>\n<p>Daheim eine Runde Yoga. Das Abendessen stand auf dem Balkon: Herr Kaltmamsell hatte schon am Freitag aus Ernteanteil-Schwarzkohl und -Kartoffeln mit wei\u00dfen Bohnen und Wurst einen Eintopf gekocht.<\/p>\n<p><a href=\"https:\/\/www.vorspeisenplatte.de\/speisen\/archiv\/230123_03_Nachtmahl.jpg\"><img loading=\"lazy\" decoding=\"async\" src=\"https:\/\/www.vorspeisenplatte.de\/speisen\/archiv\/230123_03_Nachtmahl.jpg\" alt=\"\" width=\"302\" height=\"403\" class=\"alignnone size-full wp-image-83909\" \/><\/a><\/p>\n<p>Schmeckte hervorragend und w\u00e4rmte. Nachtisch Orangencreme und Schokolade.<\/p>\n<p>Als Abendprogramm sah ich mir <a href=\"https:\/\/youtu.be\/jMxa0rqNJlw\" rel=\"noopener\" target=\"_blank\">eine arte-Doku \u00fcber die wundervolle Musikerin Annie Lennox<\/a> an. (Dass sie fast 70 ist, konnte ich kaum glauben &#8211; und lie\u00df mich sehr alt f\u00fchlen.)<\/p>\n<p>\u00a7<\/p>\n<p>Zehn Jahre ist es her, dass ich morgens den Laptop zu einem #aufschrei \u00f6ffnete: Menschen, vor allem Frauen berichteten auf Twitter unter diesem Hashtag in 140 Zeichen von sexuellen Bel\u00e4stigungen im privaten und beruflichen Alltag, von sexuellen Misshandlungen, von allt\u00e4glichem Sexismus. Eine Aktion, die in der Nacht zum 25. Januar 2013 angesto\u00dfen worden war von den Twitterinnen <a href=\"https:\/\/twitter.com\/vonhorst\" target=\"_blank\" rel=\"noopener\">@vonhorst<\/a> und <a href=\"https:\/\/twitter.com\/marthadear\/status\/294586884540223488\" target=\"_blank\" rel=\"noopener\">@marthadear<\/a>. Was ich damals dar\u00fcber bloggte, treibt mich bis heute um:<br \/>\n<a href=\"https:\/\/www.vorspeisenplatte.de\/speisen\/2013\/01\/aufschrei-es-geht-nicht-um-mich.htm\" rel=\"noopener\" target=\"_blank\">&#8220;#Aufschrei \u2013 Es geht nicht um mich&#8221;.<\/a><\/p>\n<p>Es ist viel passiert seither in Sachen Aufmerksamkeit f\u00fcr sexuelle Bel\u00e4stigung und sexuelle Gewalt, selbst das reflexartige Gemaule &#8220;aber das kann man ja heute nicht mehr sagen, weil gleich wieder jemand &#8216;sexuelle Bel\u00e4stigung&#8217; schreit&#8221; sehe ich als Symptom dieser Sensibilisierung an. Und hoffe auf mediale Aufmerksamkeit f\u00fcr diesen Jahrestag, auf Res\u00fcmees und Reflexion.<\/p>\n<p>\u00a7<\/p>\n<p>Eine halbe Stunde \u00fcber &#8220;The Untold Story of Disco&#8221; und seine US-amerikanischen Wurzeln bei &#8220;homosexuals, blacks and latins&#8221;. (Ich hatte mal wieder keine Ahnung.)<\/p>\n<div class=\"video-wrapped\" style=\"width: 500px; height: 281px; background-image: url('https:\/\/www.vorspeisenplatte.de\/speisen\/wp-content\/plugins\/video-embed-privacy\/preview\/q_c2dCO5WLo.jpg')\" data-embed-frame=\"&lt;iframe title=&quot;The Untold History of Disco&quot; width=&quot;500&quot; height=&quot;281&quot; src=&quot;https:\/\/www.youtube.com\/embed\/q_c2dCO5WLo?feature=oembed&quot; frameborder=&quot;0&quot; allow=&quot;accelerometer; autoplay; clipboard-write; encrypted-media; gyroscope; picture-in-picture; web-share&quot; referrerpolicy=&quot;strict-origin-when-cross-origin&quot; allowfullscreen&gt;&lt;\/iframe&gt;\" data-embed-play=\"Abspielen&lt;div class=&quot;small&quot;&gt;Das Video wird von Youtube eingebettet abespielt. Es gilt die &lt;a href=&quot;https:\/\/www.google.com\/intl\/de\/policies\/privacy\/&quot; target=&quot;_blank&quot;&gt;Datenschutzerkl\u00e4rung von Google&lt;\/a&gt;&lt;\/div&gt;\">\n<div class=\"video-wrapped-nojs\">Aktivieren Sie JavaScript um das Video zu sehen.<br \/><a href=\"https:\/\/youtu.be\/q_c2dCO5WLo\">https:\/\/youtu.be\/q_c2dCO5WLo<\/a><\/div>\n<\/div>\n<p>Dass es eine (schwulenfeindliche, rassistische) Anti-Disco-Bewegung gab, war mir ebenfalls v\u00f6llig neu.<\/p>\n<p>\u00a7<\/p>\n<p>Als Ausl\u00e4nderin bei der Ausl\u00e4nderbeh\u00f6rde Essen, <a href=\"https:\/\/twitter.com\/Ta_To_Sed\/status\/1616815498276048896\" rel=\"noopener\" target=\"_blank\">ein allt\u00e4glicher Erfahrungsbericht<\/a>. <i>Nachtrag: Auch die Drunterkommentare lohnen ein Lesen.<\/i><\/p>\n<p>\u00a7<\/p>\n<p><a href=\"https:\/\/donnerhallen.de\/2023\/01\/22\/5-dinge-kw-3-2023\/\" rel=\"noopener\" target=\"_blank\">Eine vor der Landtagswahl in Bayern leider n\u00fctzliche Warnung auf Donnerhall<\/a>, der ich mich anschlie\u00dfe:<\/p>\n<blockquote><p>Ich m\u00f6chte mich an dieser Stelle einfach schon mal f\u00fcr das kommende Dreivierteljahr entschuldigen. F\u00fcr S\u00f6der und Aiwanger (oh Gott, Aiwanger), f\u00fcr Dobrindt und Scheuer, die schlimme Frau Ludwig (die Abgeordnete f\u00fcr meinen Wahlkreis, ehemals Drogenbeauftragte, die gern, nachdem sie rauchbare Drogen verurteilt hat, beim Brauereiverband auf ein Glas vorbeisah. ) und alles was diese Baggage so sagen und behaupten wird. Sie machen sich ja keine Vorstellung wie schlimm das hier wird.<\/p><\/blockquote>\n<p>Wobei ich noch ein Gl\u00fcck habe: Der Abgeordnete f\u00fcr meinen Wahlkreis M\u00fcnchen Mitte ist <a href=\"https:\/\/de.wikipedia.org\/wiki\/Ludwig_Hartmann_(Politiker,_1978)\" rel=\"noopener\" target=\"_blank\">der Gr\u00fcne Ludwig Hartmann<\/a>, dem wir 2018 mit 44 Prozent das Direktmandat &#8220;mit dem landesweit besten Erststimmenergebnis seiner Partei&#8221; erw\u00e4hlten. Aber Koalitionspartner der Regierung und Wirtschaftsminister ist halt <a href=\"https:\/\/twitter.com\/HubertAiwanger\/status\/1616780532687200256\" rel=\"noopener\" target=\"_blank\">&#8220;Die-Veganer-tun-uns-vielleicht-Insekten-ins-Essen&#8221;-Aiwanger<\/a>. <img loading=\"lazy\" decoding=\"async\" src=\"https:\/\/vg08.met.vgwort.de\/na\/656b429f5ea64f8cafbc2ad26b948ebe\" width=\"1\" height=\"1\" alt=\"\"\/><\/p>\n","protected":false},"excerpt":{"rendered":"<p>Eine Stunde zu fr\u00fch aufgewacht, doch ich schlief nochmal ein. Alleiniger Morgen (Herr Kaltmamsell fort auf Familienbesuch), ich reaktivierte meine kleine Alu-Cafetera (und hatte am Vortag mit Fern-Hilfe von Herrn Kaltmamsell die Adapter-Platte f\u00fcr den Induktionsherd suchen m\u00fcssen, die seit Kauf einer Induktions-tauglichen Cafetera unn\u00f6tig geworden war). Fu\u00dfmarsch in die Arbeit in frostiger Luft und [&hellip;]<\/p>\n","protected":false},"author":2,"featured_media":0,"comment_status":"open","ping_status":"closed","sticky":false,"template":"","format":"standard","meta":{"footnotes":""},"categories":[2,1],"tags":[],"class_list":["post-83887","post","type-post","status-publish","format-standard","hentry","category-fotos","category-general"],"_links":{"self":[{"href":"https:\/\/www.vorspeisenplatte.de\/speisen\/wp-json\/wp\/v2\/posts\/83887","targetHints":{"allow":["GET"]}}],"collection":[{"href":"https:\/\/www.vorspeisenplatte.de\/speisen\/wp-json\/wp\/v2\/posts"}],"about":[{"href":"https:\/\/www.vorspeisenplatte.de\/speisen\/wp-json\/wp\/v2\/types\/post"}],"author":[{"embeddable":true,"href":"https:\/\/www.vorspeisenplatte.de\/speisen\/wp-json\/wp\/v2\/users\/2"}],"replies":[{"embeddable":true,"href":"https:\/\/www.vorspeisenplatte.de\/speisen\/wp-json\/wp\/v2\/comments?post=83887"}],"version-history":[{"count":3,"href":"https:\/\/www.vorspeisenplatte.de\/speisen\/wp-json\/wp\/v2\/posts\/83887\/revisions"}],"predecessor-version":[{"id":105320,"href":"https:\/\/www.vorspeisenplatte.de\/speisen\/wp-json\/wp\/v2\/posts\/83887\/revisions\/105320"}],"wp:attachment":[{"href":"https:\/\/www.vorspeisenplatte.de\/speisen\/wp-json\/wp\/v2\/media?parent=83887"}],"wp:term":[{"taxonomy":"category","embeddable":true,"href":"https:\/\/www.vorspeisenplatte.de\/speisen\/wp-json\/wp\/v2\/categories?post=83887"},{"taxonomy":"post_tag","embeddable":true,"href":"https:\/\/www.vorspeisenplatte.de\/speisen\/wp-json\/wp\/v2\/tags?post=83887"}],"curies":[{"name":"wp","href":"https:\/\/api.w.org\/{rel}","templated":true}]}}