{"id":83944,"date":"2023-01-26T06:21:35","date_gmt":"2023-01-26T05:21:35","guid":{"rendered":"https:\/\/www.vorspeisenplatte.de\/speisen\/?p=83944"},"modified":"2023-01-26T06:21:35","modified_gmt":"2023-01-26T05:21:35","slug":"journal-mittwoch-25-januar-2023-mehr-zum-schoeffenamt-lindwurmessen-bei-kekes-no1-doener","status":"publish","type":"post","link":"https:\/\/www.vorspeisenplatte.de\/speisen\/2023\/01\/journal-mittwoch-25-januar-2023-mehr-zum-schoeffenamt-lindwurmessen-bei-kekes-no1-doener.htm","title":{"rendered":"Journal Mittwoch, 25. Januar 2023 &#8211; Mehr zum Sch\u00f6ffenamt, #Lindwurmessen bei Kekes no1 D\u00f6ner"},"content":{"rendered":"<p>Gestern wieder Morgenkaffee f\u00fcr zwei, Herr Kaltmamsell hatte seinen Elternausflug beendet. Ich lebe wirklich gern mit ihm zusammen, doch zwei Tage lang die Wohnung allein zu bewohnen, legt dann doch nochmal eine Schippe Freiheit und Unbefangenheit drauf, die ich genie\u00dfe.<\/p>\n<p>Das Wetter nassd\u00fcster, der Schnee schwand.<\/p>\n<p>In der Arbeit erst mal ein paar Stunden kurz getaktete Wuselei mit L\u00f6sungssuche, die nur immer weitere Probleme offenlegte. Zus\u00e4tzlich fiel MS Office 365 aus, mit einmal alles inklusive MS Teams, eine gewisse Note von H\u00fchnerhof, der von einem Bussard gekreuzt wird, machte sich breit. (Die IT-Haussysteme waren komplett unschuldig, gro\u00dfe Erleichterung.)<\/p>\n<p>Mittags gab es \u00c4pfelchen, Pumpernickel mit Butter, eine (!) Orange.<\/p>\n<p>Nachmittags eher b\u00f6ses Kreuzzwicken im Sitzen oder Stehen, das ich umgehend mit der am Samstag ausgefallenen Schwimmeinheit erkl\u00e4re.<\/p>\n<p>Kr\u00e4ftezehrende Arbeit. Nach Feierabend ging ich direkt nach Hause und holte Herrn Kaltmamsell ab zum n\u00e4chsten #Lindwurmessen.<sup><a href=\"#footnote_1_83944\" id=\"identifier_1_83944\" class=\"footnote-link footnote-identifier-link\" title=\"Wir futtern uns nacheinander durch alle Lokale an der S&uuml;dseite der Lindwurmstra&szlig;e von Sendlinger Tor westw&auml;rts bis Stemmerhof, dann an der Nordseite wieder zur&uuml;ck.\">1<\/a><\/sup> Wir gingen zu Fu\u00df zur Kreuzung Poccistra\u00dfe, statt die U-Bahn zu nehmen, damit ich mir von Herrn Kaltmamsell Erlebnisse w\u00e4hrend seines Elternausflugs erz\u00e4hlen lassen konnte.<\/p>\n<p>Ziel war der mittlere von drei Schnellimbissen mit Sitzgelegenheit: Kekes no1 D\u00f6ner (klingt wie eine britische Einwandererkom\u00f6die).<\/p>\n<p><a href=\"https:\/\/www.vorspeisenplatte.de\/speisen\/archiv\/230125_01_KekesDoener.jpg\"><img loading=\"lazy\" decoding=\"async\" src=\"https:\/\/www.vorspeisenplatte.de\/speisen\/archiv\/230125_01_KekesDoener.jpg\" alt=\"\" width=\"461\" height=\"329\" class=\"alignnone size-full wp-image-83956\" \/><\/a><\/p>\n<p>Ein klassischer D\u00f6nerladen. Wir nahmen beide einen Teller mit Reis, Ayran dazu.<\/p>\n<p><a href=\"https:\/\/www.vorspeisenplatte.de\/speisen\/archiv\/230125_02_KekesDoener.jpg\"><img loading=\"lazy\" decoding=\"async\" src=\"https:\/\/www.vorspeisenplatte.de\/speisen\/archiv\/230125_02_KekesDoener.jpg\" alt=\"\" width=\"302\" height=\"379\" class=\"alignnone size-full wp-image-83957\" \/><\/a><\/p>\n<p>Der Reis verbirgt sich unter dem Fleisch-Gr\u00f6stl. Machte satt, am meisten freute mich aber das Ayran &#8211; warum trinke ich das nicht viel \u00f6fter?<\/p>\n<p>Spaziergang nach Hause, dort zum Nachtisch Pralinen und Schokolade.<\/p>\n<p>Mehr R\u00fcckblick auf vier Jahre als Sch\u00f6ffin; mit zeitlichem Abstand f\u00fchlen sich die Berichte nicht indiskret an (wobei die Verhandlungen ja \u00f6ffentlich sind, und was im Richterzimmer vorgeht, unterliegt ohnehin dauerhaft der Schweigepflicht). Richterinnen und Richter habe ich immer als hochprofessionell und ernsthaft erlebt, ich bewunderte bald ihre Fertigkeit, wirklich offene Fragen zu stellen. Mich nahmen sie in meiner Sch\u00f6ffenrolle durchgehend sehr ernst. Das \u00e4u\u00dferte sich auch darin, dass mir im Richterzimmer rechtlicher Hintergrund genau erkl\u00e4rt wurde, auch der Gedankengang zum Strafma\u00df (was die Richter*innen ohnehin sp\u00e4ter in der \u00f6ffentlichen Urteilsbegr\u00fcndung machten; hier konnten wir noch nachhaken und fragen). Gerade bei den Beratungen zur Urteils- und Strafma\u00dfbestimmung waren die Schl\u00fcsse, die wir nicht-juristischen Sch\u00f6ff*innen in der Verhandlung gewonnen hatten, ausdr\u00fccklich gefragt, uns wurde zugeh\u00f6rt. Auch im Sitzungssaal sprachen Staatsanwaltschaft und Verteidigung oft explizit die Sch\u00f6ff*innen an mit genaueren Erkl\u00e4rungen (die Verteidigung in meiner Wahrnehmung durchaus auch aus taktischen Gr\u00fcnden, um ihre Perspektive auf anderer Ebene zu erkl\u00e4ren).<\/p>\n<p>Die Organisation am M\u00fcnchner Amtsgericht erlebte ich als sehr sorgf\u00e4ltig; und gerade bei den beiden Malen, die ich als Hilfssch\u00f6ffin spontan und sofort einspringen musste, verlief die Planung kooperativ.<\/p>\n<p>Nein, als Sch\u00f6ffin k\u00f6nnen Sie sich Ihre Termine nicht aussuchen, und sie sind verpflichtend. Ziel ist, die Neutralit\u00e4t und damit Zuf\u00e4lligkeit der Richterzuordnung (und als Sch\u00f6ffin sind Sie Richterin) sicherzustellen. Wenn Sie dran sind (zuf\u00e4llig zugeordnet), braucht es sehr triftige Gr\u00fcnde f\u00fcr eine Absage, und diese m\u00fcssen schriftlich belegt werden (z.B. Krankheit, bereits gebuchter -!- Urlaub, bereits gebuchte oder angetretene Dienstreise).<\/p>\n<p>\u00a7<\/p>\n<p>Dia <i>taz<\/i> spricht zu 10 Jahren #Aufschrei mit Anne Wizorek:<br \/>\n<a href=\"https:\/\/taz.de\/10-Jahre-Aufschrei\/!5907788\/\" rel=\"noopener\" target=\"_blank\">&#8220;&#8216;Eine Form der Unterdr\u00fcckung'&#8221;.<\/a> <img loading=\"lazy\" decoding=\"async\" src=\"https:\/\/vg08.met.vgwort.de\/na\/8bb43ad15d3e4e3b81b6c0a1a1b0bbab\" width=\"1\" height=\"1\" alt=\"\"\/><\/p>\n<ol class=\"footnotes\"><li id=\"footnote_1_83944\" class=\"footnote\">Wir futtern uns nacheinander durch alle Lokale an der S\u00fcdseite der Lindwurmstra\u00dfe von Sendlinger Tor westw\u00e4rts bis Stemmerhof, dann an der Nordseite wieder zur\u00fcck.<span class=\"footnote-back-link-wrapper\"> [<a href=\"#identifier_1_83944\" class=\"footnote-link footnote-back-link\">&#8617;<\/a>]<\/span><\/li><\/ol>","protected":false},"excerpt":{"rendered":"<p>Gestern wieder Morgenkaffee f\u00fcr zwei, Herr Kaltmamsell hatte seinen Elternausflug beendet. Ich lebe wirklich gern mit ihm zusammen, doch zwei Tage lang die Wohnung allein zu bewohnen, legt dann doch nochmal eine Schippe Freiheit und Unbefangenheit drauf, die ich genie\u00dfe. Das Wetter nassd\u00fcster, der Schnee schwand. In der Arbeit erst mal ein paar Stunden kurz [&hellip;]<\/p>\n","protected":false},"author":2,"featured_media":0,"comment_status":"open","ping_status":"closed","sticky":false,"template":"","format":"standard","meta":{"footnotes":""},"categories":[6,1],"tags":[],"class_list":["post-83944","post","type-post","status-publish","format-standard","hentry","category-essen","category-general"],"_links":{"self":[{"href":"https:\/\/www.vorspeisenplatte.de\/speisen\/wp-json\/wp\/v2\/posts\/83944","targetHints":{"allow":["GET"]}}],"collection":[{"href":"https:\/\/www.vorspeisenplatte.de\/speisen\/wp-json\/wp\/v2\/posts"}],"about":[{"href":"https:\/\/www.vorspeisenplatte.de\/speisen\/wp-json\/wp\/v2\/types\/post"}],"author":[{"embeddable":true,"href":"https:\/\/www.vorspeisenplatte.de\/speisen\/wp-json\/wp\/v2\/users\/2"}],"replies":[{"embeddable":true,"href":"https:\/\/www.vorspeisenplatte.de\/speisen\/wp-json\/wp\/v2\/comments?post=83944"}],"version-history":[{"count":3,"href":"https:\/\/www.vorspeisenplatte.de\/speisen\/wp-json\/wp\/v2\/posts\/83944\/revisions"}],"predecessor-version":[{"id":83963,"href":"https:\/\/www.vorspeisenplatte.de\/speisen\/wp-json\/wp\/v2\/posts\/83944\/revisions\/83963"}],"wp:attachment":[{"href":"https:\/\/www.vorspeisenplatte.de\/speisen\/wp-json\/wp\/v2\/media?parent=83944"}],"wp:term":[{"taxonomy":"category","embeddable":true,"href":"https:\/\/www.vorspeisenplatte.de\/speisen\/wp-json\/wp\/v2\/categories?post=83944"},{"taxonomy":"post_tag","embeddable":true,"href":"https:\/\/www.vorspeisenplatte.de\/speisen\/wp-json\/wp\/v2\/tags?post=83944"}],"curies":[{"name":"wp","href":"https:\/\/api.w.org\/{rel}","templated":true}]}}