{"id":84125,"date":"2023-02-02T06:26:41","date_gmt":"2023-02-02T05:26:41","guid":{"rendered":"https:\/\/www.vorspeisenplatte.de\/speisen\/?p=84125"},"modified":"2023-02-02T08:57:35","modified_gmt":"2023-02-02T07:57:35","slug":"journal-mittwoch-1-februar-2023-lebensabzweigungen-selbstoptimierung-lindwurmessen-bei-thang-long","status":"publish","type":"post","link":"https:\/\/www.vorspeisenplatte.de\/speisen\/2023\/02\/journal-mittwoch-1-februar-2023-lebensabzweigungen-selbstoptimierung-lindwurmessen-bei-thang-long.htm","title":{"rendered":"Journal Mittwoch, 1. Februar 2023 &#8211; Lebensabzweigungen, Selbstoptimierung, #Lindwurmessen bei Thang Long"},"content":{"rendered":"<p>Kurz vor Weckerklingeln aufgewacht, bl\u00f6derweise aber von einem Angst-Schub.<\/p>\n<p>Januar rum. Diesmal war mir von Anfang an bewusst, dass das der l\u00e4ngste Monat des Jahres ist, und ich litt nicht darunter. Aber die R\u00fcckkehr aus der Schweiz am 2. Januar f\u00fchlte sich gestern an, als h\u00e4tte sie in einer anderen Jahreszeit stattgefunden.<\/p>\n<p>Heftiger Wind. Schon auf dem Weg in die Arbeit fegte er bei\u00dfend \u00fcber die Theresienwiese, doch als ich vormittags beruflich auf die Stra\u00dfe musste, machte ich ungewollt erst mal einen ordentlichen Schritt zur Seite.<\/p>\n<p>Mittagessen: Eine Portion Avocado-Gurken-Eiersalat vom Vorabend, ein Laugenz\u00f6pferl.<\/p>\n<p>Nachmittags zackige Arbeit unter Einsatz von einiger menschlicher Energie, bereits weit vor Arbeitsende f\u00fchlte ich mich durch und durch erledigt und knochenweh. (Was meine Mutter in meiner Kindheit und Jugend mit &#8220;Wachstumsschmerzen&#8221; erkl\u00e4rte. Wenn man wie ich 55 ist, handelt es sich folglich um Schrumpfungsschmerzen?)<\/p>\n<p>Nach Feierabend ging ich direkt nach Hause, turnte dort erstmal eine kurze Runde Yoga (eher meh). Dann zog ich mit Herrn Kaltmamsell zur n\u00e4chsten Folge #Lindwurmessen:<sup><a href=\"#footnote_1_84125\" id=\"identifier_1_84125\" class=\"footnote-link footnote-identifier-link\" title=\"Wir futtern uns nacheinander durch alle Lokale an der S&uuml;dseite der Lindwurmstra&szlig;e von Sendlinger Tor westw&auml;rts bis Stemmerhof, dann an der Nordseite wieder zur&uuml;ck.\">1<\/a><\/sup> Der dritte von drei Schnellimbissen an der Kreuzung Poccistra\u00dfe war dran.<\/p>\n<p><a href=\"https:\/\/www.vorspeisenplatte.de\/speisen\/archiv\/230201_01_ThangLong.jpg\"><img loading=\"lazy\" decoding=\"async\" src=\"https:\/\/www.vorspeisenplatte.de\/speisen\/archiv\/230201_01_ThangLong.jpg\" alt=\"\" width=\"487\" height=\"386\" class=\"alignnone size-full wp-image-84154\" \/><\/a><\/p>\n<p>Das Thang Long ist ein Asialaden mit einem K\u00fcchen-Kabuff (links) und ein paar Tischen, jeder freie Quadratzentimeter Wand und Fenster wird als bebilderte Speisekarte genutzt. Schon bei den letzten beiden Malen Vorbeispazieren hatten wir G\u00e4ste darin gesehen, gestern a\u00df an einem gro\u00dfen Tisch eine fr\u00f6hliche Gruppe junger Leute.<\/p>\n<p><a href=\"https:\/\/www.vorspeisenplatte.de\/speisen\/archiv\/230201_05_ThangLong.jpg\"><img loading=\"lazy\" decoding=\"async\" src=\"https:\/\/www.vorspeisenplatte.de\/speisen\/archiv\/230201_05_ThangLong.jpg\" alt=\"\" width=\"363\" height=\"484\" class=\"alignnone size-full wp-image-84155\" \/><\/a><\/p>\n<p>Nach ein paar Gyoza mit Kimchi-F\u00fcllung (ok) gab es ein Banh Mi mit Satefleisch und Erdnusssauce f\u00fcr Herrn Kaltmamsell, anst\u00e4ndiges Pho Hanoi f\u00fcr mich. Unter Neonlicht, zwischen Regalen und Kasse. In einer Welt, in der Lokale damit werben \u201einstagramable\u201c zu sein, hatte uns das #Lindwurmessen zum exakten Gegenteil gef\u00fchrt. Die Getr\u00e4nke nahmen wir uns aus dem K\u00fchlschrank: ein Aloe-vera- und ein Roasted-Coconut-Drink (letzterer wirklich abgefahren). Insgesamt ein originelles Lokal, inklusive Personal fast schon Filmkulisse (die Durchreiche zur K\u00fcche besteht aus einem sehr tiefen Brett; da das abgestellte schmutzige Geschirr der G\u00e4ste meist f\u00fcr die K\u00f6chin von innen unerreichbar ist, angelt sie mit einem zurechtgebogenen Draht danach).<\/p>\n<p>Zu Hause die gewohnten S\u00fc\u00dfigkeiten zum Nachtisch.<\/p>\n<p>\u00a7<\/p>\n<p><a href=\"https:\/\/hmbl.blog\/sie-fragen-ich-antworte\/\" rel=\"noopener\" target=\"_blank\">Jawls beantwortet in seinem Blog Leser*innenfragen. Diesmal:<\/a><\/p>\n<blockquote><p>Nehmen wir mal an, es g\u00e4be Paralleluniversen und in einem anderen w\u00e4rest Du an irgendeiner Stelle anders abgebogen. Wie w\u00e4re Dein Leben dort realistischerweise verlaufen? (keine Idealwunschvorstellungsbeschreibung)<\/p><\/blockquote>\n<p>Das ist eine spannende Frage.<\/p>\n<p>Mir fallen zwei Momente ein, an denen eine andere Entscheidung m\u00f6glich gewesen w\u00e4re (alle anderen Lebensentscheidung waren im Entscheidungsmoment alternativlos, z.B. Abbruch Promotion 1999, Aufgeben von Karriere 2012), die mein Leben in ein Paralleluniversum gef\u00fchrt h\u00e4tten. (Und die mich aussehen lassen wie jemand, aus der eigentlich etwas h\u00e4tte werden k\u00f6nnen. Ich habe da die Omma in <i>Billy Elliot<\/i> vor Augen: <a href=\"https:\/\/getyarn.io\/yarn-clip\/f16e3a7f-2ddd-4696-87dc-ac6d6ef1ba29\" rel=\"noopener\" target=\"_blank\">&#8220;I could have been a professional dancer!&#8221;<\/a>)<\/p>\n<p>1. Wie ich kein Radio-Star wurde<br \/>\nAm Ende des Rundfunk-Teils beim Ingolst\u00e4dter Privatsender Radio IN meines Zeitungs- und Rundfunk-Volontariats, ich war 20, machte mir der Chef von Radio IN das Angebot, mein Volontariat abzuk\u00fcrzen und gleich als Angestellte bei diesem Radiosender einzusteigen, er halte mich f\u00fcr eine gro\u00dfe Radio-Begabung. Ich lehnte ab.<br \/>\n(Viele Gr\u00fcnde, in diesem konkreten Moment vor allem der Umstand, dass der Mann bis zu diesem Angebot nur auf mir herumgehackt hatte, nie auch nur ein Detail gelobt, mir das Arbeiten dort so unangenehm gemacht hatte, dass ich die Tage bis zum Wechsel zur\u00fcck in die Zeitungsredaktion runterz\u00e4hlte. Au\u00dferdem wollte ich nach dem Volontariat ja noch studieren.)<br \/>\nMehrere Kolleg*innen aus dem Sender landeten sp\u00e4ter beim Bayrischen Rundfunk &#8211; woraus ich zwingend schlie\u00dfe, dass ich bei gegenteiliger Entscheidung im Radio ganz! gro\u00df! rausgekommen w\u00e4re.<\/p>\n<p>2. Wie ich keine Professorin wurde<br \/>\nAm Ende meines Magister-Grundstudiums an der Uni Augsburg bot mir ein Gastprofessor von der Emory University, Atlanta, an, mit ihm nach Atlanta zu gehen und bei ihm zu promovieren; die Zwischenpr\u00fcfung gehe dort als Graduation durch. Ich hatte in zwei seiner Proseminare Hausarbeiten verfasst, die sich seiner Meinung nach zu Dissertationen erweitern lie\u00dfen. Ich sagte ab, weil ich a) von dem Angebot komplett \u00fcberfordert war, b) gerade ein Stipendium des Lehrstuhls f\u00fcr Englische Literaturwissenschaft f\u00fcr ein Auslandsstudienjahr im walisischen Swansea bekommen hatte.<br \/>\nSonst lebte ich jetzt in den USA &#8211; mehr Paralleluniversum kann ich mir nicht vorstellen.<br \/>\n(M\u00f6glicherweise w\u00e4re ich bei gegenteiliger Entscheidung <a href=\"https:\/\/www.insidehighered.com\/views\/2010\/05\/19\/amazing-disgrace\" rel=\"noopener\" target=\"_blank\">durch diesen Professor<\/a> allerdings nicht ganz gro\u00df rausgekommen.) <\/p>\n<p>\u00a7<\/p>\n<p>@dasnuf hat Kluges zu der Meldung gebloggt, dass auch Marie (Aufr\u00e4umk\u00f6nigin) Kondo mit drei Kindern das Thema Aufr\u00e4umen anders sieht:<br \/>\n<a href=\"https:\/\/dasnuf.de\/does-it-spark-toy-kids-yes1\/\" rel=\"noopener\" target=\"_blank\">&#8220;Does it spark toy? Kids: Yes&#8221;<\/a><\/p>\n<p>Den zentralen Satz daraus hat sie auf meinen Wunsch als wiederverwendbares <i>inspirational quote<\/i> ausgekoppelt (danke!).<\/p>\n<p><a href=\"https:\/\/www.vorspeisenplatte.de\/speisen\/archiv\/230201_Selbstoptimierung.jpeg\"><img loading=\"lazy\" decoding=\"async\" src=\"https:\/\/www.vorspeisenplatte.de\/speisen\/archiv\/230201_Selbstoptimierung.jpeg\" alt=\"\" width=\"591\" height=\"389\" class=\"alignnone size-full wp-image-84136\" \/><\/a> <img loading=\"lazy\" decoding=\"async\" src=\"https:\/\/vg08.met.vgwort.de\/na\/efaa547bed4741e589c3e475fccefcf9\" width=\"1\" height=\"1\" alt=\"\"\/><\/p>\n<ol class=\"footnotes\"><li id=\"footnote_1_84125\" class=\"footnote\">Wir futtern uns nacheinander durch alle Lokale an der S\u00fcdseite der Lindwurmstra\u00dfe von Sendlinger Tor westw\u00e4rts bis Stemmerhof, dann an der Nordseite wieder zur\u00fcck.<span class=\"footnote-back-link-wrapper\"> [<a href=\"#identifier_1_84125\" class=\"footnote-link footnote-back-link\">&#8617;<\/a>]<\/span><\/li><\/ol>","protected":false},"excerpt":{"rendered":"<p>Kurz vor Weckerklingeln aufgewacht, bl\u00f6derweise aber von einem Angst-Schub. Januar rum. Diesmal war mir von Anfang an bewusst, dass das der l\u00e4ngste Monat des Jahres ist, und ich litt nicht darunter. Aber die R\u00fcckkehr aus der Schweiz am 2. Januar f\u00fchlte sich gestern an, als h\u00e4tte sie in einer anderen Jahreszeit stattgefunden. Heftiger Wind. Schon [&hellip;]<\/p>\n","protected":false},"author":2,"featured_media":0,"comment_status":"open","ping_status":"closed","sticky":false,"template":"","format":"standard","meta":{"footnotes":""},"categories":[6,2,1],"tags":[],"class_list":["post-84125","post","type-post","status-publish","format-standard","hentry","category-essen","category-fotos","category-general"],"_links":{"self":[{"href":"https:\/\/www.vorspeisenplatte.de\/speisen\/wp-json\/wp\/v2\/posts\/84125","targetHints":{"allow":["GET"]}}],"collection":[{"href":"https:\/\/www.vorspeisenplatte.de\/speisen\/wp-json\/wp\/v2\/posts"}],"about":[{"href":"https:\/\/www.vorspeisenplatte.de\/speisen\/wp-json\/wp\/v2\/types\/post"}],"author":[{"embeddable":true,"href":"https:\/\/www.vorspeisenplatte.de\/speisen\/wp-json\/wp\/v2\/users\/2"}],"replies":[{"embeddable":true,"href":"https:\/\/www.vorspeisenplatte.de\/speisen\/wp-json\/wp\/v2\/comments?post=84125"}],"version-history":[{"count":4,"href":"https:\/\/www.vorspeisenplatte.de\/speisen\/wp-json\/wp\/v2\/posts\/84125\/revisions"}],"predecessor-version":[{"id":84169,"href":"https:\/\/www.vorspeisenplatte.de\/speisen\/wp-json\/wp\/v2\/posts\/84125\/revisions\/84169"}],"wp:attachment":[{"href":"https:\/\/www.vorspeisenplatte.de\/speisen\/wp-json\/wp\/v2\/media?parent=84125"}],"wp:term":[{"taxonomy":"category","embeddable":true,"href":"https:\/\/www.vorspeisenplatte.de\/speisen\/wp-json\/wp\/v2\/categories?post=84125"},{"taxonomy":"post_tag","embeddable":true,"href":"https:\/\/www.vorspeisenplatte.de\/speisen\/wp-json\/wp\/v2\/tags?post=84125"}],"curies":[{"name":"wp","href":"https:\/\/api.w.org\/{rel}","templated":true}]}}