{"id":84230,"date":"2023-02-06T06:21:28","date_gmt":"2023-02-06T05:21:28","guid":{"rendered":"https:\/\/www.vorspeisenplatte.de\/speisen\/?p=84230"},"modified":"2023-02-06T10:40:53","modified_gmt":"2023-02-06T09:40:53","slug":"journal-sonntag-5-februar-2023-wmdedgt","status":"publish","type":"post","link":"https:\/\/www.vorspeisenplatte.de\/speisen\/2023\/02\/journal-sonntag-5-februar-2023-wmdedgt.htm","title":{"rendered":"Journal Sonntag, 5. Februar 2023 &#8211; #wmdedgt"},"content":{"rendered":"<p>An jedem 5. eines Monats fragt Frau Br\u00fcllen: &#8220;Was machst du eigentlich den ganzen Tag?&#8221; und sammelt die Antworten unter dem knackigen Hashtag #wmdedgt &#8211; <a href=\"https:\/\/bruellen.blogspot.com\/2023\/02\/050223-wmdedgt-0223.html\" rel=\"noopener\" target=\"_blank\">f\u00fcr Februar 2023 hier<\/a>.<\/p>\n<p>Guter Nachtschlaf. Er h\u00e4tte l\u00e4nger sein d\u00fcrfen nach diesem weiteren Party-Abend, doch nachdem mich die 7-Uhr-Glocken von St. Matth\u00e4us geweckt hatten, schlief ich nicht mehr richtig ein. (Sie l\u00e4uten nur zur vollen Stunde die Anzahl der Stunden, und das nur zwischen 7 und 22 Uhr.) Ich hatte wenig Alkohol getrunken, katerfreies Aufwachen.<\/p>\n<p><a href=\"https:\/\/www.vorspeisenplatte.de\/speisen\/archiv\/230205_01_StMatthaeus.jpg\"><img loading=\"lazy\" decoding=\"async\" src=\"https:\/\/www.vorspeisenplatte.de\/speisen\/archiv\/230205_01_StMatthaeus.jpg\" alt=\"\" width=\"393\" height=\"524\" class=\"alignnone size-full wp-image-84239\" \/><\/a><\/p>\n<p>Mein Sonntagswecker.<\/p>\n<p>Erst mal zog ich mein Bett ab, diesmal inklusive Matratzenschutz, weil auch dieser m\u00fcffelte (die Verbindung von Abneigung gegen Schlafkleidung und \u00fcberdurchschnittlicher Neigung zu Schwitzen im Schlaf ist unpraktisch), ab in die Waschmaschine. Ich schaltete die Platte unter der wie immer vorabends gef\u00fcllten Cafetera an und machte Milchkaffee f\u00fcr Herrn Kaltmamsell und mich, ich brauche gerade das letzte Kilo Emilo-Espressobohnen auf.<\/p>\n<p>Bloggen \u00fcber Milchkaffee, einem Glas Wasser, einer gro\u00dfen Tasse Roibusch-Tee. Nach dem W\u00e4scheaufh\u00e4ngen las ich noch ein wenig Twitter und Mastodon, k\u00fcrzte, feilte und lackierte (Nagelh\u00e4rter, derzeit erfolgreich) meine Fingern\u00e4gel.<\/p>\n<p>Kurz nach elf war ich fertig f\u00fcr einen Isarlauf. Es war kalt, aber nicht frostig, der Himmel lie\u00df immer wieder ein paar fahle Sonnenstrahlen durch. Ich nahm die Strecke l\u00e4ngs durch den Alten S\u00fcdfriedhof, Kapuzinerstra\u00dfe zur Wittelsbacherbr\u00fccke, auf dem \u00f6stlichen Isardamm nach Thalkirchen, auf dieser Seite bis ein St\u00fcck hinter die Br\u00fccke Maria Einsiedel. R\u00fcckweg \u00fcber Flauchersteg und Westseite der Isar. Alle Wege waren ziemlich voller Spaziervolk, ich nahm soweit es ging abgelegene Routen.<\/p>\n<p><a href=\"https:\/\/www.vorspeisenplatte.de\/speisen\/archiv\/230205_02_AlterSuedfriedhof.jpg\"><img loading=\"lazy\" decoding=\"async\" src=\"https:\/\/www.vorspeisenplatte.de\/speisen\/archiv\/230205_02_AlterSuedfriedhof.jpg\" alt=\"\" width=\"328\" height=\"632\" class=\"alignnone size-full wp-image-84240\" srcset=\"https:\/\/www.vorspeisenplatte.de\/speisen\/archiv\/230205_02_AlterSuedfriedhof.jpg 328w, https:\/\/www.vorspeisenplatte.de\/speisen\/archiv\/230205_02_AlterSuedfriedhof-311x600.jpg 311w\" sizes=\"auto, (max-width: 328px) 100vw, 328px\" \/><\/a><\/p>\n<p><a href=\"https:\/\/www.vorspeisenplatte.de\/speisen\/archiv\/230205_04_Marienklausenbr.jpg\"><img loading=\"lazy\" decoding=\"async\" src=\"https:\/\/www.vorspeisenplatte.de\/speisen\/archiv\/230205_04_Marienklausenbr.jpg\" alt=\"\" width=\"481\" height=\"407\" class=\"alignnone size-full wp-image-84241\" \/><\/a><\/p>\n<p>S\u00fcdlich der Marienklausenbr\u00fccke.<\/p>\n<p>Diesmal dauerte es deutlich \u00fcber eine halbe Stunde, bis ich in einen entspannten Laufrhythmus und damit genussvolle Bewegung kam, daf\u00fcr hielt der K\u00f6rper die fast 100 Minuten bis zum Ende schmerzfrei durch. An diesem Ende stand ein Einkehrschwung in den B\u00e4cker Wimmer an der Westerm\u00fchlstra\u00dfe: Herr Kaltmamsell hatte Krapfen bestellt, diesen Fasching im Sabbatical w\u00fcrde er ja keine im Lehrerzimmer bekommen. Ich sichtete das Angebot und w\u00e4hlte vier verschiedene aus, die ich mir jeweils mit Herrn Kaltmamsell teilen w\u00fcrde.<\/p>\n<p>Daheim hei\u00dfe Dusche, danach hatte ich erst mal Lust auf guten deutschen Filterkaffee und lie\u00df mir von Herrn Kaltmamsell einen aufbr\u00fchen (klare Aufgabenregelung in dieser Ehe: Cafetera ich, Kaffeefilter er) &#8211; den ich sehr genoss.<\/p>\n<p>Fr\u00fchst\u00fcck waren um zwei erst Mal restliche Rote Bete mit Erdnusssauce, dann vier halbe Krapfen: ein klassischer G&#8217;staubter (Aprikosenmarmelade), einer mit Hagebuttenmarmelade, ein Vanillekrapfen (hmja, ob ich je nochmal meinen Liebling aus der Augsburger B\u00e4ckerei Wolf bekomme?), ein neumodischer, doppelt so langer <a href=\"https:\/\/www.baeckerei-wimmer.de\/entdecken-sie-unsere-weihnachtsueberraschungen\/\" rel=\"noopener\" target=\"_blank\">&#8220;Gourmetkrapfen&#8221; der Sorte Germkn\u00f6del<\/a> (ok). Das Wetter versuchte nochmal ein paar Schneeflocken.<\/p>\n<p>Wochenend-<i>S\u00fcddeutsche<\/i> aufgelesen, dann folgten T\u00fcchtigkeiten: B\u00fcgeln, Bettbeziehen, Flugbuchung f\u00fcr den Gro\u00dffamilienurlaub &#8211; die bequemste An- und Abreise ist f\u00fcr meine Eltern per Flugzeug, ich begleite sie dabei f\u00fcr meinen eigenen Seelenfrieden (Live-Buchung mit Mutter am Telefonh\u00f6rer). Die Bruderfamilie reist zu f\u00fcnft im Familienauto, Herr Kaltmamsell reist selbstst\u00e4ndig per Bahn und vermutlich mit ein paar Tagen Aufenthalt davor woanders. Dann den nicht montierbaren Sofafu\u00df nochmal fotografiert (ich hatte den Materialfehler beim H\u00e4ndler gemeldet, der hatte umgehend Nachforschungen beim Hersteller angek\u00fcndigt, nach ein paar Tagen kamen Detail-R\u00fcckfragen), Lindy Hop ge\u00fcbt (neue Figur Circle, falls Ihnen das was sagt).<\/p>\n<p>Als Yoga-Folge war mir gestern die Entspannungsrunde genau recht, sie war angenehm.<\/p>\n<p>Zum Nachtmahl servierte (der leider noch kr\u00e4nklichere) Herr Kaltmamsell Reste vom Freitagabend: Chicken Tikka mit frischem Reis, Tahini-Tarte. Dann noch ein wenig Schokolade.<\/p>\n<p>Die Wohnung Putzmann-fertig zu machen, ging gestern schnell, da sie noch von der Freitageinladung \u00fcberdurchschnittlich aufger\u00e4umt war. <img loading=\"lazy\" decoding=\"async\" src=\"https:\/\/vg08.met.vgwort.de\/na\/54a22b4353b94366b5e6fcbf6737664f\" width=\"1\" height=\"1\" alt=\"\"\/><\/p>\n","protected":false},"excerpt":{"rendered":"<p>An jedem 5. eines Monats fragt Frau Br\u00fcllen: &#8220;Was machst du eigentlich den ganzen Tag?&#8221; und sammelt die Antworten unter dem knackigen Hashtag #wmdedgt &#8211; f\u00fcr Februar 2023 hier. Guter Nachtschlaf. Er h\u00e4tte l\u00e4nger sein d\u00fcrfen nach diesem weiteren Party-Abend, doch nachdem mich die 7-Uhr-Glocken von St. Matth\u00e4us geweckt hatten, schlief ich nicht mehr richtig [&hellip;]<\/p>\n","protected":false},"author":2,"featured_media":0,"comment_status":"open","ping_status":"closed","sticky":false,"template":"","format":"standard","meta":{"footnotes":""},"categories":[2,1],"tags":[],"class_list":["post-84230","post","type-post","status-publish","format-standard","hentry","category-fotos","category-general"],"_links":{"self":[{"href":"https:\/\/www.vorspeisenplatte.de\/speisen\/wp-json\/wp\/v2\/posts\/84230","targetHints":{"allow":["GET"]}}],"collection":[{"href":"https:\/\/www.vorspeisenplatte.de\/speisen\/wp-json\/wp\/v2\/posts"}],"about":[{"href":"https:\/\/www.vorspeisenplatte.de\/speisen\/wp-json\/wp\/v2\/types\/post"}],"author":[{"embeddable":true,"href":"https:\/\/www.vorspeisenplatte.de\/speisen\/wp-json\/wp\/v2\/users\/2"}],"replies":[{"embeddable":true,"href":"https:\/\/www.vorspeisenplatte.de\/speisen\/wp-json\/wp\/v2\/comments?post=84230"}],"version-history":[{"count":3,"href":"https:\/\/www.vorspeisenplatte.de\/speisen\/wp-json\/wp\/v2\/posts\/84230\/revisions"}],"predecessor-version":[{"id":84260,"href":"https:\/\/www.vorspeisenplatte.de\/speisen\/wp-json\/wp\/v2\/posts\/84230\/revisions\/84260"}],"wp:attachment":[{"href":"https:\/\/www.vorspeisenplatte.de\/speisen\/wp-json\/wp\/v2\/media?parent=84230"}],"wp:term":[{"taxonomy":"category","embeddable":true,"href":"https:\/\/www.vorspeisenplatte.de\/speisen\/wp-json\/wp\/v2\/categories?post=84230"},{"taxonomy":"post_tag","embeddable":true,"href":"https:\/\/www.vorspeisenplatte.de\/speisen\/wp-json\/wp\/v2\/tags?post=84230"}],"curies":[{"name":"wp","href":"https:\/\/api.w.org\/{rel}","templated":true}]}}