{"id":84381,"date":"2023-02-11T08:58:01","date_gmt":"2023-02-11T07:58:01","guid":{"rendered":"https:\/\/www.vorspeisenplatte.de\/speisen\/?p=84381"},"modified":"2023-02-24T12:29:36","modified_gmt":"2023-02-24T11:29:36","slug":"journal-freitag-10-februar-2023-feines-lindwurmessen-im-ederer","status":"publish","type":"post","link":"https:\/\/www.vorspeisenplatte.de\/speisen\/2023\/02\/journal-freitag-10-februar-2023-feines-lindwurmessen-im-ederer.htm","title":{"rendered":"Journal Freitag, 10. Februar 2023 &#8211; Feines #Lindwurmessen im Ederer"},"content":{"rendered":"<p>Unruhige Nacht, ich schob sie auf die aufziehende Erk\u00e4ltung. Die ich innig bat, ihren Komplettausbruch noch 24 Stunden zu verschieben, weil ich abends mit Herrn Kaltmamsell zu feinem Essen verabredet war.<\/p>\n<p>Marsch ins B\u00fcro unter weiterhin wolkenlosem Morgenhimmel, auf der Theresienh\u00f6he klopfte wieder der Buntspecht auf den Stra\u00dfenlaternenschirm.<\/p>\n<p>Arbeitsvormittag mit l\u00e4stigem Kr\u00e4nkeln, da half alles hei\u00dfe Ingwerwasser nicht. Doch ich genoss die W\u00e4rme, die der Sonnenschein in mein B\u00fcro brachte.<\/p>\n<p>Mittags ging ich kurz raus in die Sonne, ein Abstecher zum Briefkasten musste als Anlass reichen. Mittagessen: \u00c4pfelchen, H\u00fcttenk\u00e4se, reichlich Blutorangen.<\/p>\n<p>P\u00fcnktlicher Feierabend, es war noch hellichter Tag.<\/p>\n<p>Zu Hause war noch Zeit f\u00fcr Yoga und Blumengie\u00dfen, dann zog ich mich um f\u00fcr meine Abendverabredung zum #Lindwurmessen.<sup><a href=\"#footnote_1_84381\" id=\"identifier_1_84381\" class=\"footnote-link footnote-identifier-link\" title=\"Wir futtern uns nacheinander durch alle Lokale an der S&uuml;dseite der Lindwurmstra&szlig;e von Sendlinger Tor westw&auml;rts bis Stemmerhof, dann an der Nordseite wieder zur&uuml;ck.\">1<\/a><\/sup><\/p>\n<p><a href=\"https:\/\/www.vorspeisenplatte.de\/speisen\/archiv\/230210_06_Kleidung.jpg\"><img loading=\"lazy\" decoding=\"async\" src=\"https:\/\/www.vorspeisenplatte.de\/speisen\/archiv\/230210_06_Kleidung.jpg\" alt=\"\" width=\"215\" height=\"442\" class=\"alignnone size-full wp-image-84396\" \/><\/a><\/p>\n<p>Ich f\u00fchrte eine neue Seidenbluse aus &#8211; deren Kauf nat\u00fcrlich v\u00f6llig unn\u00f6tig war, die ich aber so lange in einem offenen Tab immer wieder sehns\u00fcchtig ansah, dass mir die Freude \u00fcber den Erwerb wichtig genug wurde. Auf dem Foto versuchte ich auch meine liebste Handtasche sichtbar zu machen: Ich besitze nur drei Handtaschen, weil ich nur etwa f\u00fcnfmal im Jahr f\u00fcr eine Verwendung habe, aber diese mag ich sehr &#8211; diese bestickten Handtaschen waren nie wirklich modisch, ich kenne sie aus meiner Kindheit an alten Frauen, habe diese vor Jahrzehnten bei Ebay ersteigert (sie kam mit besticktem Handspiegel und mit Lippenstiftetui), das ist meine armselige Variante von Punk (siehe ganz unten).<\/p>\n<p>Die Lindwurmstra\u00dfe ist wirklich ideal f\u00fcr unser Projekt: Sie bietet an Gastronomie alles zwischen Schnellimbiss \u00fcber Wirtshaus bis eben zu einem feinen Restaurant. Gestern hatte ich <a href=\"https:\/\/restaurant-ederer.de\/\" rel=\"noopener\" target=\"_blank\">im Ederer<\/a> reserviert, wegen feinem Essen an einem Freitagabend, der Zeit und Lust f\u00fcr viele G\u00e4nge und Alkohol bot &#8211; die mich dort sehr interessierten: Von dem Lokal wusste ich schon lange (Schwerpunkt auf lokalen und saisonalen Zutaten, weniger auf Originalit\u00e4t und Pr\u00e4sentation), es hatte sich irgendwie nie eine Gelegenheit f\u00fcr einen Besuch geboten.<\/p>\n<p><a href=\"https:\/\/www.vorspeisenplatte.de\/speisen\/archiv\/230210_07_Ederer.jpg\"><img loading=\"lazy\" decoding=\"async\" src=\"https:\/\/www.vorspeisenplatte.de\/speisen\/archiv\/230210_07_Ederer.jpg\" alt=\"\" width=\"512\" height=\"405\" class=\"alignnone size-full wp-image-84397\" \/><\/a><\/p>\n<p>Wir verbrachten einen sehr sch\u00f6nen Abend. Das Lokal hat einen besonderen Charme allein schon durch die Besetzung mit genau zwei Menschen: In der K\u00fcche Karl Ederer, der immer wieder in den Gastraum kam und mit (offensichtlich vertrauten) G\u00e4sten sprach, im Service eine herzliche Dame, die auf Anstippen bereitwillig Interessantes zu Zutaten und Weinen erz\u00e4hlte (hier werden auch mal Gemsen und Steinb\u00f6cke verarbeitet!).<\/p>\n<p>Als Aperitif tranken wir frisch gepressten Granatapfelsaft mit Cremant, als w\u00e4rmenden Gru\u00df aus der K\u00fcche gab es ein T\u00e4sschen Ingwer-Karotten-S\u00fcppchen.<\/p>\n<p><a href=\"https:\/\/www.vorspeisenplatte.de\/speisen\/archiv\/230210_12_Ederer.jpg\"><img loading=\"lazy\" decoding=\"async\" src=\"https:\/\/www.vorspeisenplatte.de\/speisen\/archiv\/230210_12_Ederer.jpg\" alt=\"\" width=\"332\" height=\"409\" class=\"alignnone size-full wp-image-84398\" \/><\/a><\/p>\n<p>Meine erste Vorspeise war von der Tageskarte Card\u00e9 (wilde Artischocke) mit Rindermark \u00fcberbacken &#8211; sehr gut.<\/p>\n<p><a href=\"https:\/\/www.vorspeisenplatte.de\/speisen\/archiv\/230210_13_Ederer.jpg\"><img loading=\"lazy\" decoding=\"async\" src=\"https:\/\/www.vorspeisenplatte.de\/speisen\/archiv\/230210_13_Ederer.jpg\" alt=\"\" width=\"301\" height=\"371\" class=\"alignnone size-full wp-image-84399\" \/><\/a><\/p>\n<p>Herr Kaltmamsell hatte Ofen-gegarten Knollensellerie mit rauchiger Hollandaise.<\/p>\n<p><a href=\"https:\/\/www.vorspeisenplatte.de\/speisen\/archiv\/230210_14_Ederer.jpg\"><img loading=\"lazy\" decoding=\"async\" src=\"https:\/\/www.vorspeisenplatte.de\/speisen\/archiv\/230210_14_Ederer.jpg\" alt=\"\" width=\"302\" height=\"403\" class=\"alignnone size-full wp-image-84400\" \/><\/a><\/p>\n<p>Als zweite Vorspeise hatten wir beide die Kuttelsuppe mit Linsen (wenn einem schon mal Kutteln angeboten werden!), eine nachkochenswerte Kombi.<\/p>\n<p><a href=\"https:\/\/www.vorspeisenplatte.de\/speisen\/archiv\/230210_17_Ederer.jpg\"><img loading=\"lazy\" decoding=\"async\" src=\"https:\/\/www.vorspeisenplatte.de\/speisen\/archiv\/230210_17_Ederer.jpg\" alt=\"\" width=\"420\" height=\"333\" class=\"alignnone size-full wp-image-84401\" \/><\/a><\/p>\n<p>Mein Hauptgang: Fasanenbrust mit Farce im Kohlblatt gebraten &#8211; zum ersten Mal bekam ich au\u00dferhalb von England Fasan. Die Bedienung verwies darauf, dass es sich um einen Wildfasan aus Jagd handle, vorsichtes Kauen empfohlen (das kenne ich ja von erjagten Hasen &#8211; die Schrotkugeln). Er schmeckte hervorragend, und die Schrotkugeln waren nat\u00fcrlich gr\u00fcndlich entfernt worden. Gegen\u00fcber hatte Herr Kaltmamsell rosa gebratenen Lammr\u00fccken.<\/p>\n<p>Als Wein hatte man uns nach meiner Beschreibung von derzeitigen Vorlieben (wei\u00df, kr\u00e4ftig, eher mineralisch, bitte keine Blumen und Fr\u00fcchte) einen <a href=\"https:\/\/weingut-ziereisen.de\/?page_id=565\" rel=\"noopener\" target=\"_blank\">Grauburgunder aus Baden von Ziereisen<\/a> empfohlen &#8211; ein Knaller, der zu jedem Gang weitere Noten entwickelte, wir waren begeistert.<\/p>\n<p><a href=\"https:\/\/www.vorspeisenplatte.de\/speisen\/archiv\/230210_18_Ederer.jpg\"><img loading=\"lazy\" decoding=\"async\" src=\"https:\/\/www.vorspeisenplatte.de\/speisen\/archiv\/230210_18_Ederer.jpg\" alt=\"\" width=\"333\" height=\"444\" class=\"alignnone size-full wp-image-84402\" \/><\/a><\/p>\n<p>Als Dessert hatten wir wieder beide das Gleiche: Stilton mit Graham-Port getr\u00e4nkt und einer warmen Tarte von s\u00fc\u00dfen Zwiebeln. Ich lie\u00df mir dazu noch einen wunderbar leichten S\u00fc\u00dfwein von der Nahe einschenken.<\/p>\n<p>Wir hatten sehr gem\u00fctlich in dem sich langsam f\u00fcllenden und f\u00fcr eine Johannes-Leism\u00fcller-Ausstellung genutzten Gastraum gespeist und uns unterhalten, erst kurz vor elf spazierten wir durch die n\u00e4chtlich bei\u00dfende K\u00e4lte nach Hause.<\/p>\n<p>\u00a7<\/p>\n<p>Johnny H\u00e4usler hat das Schreiben und Versenden seines Spreeblick-Newsletters wiederaufgenommen, das freut mich sehr. <a href=\"https:\/\/spreeblick.substack.com\/p\/ausgabe-44\" rel=\"noopener\" target=\"_blank\">Die Lekt\u00fcre der #44 fand ich besonders sch\u00f6n<\/a>: Johnny erz\u00e4hlt, warum er Johnny hei\u00dft, und er erz\u00e4hlt von seinem ersten musikalischen Auftritt 1979 in seiner Heimat Berlin &#8211; \u00e4hnelt zum Verwechseln meinem Durchbruch-Versuch als Grundsch\u00fclerin mit Blockfl\u00f6te beim Jahreskonzert der St\u00e4dtischen Sing- und Musikschule Ingolstadt 1973 oder 1974.<\/p>\n<blockquote><p>Wir waren nicht verpr\u00fcgelt worden, verbuchten unser Deb\u00fct also als Erfolg.<\/p><\/blockquote>\n<p>Exakt. Genau so. <img loading=\"lazy\" decoding=\"async\" src=\"https:\/\/vg08.met.vgwort.de\/na\/cc905a4fd54a4f7cbbfa9ae5c8632b3d\" width=\"1\" height=\"1\" alt=\"\"\/><\/p>\n<ol class=\"footnotes\"><li id=\"footnote_1_84381\" class=\"footnote\">Wir futtern uns nacheinander durch alle Lokale an der S\u00fcdseite der Lindwurmstra\u00dfe von Sendlinger Tor westw\u00e4rts bis Stemmerhof, dann an der Nordseite wieder zur\u00fcck.<span class=\"footnote-back-link-wrapper\"> [<a href=\"#identifier_1_84381\" class=\"footnote-link footnote-back-link\">&#8617;<\/a>]<\/span><\/li><\/ol>","protected":false},"excerpt":{"rendered":"<p>Unruhige Nacht, ich schob sie auf die aufziehende Erk\u00e4ltung. Die ich innig bat, ihren Komplettausbruch noch 24 Stunden zu verschieben, weil ich abends mit Herrn Kaltmamsell zu feinem Essen verabredet war. Marsch ins B\u00fcro unter weiterhin wolkenlosem Morgenhimmel, auf der Theresienh\u00f6he klopfte wieder der Buntspecht auf den Stra\u00dfenlaternenschirm. Arbeitsvormittag mit l\u00e4stigem Kr\u00e4nkeln, da half alles [&hellip;]<\/p>\n","protected":false},"author":2,"featured_media":0,"comment_status":"open","ping_status":"closed","sticky":false,"template":"","format":"standard","meta":{"footnotes":""},"categories":[6,2,1],"tags":[],"class_list":["post-84381","post","type-post","status-publish","format-standard","hentry","category-essen","category-fotos","category-general"],"_links":{"self":[{"href":"https:\/\/www.vorspeisenplatte.de\/speisen\/wp-json\/wp\/v2\/posts\/84381","targetHints":{"allow":["GET"]}}],"collection":[{"href":"https:\/\/www.vorspeisenplatte.de\/speisen\/wp-json\/wp\/v2\/posts"}],"about":[{"href":"https:\/\/www.vorspeisenplatte.de\/speisen\/wp-json\/wp\/v2\/types\/post"}],"author":[{"embeddable":true,"href":"https:\/\/www.vorspeisenplatte.de\/speisen\/wp-json\/wp\/v2\/users\/2"}],"replies":[{"embeddable":true,"href":"https:\/\/www.vorspeisenplatte.de\/speisen\/wp-json\/wp\/v2\/comments?post=84381"}],"version-history":[{"count":3,"href":"https:\/\/www.vorspeisenplatte.de\/speisen\/wp-json\/wp\/v2\/posts\/84381\/revisions"}],"predecessor-version":[{"id":84813,"href":"https:\/\/www.vorspeisenplatte.de\/speisen\/wp-json\/wp\/v2\/posts\/84381\/revisions\/84813"}],"wp:attachment":[{"href":"https:\/\/www.vorspeisenplatte.de\/speisen\/wp-json\/wp\/v2\/media?parent=84381"}],"wp:term":[{"taxonomy":"category","embeddable":true,"href":"https:\/\/www.vorspeisenplatte.de\/speisen\/wp-json\/wp\/v2\/categories?post=84381"},{"taxonomy":"post_tag","embeddable":true,"href":"https:\/\/www.vorspeisenplatte.de\/speisen\/wp-json\/wp\/v2\/tags?post=84381"}],"curies":[{"name":"wp","href":"https:\/\/api.w.org\/{rel}","templated":true}]}}