{"id":8494,"date":"2010-08-05T06:37:24","date_gmt":"2010-08-05T04:37:24","guid":{"rendered":"https:\/\/www.vorspeisenplatte.de\/speisen\/?p=8494"},"modified":"2010-08-05T06:37:24","modified_gmt":"2010-08-05T04:37:24","slug":"journal-mittwoch-4-august-2010","status":"publish","type":"post","link":"https:\/\/www.vorspeisenplatte.de\/speisen\/2010\/08\/journal-mittwoch-4-august-2010.htm","title":{"rendered":"Journal Mittwoch, 4. August 2010"},"content":{"rendered":"<p>Am Vorabend beim Nachdenken festgestellt, dass mir der bis zum Anschlag mit Terminen gef\u00fcllte Tag praktisch keine Zeit f\u00fcr Erledigungen von B\u00fcrodingen lassen w\u00fcrde. Also sehr fr\u00fch in die Arbeit, um eine Stunde vor den Terminen zu nutzen und statt Mittagspause mit Salamisemmel vor dem Rechner gesessen, um noch etwas wegzuschaffen. Fiel mir alles ganz leicht, ich f\u00fchlte mich nicht gehetzt, sondern emsig und energiegeladen. Genauso unerkl\u00e4rlich wie die vorherige Zornes- und Abwehrphase.<\/p>\n<p>\u00a7<\/p>\n<p>Patriotismusanfall beim Lesen von Heribert Prantls <a href=\"http:\/\/www.sueddeutsche.de\/politik\/urteil-zu-sorgerecht-eine-juristische-kinderhymne-aus-karlsruhe-1.983339\" target=_new>Lobkommentar in der <i>S\u00fcddeutschen<\/i><\/a> auf das deutsche Bundesverfassungsgericht anl\u00e4sslich seines Urteils zu den Rechten nichtehelicher V\u00e4ter (unglaublich! der Artikel ist sogar online! ich w\u00e4re fast in Gro\u00dfbuchstaben ausgebrochen!). Andere bekommen im schwarz-rot-goldenen Fahnenmeer patriotische G\u00e4nsehaut und bei Fu\u00dfballspielen der deutschen Nationalmannschaft &#8211; mir passierte das, als ich zum ersten Mal vor dem Reichstagsgeb\u00e4ude stand (da drin sitzt meine Demokratie!) und es tut es regelm\u00e4\u00dfig, wenn ich mich \u00fcber die weltweit einzigartige Einrichtung Bundesverfassungsgericht freue.<\/p>\n<p>Eine weitere Gelegenheit <a href=\"http:\/\/e13.de\/archives\/1618\" target=_new>formulierte im Juni e13.de<\/a>:<\/p>\n<blockquote><p>Wenn es eine Zeile in einem Buch gibt die mich wirklich jedes Mal tief ber\u00fchrt wenn ich sie lese, dann ist das Z. 17 auf S. 3 im Reisepass der Bundesrepublik Deutschland. <i>\u201eF\u00fcr alle L\u00e4nder \/ For all countries \/ Pour tous pays\u201c<\/i> steht da, und mit diesen d\u00fcrren Worten wird dem Inhaber die Pforte zur Welt ge\u00f6ffnet.<\/p><\/blockquote>\n<p>Vielleicht besteht mein Patriotismus weniger aus Nationalstolz, sondern aus Dankbarkeit, in diesem klugen, f\u00fcrsorglichen und gerechten Gesellschaftssystem (selbstverst\u00e4ndlich in vielen Dingen unperfekten und verbesserbaren) leben zu d\u00fcrfen.<\/p>\n<p>\u00a7<\/p>\n<p>Nach einer Runde Gewichteheben Obstkauf beim Lieblingsdealer am Kurf\u00fcrstenplatz, zum Nachtmahl Supermarkt-Burrata (hatte der Mitbewohner in der Feinkostabteilung des Kaufhof entdeckt, in einem Becher mit Lake angeboten) mit Tomate und als n\u00e4chsten Gang viel K\u00e4se. Danach viel, viel Katjes bis zur inneren Komplettverklebung.<\/p>\n<p>\u00a7<\/p>\n<p>Herr Buddenbohm beweist: <a href=\"http:\/\/www.herzdamengeschichten.de\/2010\/08\/04\/hausapotheke\/\" target=_new>Hom\u00f6opathie wirkt<\/a> (zumindest bei kleinen Kindern)<\/p>\n<p>via <a href=\"http:\/\/twitter.com\/botenstoff\/status\/20329043296\" target=_new>botenstoffs Getwitter<\/a><\/p>\n","protected":false},"excerpt":{"rendered":"<p>Am Vorabend beim Nachdenken festgestellt, dass mir der bis zum Anschlag mit Terminen gef\u00fcllte Tag praktisch keine Zeit f\u00fcr Erledigungen von B\u00fcrodingen lassen w\u00fcrde. Also sehr fr\u00fch in die Arbeit, um eine Stunde vor den Terminen zu nutzen und statt Mittagspause mit Salamisemmel vor dem Rechner gesessen, um noch etwas wegzuschaffen. Fiel mir alles ganz [&hellip;]<\/p>\n","protected":false},"author":2,"featured_media":0,"comment_status":"open","ping_status":"closed","sticky":false,"template":"","format":"standard","meta":{"footnotes":""},"categories":[1],"tags":[],"class_list":["post-8494","post","type-post","status-publish","format-standard","hentry","category-general"],"_links":{"self":[{"href":"https:\/\/www.vorspeisenplatte.de\/speisen\/wp-json\/wp\/v2\/posts\/8494","targetHints":{"allow":["GET"]}}],"collection":[{"href":"https:\/\/www.vorspeisenplatte.de\/speisen\/wp-json\/wp\/v2\/posts"}],"about":[{"href":"https:\/\/www.vorspeisenplatte.de\/speisen\/wp-json\/wp\/v2\/types\/post"}],"author":[{"embeddable":true,"href":"https:\/\/www.vorspeisenplatte.de\/speisen\/wp-json\/wp\/v2\/users\/2"}],"replies":[{"embeddable":true,"href":"https:\/\/www.vorspeisenplatte.de\/speisen\/wp-json\/wp\/v2\/comments?post=8494"}],"version-history":[{"count":0,"href":"https:\/\/www.vorspeisenplatte.de\/speisen\/wp-json\/wp\/v2\/posts\/8494\/revisions"}],"wp:attachment":[{"href":"https:\/\/www.vorspeisenplatte.de\/speisen\/wp-json\/wp\/v2\/media?parent=8494"}],"wp:term":[{"taxonomy":"category","embeddable":true,"href":"https:\/\/www.vorspeisenplatte.de\/speisen\/wp-json\/wp\/v2\/categories?post=8494"},{"taxonomy":"post_tag","embeddable":true,"href":"https:\/\/www.vorspeisenplatte.de\/speisen\/wp-json\/wp\/v2\/tags?post=8494"}],"curies":[{"name":"wp","href":"https:\/\/api.w.org\/{rel}","templated":true}]}}