{"id":85413,"date":"2023-03-18T08:30:31","date_gmt":"2023-03-18T07:30:31","guid":{"rendered":"https:\/\/www.vorspeisenplatte.de\/speisen\/?p=85413"},"modified":"2023-03-18T09:06:12","modified_gmt":"2023-03-18T08:06:12","slug":"journal-freitag-17-maerz-2023-benommener-fruehlingsvormarsch","status":"publish","type":"post","link":"https:\/\/www.vorspeisenplatte.de\/speisen\/2023\/03\/journal-freitag-17-maerz-2023-benommener-fruehlingsvormarsch.htm","title":{"rendered":"Journal Freitag, 17. M\u00e4rz 2023 &#8211; Benommener Fr\u00fchlingsvormarsch"},"content":{"rendered":"<p>Tief geschlafen, der Wecker holte mich selbst ein wenig vorgestellt viel zu fr\u00fch in den Tag.<\/p>\n<p><a href=\"https:\/\/www.vorspeisenplatte.de\/speisen\/archiv\/230317_02_StMatthaeus.jpg\"><img loading=\"lazy\" decoding=\"async\" src=\"https:\/\/www.vorspeisenplatte.de\/speisen\/archiv\/230317_02_StMatthaeus.jpg\" alt=\"\" width=\"391\" height=\"522\" class=\"alignnone size-full wp-image-85434\" \/><\/a><\/p>\n<p>Benebelt und dumpf absolvierte ich meine Morgenrituale (Schlumpfklamotten anziehen, Milchkaffee und ein Glas Wasser zum Bloggen, Brotzeit einpacken, Bett machen und Kleidung rauslegen, w\u00e4hrenddessen Wohnung l\u00fcften, Zeitung aus dem Briefkasten holen, keine Bank- und Seitst\u00fctz weil Zeit zu knapp, Z\u00e4hneputzen, Duschen, K\u00f6rperpflegen, Schminken, Anziehen) und marschierte durch Morgensonne in die Arbeit.<\/p>\n<p>Ich begegnete einer Frau in deutlichem Rentenalter, die in Wanderkleidung (Wander-Leggins, Wanderstiefel, Rucksack) schwungvoll federnd Richtung U-Bahn ging, mutma\u00dflich zu einem Wandertag. Ich w\u00e4re so gern sie gewesen.<\/p>\n<p>Im B\u00fcro hielt die Dumpfheit im Hirn an, Arbeit war m\u00fch- und langsam. Vor allem freute ich mich seit Aufwachen auf den Abend mit einem heimgekehrten Herrn Kaltmamsell &#8211; am Schreibtisch merkte ich, wie viele Stunden noch dazwischenlagen. Ich nahm mir Datenbankarbeiten vor und verschob alles mit menschlicher Beteiligung (jetzt werden Sie sagen: &#8220;Das war aber ungeschickt, denn Datenbanken k\u00f6nnen warten, Menschen hingegen werden ungeduldig!&#8221; &#8211; jajaja, auch das erledigte ich noch vor Mittag).<\/p>\n<p>Mittags gab es \u00c4pfelchen, Sahnequark mit Joghurt, eine Orange. Der Nachmittag verging dann doch schnell, ich machte mich p\u00fcnktlich auf den Weg nach Haus, kurzer Einkaufsabstecher beim Vollcorner. Es roch nach Fr\u00fchling, ich ben\u00f6tigte weder Handschuhe noch M\u00fctze, \u00f6ffnete nach einer Weile auch meinen Janker.<\/p>\n<p><a href=\"https:\/\/www.vorspeisenplatte.de\/speisen\/archiv\/230317_05_Bavariaring.jpg\"><img loading=\"lazy\" decoding=\"async\" src=\"https:\/\/www.vorspeisenplatte.de\/speisen\/archiv\/230317_05_Bavariaring.jpg\" alt=\"\" width=\"339\" height=\"432\" class=\"alignnone size-full wp-image-85435\" \/><\/a><\/p>\n<p>Vorpreschende Zierkirsche am Bavariaring (vor einem der letzten verbleibenden Bombenloch-f\u00fcllenden Geb\u00e4ude, sonst sind diese mittlerweile durch schicke Neubauten ersetzt).<\/p>\n<p>Daheim machte ich mich gleich an die Zubereitung des Abendessens: Es sollte <a href=\"https:\/\/www.vorspeisenplatte.de\/rezepte\/italienische-dim-sum-dampfnudeln.htm\" rel=\"noopener\" target=\"_blank\">Italienische Dim-Sum-Dampfnudeln mit Tomatensauce<\/a> und Asia-Salat aus Ernteanteil geben (diese drei Bestandteile schaffe auch ich gleichzeitig servierfertig zuzubereiten, sonst mein gro\u00dfes Problem). W\u00e4hrenddessen kam Herr Kaltmamsell heim, zog sich aber erst mal in sein Zimmer zur\u00fcck &#8211; bis ich w\u00e4hrend der letzten Gar-Phase Aperitif servierte: Cosmopolitans.<\/p>\n<p><a href=\"https:\/\/www.vorspeisenplatte.de\/speisen\/archiv\/230317_06_Nachtmahl.jpg\"><img loading=\"lazy\" decoding=\"async\" src=\"https:\/\/www.vorspeisenplatte.de\/speisen\/archiv\/230317_06_Nachtmahl.jpg\" alt=\"\" width=\"300\" height=\"456\" class=\"alignnone size-full wp-image-85436\" \/><\/a><\/p>\n<p>Zum Essen gab es Ziereisen Grauburgunder &#8211; ich hatte dann doch ein Kistlein geordert.<\/p>\n<p><a href=\"https:\/\/www.vorspeisenplatte.de\/speisen\/archiv\/230317_09_Nachtmahl.jpg\"><img loading=\"lazy\" decoding=\"async\" src=\"https:\/\/www.vorspeisenplatte.de\/speisen\/archiv\/230317_09_Nachtmahl.jpg\" alt=\"\" width=\"333\" height=\"444\" class=\"alignnone size-full wp-image-85438\" \/><\/a><\/p>\n<p>Alles war gelungen und schmeckte sehr gut. Herr Kaltmamsell erz\u00e4hlte von seiner Informatik-Didaktik-Fortbildung, Nachtisch Schokolade.<\/p>\n<p>Mehr Madrid recherchiert. Unter anderem fand ich heraus, <a href=\"https:\/\/www.cuandopasa.com\/index.php?v=v88177d\" rel=\"noopener\" target=\"_blank\">dass auch in der Madrider Innenstadt in der Karwoche heftig prozessiert wird<\/a>. Noch hoffe ich, dass die Prozessionen uns nicht so sehr in unserer Bewegungsfreiheit einschr\u00e4nken wie vor 20 Jahren in Andalusien.<\/p>\n<p>\u00a7<\/p>\n<p>Fotor\u00fcckblick!<\/p>\n<p><a href=\"https:\/\/www.vorspeisenplatte.de\/speisen\/archiv\/130326_Kleidung_1.jpg\"><img loading=\"lazy\" decoding=\"async\" src=\"https:\/\/www.vorspeisenplatte.de\/speisen\/archiv\/130326_Kleidung_1.jpg\" alt=\"\" width=\"282\" height=\"474\" class=\"alignnone size-full wp-image-85440\" \/><\/a><\/p>\n<p>Vor zehn Jahren &#8211; Erinnerung an den wundersch\u00f6nen, edlen Max-Mara-Mantel, der mir in den darauffolgenden Sommermonaten aus unserem Kellerabteil gestohlen wurde.<\/p>\n<p><a href=\"https:\/\/www.vorspeisenplatte.de\/speisen\/archiv\/0304_1_Ines_KabineimBett.jpg\"><img loading=\"lazy\" decoding=\"async\" src=\"https:\/\/www.vorspeisenplatte.de\/speisen\/archiv\/0304_1_Ines_KabineimBett.jpg\" alt=\"\" width=\"401\" height=\"328\" class=\"alignnone size-full wp-image-85441\" \/><\/a><\/p>\n<p>Auch vom M\u00e4rz 2003 finde ich kein Foto von mir &#8211; also gibt&#8217;s Vorschuss f\u00fcr April: Ein vorgezogenes Bild aus unserer Kabine auf der alten Queen Elizabeth 2, mit der wir im April <del datetime=\"2023-03-18T08:05:56+00:00\">2022<\/del>2003 den Atlantik kreuzten von Southampton nach New York.<\/p>\n<p>Vom M\u00e4rz 1993 finde ich leider auch keines.<\/p>\n<p>\u00a7<\/p>\n<p>Manche Leute behaupten, es gebe zu jedem gesellschaftlichen Thema einen passenden entlarvenden Calvin-and-Hobbes-Cartoon. <a href=\"https:\/\/climatejustice.social\/@breadandcircuses\/110034749572162165\" rel=\"noopener\" target=\"_blank\">F\u00fcr die Erkl\u00e4rung von Bankenkrisen stimmt das schon mal.<\/a><\/p>\n<p>\u00a7<\/p>\n<p>Radler und Radlerinnen! Bitte gebt Handzeichen vorm Abbiegen\/Ranfahren! Und zwar nicht, weil man euch das in der 3. Klasse f\u00fcr den Fahrradf\u00fchrerschein so gesagt hat, sondern weil es Basish\u00f6flichkeit gegen\u00fcber anderen Menschen im Stra\u00dfenverkehr ist. Hier ein paar weitere Handzeichen:<br \/>\n<a href=\"https:\/\/chaos.social\/@BrokkoliMuskel\/110032796314158222\" rel=\"noopener\" target=\"_blank\">&#8220;Copenhagen Cycling Signals&#8221;.<\/a> <img loading=\"lazy\" decoding=\"async\" src=\"https:\/\/vg08.met.vgwort.de\/na\/7f1504a85ce64ba38fcd87a01f1648a0\" width=\"1\" height=\"1\" alt=\"\"\/><\/p>\n","protected":false},"excerpt":{"rendered":"<p>Tief geschlafen, der Wecker holte mich selbst ein wenig vorgestellt viel zu fr\u00fch in den Tag. Benebelt und dumpf absolvierte ich meine Morgenrituale (Schlumpfklamotten anziehen, Milchkaffee und ein Glas Wasser zum Bloggen, Brotzeit einpacken, Bett machen und Kleidung rauslegen, w\u00e4hrenddessen Wohnung l\u00fcften, Zeitung aus dem Briefkasten holen, keine Bank- und Seitst\u00fctz weil Zeit zu knapp, [&hellip;]<\/p>\n","protected":false},"author":2,"featured_media":0,"comment_status":"open","ping_status":"closed","sticky":false,"template":"","format":"standard","meta":{"footnotes":""},"categories":[6,2,1],"tags":[],"class_list":["post-85413","post","type-post","status-publish","format-standard","hentry","category-essen","category-fotos","category-general"],"_links":{"self":[{"href":"https:\/\/www.vorspeisenplatte.de\/speisen\/wp-json\/wp\/v2\/posts\/85413","targetHints":{"allow":["GET"]}}],"collection":[{"href":"https:\/\/www.vorspeisenplatte.de\/speisen\/wp-json\/wp\/v2\/posts"}],"about":[{"href":"https:\/\/www.vorspeisenplatte.de\/speisen\/wp-json\/wp\/v2\/types\/post"}],"author":[{"embeddable":true,"href":"https:\/\/www.vorspeisenplatte.de\/speisen\/wp-json\/wp\/v2\/users\/2"}],"replies":[{"embeddable":true,"href":"https:\/\/www.vorspeisenplatte.de\/speisen\/wp-json\/wp\/v2\/comments?post=85413"}],"version-history":[{"count":3,"href":"https:\/\/www.vorspeisenplatte.de\/speisen\/wp-json\/wp\/v2\/posts\/85413\/revisions"}],"predecessor-version":[{"id":85446,"href":"https:\/\/www.vorspeisenplatte.de\/speisen\/wp-json\/wp\/v2\/posts\/85413\/revisions\/85446"}],"wp:attachment":[{"href":"https:\/\/www.vorspeisenplatte.de\/speisen\/wp-json\/wp\/v2\/media?parent=85413"}],"wp:term":[{"taxonomy":"category","embeddable":true,"href":"https:\/\/www.vorspeisenplatte.de\/speisen\/wp-json\/wp\/v2\/categories?post=85413"},{"taxonomy":"post_tag","embeddable":true,"href":"https:\/\/www.vorspeisenplatte.de\/speisen\/wp-json\/wp\/v2\/tags?post=85413"}],"curies":[{"name":"wp","href":"https:\/\/api.w.org\/{rel}","templated":true}]}}