{"id":85766,"date":"2023-03-31T07:22:24","date_gmt":"2023-03-31T05:22:24","guid":{"rendered":"https:\/\/www.vorspeisenplatte.de\/speisen\/?p=85766"},"modified":"2023-03-31T07:22:24","modified_gmt":"2023-03-31T05:22:24","slug":"journal-donnerstag-30-maerz-2023-verregneter-urlaubstag-mit-schwimmrunde","status":"publish","type":"post","link":"https:\/\/www.vorspeisenplatte.de\/speisen\/2023\/03\/journal-donnerstag-30-maerz-2023-verregneter-urlaubstag-mit-schwimmrunde.htm","title":{"rendered":"Journal Donnerstag, 30. M\u00e4rz 2023 &#8211; Verregneter Urlaubstag mit Schwimmrunde"},"content":{"rendered":"<p>Morgens nach guter Nacht zu Regenpl\u00e4tschern aufgewacht. Kein ideales Urlaubswetter, aber zumindest musste ich ja nicht in die Arbeit.<\/p>\n<p>Mein gem\u00fctliches Internetlesen nach Morgenkaffee, Bloggen, Tasse Tee brach ich ab: Irgendwo in H\u00f6rweite wurde in W\u00e4nde gebohrt &#8211; und das geh\u00f6rt zu den Ger\u00e4uschen, die mich sehr schnell sehr schlecht gelaunt machen.<\/p>\n<p>Gestern hatte ich Schwimmen geplant. Es regnete konsequent weiter, ich nahm also die U-Bahn zum Olympiabad (statt im Regen zu radeln: ich hatte anschlie\u00dfend noch etwas vor, wobei ich nicht tropfen wollte).<\/p>\n<p>Gutes Schwimmen, zun\u00e4chst teilte ich mir meine Bahn nur mit einer Ger\u00e4teschwimmerin. Ab elf aber wurde sie voller. Das Wasser war warm genug f\u00fcr Schwimmen ohne Fr\u00f6steln, ich sp\u00fcrte keinerlei Krampfgefahr: Also lie\u00df ich es krachen und schwamm 3.300 Meter. Auch nach dieser Corona-Impf 5 keine Beschwerden, lediglich der gestochene Oberarm schmerzte nach einer Weile ein wenig. Allerdings sp\u00fcrte ich bereits am Anfang meiner Schwimmerei das leise Bitzeln in der hinteren Nase, das Chlorschnupfen ank\u00fcndigte.<\/p>\n<p><a href=\"https:\/\/www.vorspeisenplatte.de\/speisen\/archiv\/230330_01_Olympiabad.jpg\"><img loading=\"lazy\" decoding=\"async\" src=\"https:\/\/www.vorspeisenplatte.de\/speisen\/archiv\/230330_01_Olympiabad.jpg\" alt=\"\" width=\"291\" height=\"376\" class=\"alignnone size-full wp-image-85776\" \/><\/a><\/p>\n<p>Drau\u00dfen hatte der Regen aufgeh\u00f6rt, es war sogar nahezu mild.<\/p>\n<p><a href=\"https:\/\/www.vorspeisenplatte.de\/speisen\/archiv\/230330_02_Olympiazentrum.jpg\"><img loading=\"lazy\" decoding=\"async\" src=\"https:\/\/www.vorspeisenplatte.de\/speisen\/archiv\/230330_02_Olympiazentrum.jpg\" alt=\"\" width=\"521\" height=\"417\" class=\"alignnone size-full wp-image-85773\" \/><\/a><\/p>\n<p>Ich fuhr bis zum Odeonsplatz und las die <i>S\u00fcddeutsche<\/i> des Tages auf meinem Handy. (Papierexemplar hatte auch an diesem f\u00fcnften abbestellten Tag im Briefkasten gesteckt &#8211; ich lie\u00df es drin in der Hoffnung, dass der Austr\u00e4ger am n\u00e4chsten Tag stutzte.) Mein Ziel war die Kasse der Kammerspiele: Der n\u00e4chste Vorstellungstermin meines Abos f\u00e4llt in meinen Spanien-Gro\u00dffamilienurlaub. Ich tauschte gegen eine andere Vorstellung Ende Mai und plauderte mit der Angestellten \u00fcber Voraussetzungen f\u00fcr Theater-Offenheit, vor allem bei den Jungen(TM). Ich glaube ja schon, dass meine Theater-Neigung ihre Wurzeln darin hat, dass meine Mutter (Theaterg\u00e4ngerin seit ihrer Jugend &#8211; selbstentdeckt, ohne jeden famili\u00e4ren Hintergrund) mich, sobald es ging, mitnahm in Vorstellungen. Das war in den 1970ern und -80ern in Ingolstadt noch eine ganz andere Art Theater, doch die Magie der echten Menschen vor mir auf einer echten B\u00fchne verfing. Und tut es bis heute. (Was keinerelei Garantie bedeutet, dass ins Theater mitgenommene Kinder sp\u00e4ter engagierte Theaterbesucher*innen werden.)<\/p>\n<p>F\u00fcr Lebensmitteleink\u00e4ufe beim Basitsch am Viktualienmarkt spazierte ich weiter, von dort unterm Regenschirm nach Hause.<\/p>\n<p>Fr\u00fchst\u00fcck um zwei: Apfel (immer zuerst, weil ich von \u00c4pfeln Hunger bekomme), zwei dicke Scheiben selbstgebackenes Brot aus der Gefriere.<\/p>\n<p>Ein bisschen B\u00fcgeln als Aufr\u00e4umen vor Reise. Nachmittag auf dem Sofa mit Zeitung- und Romanlesen. Abends stimmte ich mich telefonisch mit Bruder und Eltern zu unserer Anreise nach Madrid am Wochenende ab.<\/p>\n<p>Nachtmahl war die restliche Gr\u00fcnkohlschrot-Lasagne vom Vorabend, dazu machte ich eine riesige Sch\u00fcssel Endiviensalat mit Tahini-Mandarinen-Dressing an. Nachtisch Schokolade.<\/p>\n<p>F\u00fcrs Schlafen ben\u00f6tigte ich dann tats\u00e4chlich einen Sto\u00df Nasenspray gegen Chlorschnupfen.<\/p>\n<p>\u00a7<\/p>\n<p>Wie so viele Gr\u00fcnen-W\u00e4hlerinnen frage ich mich angesichts <a href=\"https:\/\/www.tagesschau.de\/inland\/beschluesse-koalitionsausschuss-103.html\" rel=\"noopener\" target=\"_blank\">der neuesten Koalitionsvereinbarungen der Bundesregierung<\/a>, wozu ich eigentlich die Gr\u00fcnen gew\u00e4hlt habe, wenn die Vereinbarungen in meinen Augen vor allem die W\u00e4hler*innen der FDP ber\u00fccksichtigen, also des kleinsten Koalitionspartners, ohne den aber halt nichts geht. Wie muss es da erst Gr\u00fcnen-Parteimitgliedern gehen? Wolfgang L\u00fcnenb\u00fcrger-Reidenbach ist einer davon und schreibt dar\u00fcber:<br \/>\n<a href=\"https:\/\/www.haltungsturnen.de\/2023\/03\/i-feel-you-spd.html\" rel=\"noopener\" target=\"_blank\">&#8220;I feel you, SPD&#8221;.<\/a><\/p>\n<blockquote><p>Diese Wut und diese Ohnmacht angesichts der winzigen Schritte, die gar nichts n\u00fctzen, aber besser sind als gar keine Schritte, also besser als es w\u00e4re, wenn Gr\u00fcne nicht mit dabei w\u00e4ren, wenn wir aussteigen aus der Regierung, was wir eigentlich m\u00fcssten, wenn wir auch nur einen Funken Selbstachtung h\u00e4tten, es aber nicht tun, weil dann alles noch schlimmer w\u00e4re, was dann wirklich schlimm w\u00e4re, obwohl es auch so ziemlich schlimm, aber vielleicht nicht wirklich schlimm ist. Oder so. <\/p><\/blockquote>\n<p> <img loading=\"lazy\" decoding=\"async\" src=\"https:\/\/vg08.met.vgwort.de\/na\/b393d17bc56c483aa18135b85ce2a67f\" width=\"1\" height=\"1\" alt=\"\"\/><\/p>\n","protected":false},"excerpt":{"rendered":"<p>Morgens nach guter Nacht zu Regenpl\u00e4tschern aufgewacht. Kein ideales Urlaubswetter, aber zumindest musste ich ja nicht in die Arbeit. Mein gem\u00fctliches Internetlesen nach Morgenkaffee, Bloggen, Tasse Tee brach ich ab: Irgendwo in H\u00f6rweite wurde in W\u00e4nde gebohrt &#8211; und das geh\u00f6rt zu den Ger\u00e4uschen, die mich sehr schnell sehr schlecht gelaunt machen. Gestern hatte ich [&hellip;]<\/p>\n","protected":false},"author":2,"featured_media":0,"comment_status":"open","ping_status":"closed","sticky":false,"template":"","format":"standard","meta":{"footnotes":""},"categories":[2,1],"tags":[],"class_list":["post-85766","post","type-post","status-publish","format-standard","hentry","category-fotos","category-general"],"_links":{"self":[{"href":"https:\/\/www.vorspeisenplatte.de\/speisen\/wp-json\/wp\/v2\/posts\/85766","targetHints":{"allow":["GET"]}}],"collection":[{"href":"https:\/\/www.vorspeisenplatte.de\/speisen\/wp-json\/wp\/v2\/posts"}],"about":[{"href":"https:\/\/www.vorspeisenplatte.de\/speisen\/wp-json\/wp\/v2\/types\/post"}],"author":[{"embeddable":true,"href":"https:\/\/www.vorspeisenplatte.de\/speisen\/wp-json\/wp\/v2\/users\/2"}],"replies":[{"embeddable":true,"href":"https:\/\/www.vorspeisenplatte.de\/speisen\/wp-json\/wp\/v2\/comments?post=85766"}],"version-history":[{"count":3,"href":"https:\/\/www.vorspeisenplatte.de\/speisen\/wp-json\/wp\/v2\/posts\/85766\/revisions"}],"predecessor-version":[{"id":85785,"href":"https:\/\/www.vorspeisenplatte.de\/speisen\/wp-json\/wp\/v2\/posts\/85766\/revisions\/85785"}],"wp:attachment":[{"href":"https:\/\/www.vorspeisenplatte.de\/speisen\/wp-json\/wp\/v2\/media?parent=85766"}],"wp:term":[{"taxonomy":"category","embeddable":true,"href":"https:\/\/www.vorspeisenplatte.de\/speisen\/wp-json\/wp\/v2\/categories?post=85766"},{"taxonomy":"post_tag","embeddable":true,"href":"https:\/\/www.vorspeisenplatte.de\/speisen\/wp-json\/wp\/v2\/tags?post=85766"}],"curies":[{"name":"wp","href":"https:\/\/api.w.org\/{rel}","templated":true}]}}