{"id":86415,"date":"2023-04-19T06:14:55","date_gmt":"2023-04-19T04:14:55","guid":{"rendered":"https:\/\/www.vorspeisenplatte.de\/speisen\/?p=86415"},"modified":"2023-04-19T06:15:35","modified_gmt":"2023-04-19T04:15:35","slug":"journal-dienstag-18-april-2023-viel-arbeit-neue-urlaubsplaene","status":"publish","type":"post","link":"https:\/\/www.vorspeisenplatte.de\/speisen\/2023\/04\/journal-dienstag-18-april-2023-viel-arbeit-neue-urlaubsplaene.htm","title":{"rendered":"Journal Dienstag, 18. April 2023 &#8211; Viel Arbeit, neue Urlaubspl\u00e4ne"},"content":{"rendered":"<p>Ein wenig unruhige Nacht, weil ich einen undurchsichtigen Posten Arbeit auf Dienstag geschoben hatte und mein Hirn bereits nach L\u00f6sungsans\u00e4tzen suchte.<\/p>\n<p>Auf dem Weg in die Arbeit wurde es fast ein wenig hell.<\/p>\n<p><a href=\"https:\/\/www.vorspeisenplatte.de\/speisen\/archiv\/230418_04_Fruehlingsfest.jpg\"><img loading=\"lazy\" decoding=\"async\" class=\"alignnone size-full wp-image-86432\" src=\"https:\/\/www.vorspeisenplatte.de\/speisen\/archiv\/230418_04_Fruehlingsfest.jpg\" alt=\"\" width=\"400\" height=\"499\" \/><\/a><\/p>\n<p>Fr\u00fchlingsfest ist bereits aufgebaut, hiermit die Terminerinnerung:<br \/>\n<a href=\"https:\/\/www.muenchen.de\/veranstaltungen\/freizeit\/flohmarkt-theresienwiese-2023\" target=\"_blank\" rel=\"noopener\">Am Samstag, 22. April, findet der riesige Flohmarkt auf der Theresienwiese statt.<\/a><\/p>\n<p>In der Arbeit gleich mal hohe Schlagzahl, aber mir fielen L\u00f6sungen ein.<\/p>\n<p>Mittags marschierte ich unter grauem Himmel zum KVR, holte neuen Personalausweis und neuen Reisepass ab. <a href=\"https:\/\/www.vorspeisenplatte.de\/speisen\/archiv\/230302_02_BiometrischePhotos2.jpg\" target=\"_blank\" rel=\"noopener\">Auf dem erzwungenen neuen Foto<\/a> mag mich vielleicht eine Maschine erkennen, ein Mensch wahrscheinlich nicht. Fu\u00dfmarsch zur\u00fcck, die Bewegung tat mir mal wieder besonders gut.<\/p>\n<p>Zur\u00fcck am Schreibtisch hastig runtergeschlungenes Mittagessen: Scheibe Brot und zwei Orangen.<\/p>\n<p>Dann weiteres Wegackern vieler, vieler kleiner Dinge. Leichtsinnig im Vorbeigehen Hilfe angeboten, beim Griff nach der ganzen Hand aber ganz schnell den kleinen Finger wieder weggezogen.<\/p>\n<p>Diesmal war ich erst kurz nach vier fix und fertig, doch auch diesmal war noch viel Arbeit f\u00fcr den Tag \u00fcbrig, tse.<\/p>\n<p>ABER! (Wie ich in jeder Lage immer noch ein ABER! finde.) I can haz 49-Euro-Deutschlandticket als Jobticket, und zwar ab Juni. 25,72 Euro pro Monat f\u00fcr allen Nahverkehr und \u00d6ffis? Aber ja, da ist mir wirklich die Amortisierung im Einzelmonat wurscht, we call it Mischkalkulation.<\/p>\n<p>Auf dem Heimweg Eink\u00e4ufe nach Langem mal wieder beim S\u00fcpermarket Verdi, unter anderem Salat f\u00fcr die n\u00e4chsten beiden Abendessen.<\/p>\n<p>Zu Hause nochmal die Yoga-Folge 2 aus Adrienes &#8220;Move&#8221;, wie anstrengend so ein lange gehaltener Ausfallschritt sein kann.<\/p>\n<p>H\u00fcbsches Nachtmahl, trotz immer noch sichtbarem zweiten Strich bei Herrn Kaltmamsell am selben Tisch gegessen (alles andere w\u00e4re bei diesem Gericht auch ausgesprochen umst\u00e4ndlich gewesen).<\/p>\n<p><a href=\"https:\/\/www.vorspeisenplatte.de\/speisen\/archiv\/230418_06_Nachtmahl.jpg\"><img loading=\"lazy\" decoding=\"async\" class=\"alignnone size-full wp-image-86433\" src=\"https:\/\/www.vorspeisenplatte.de\/speisen\/archiv\/230418_06_Nachtmahl.jpg\" alt=\"\" width=\"293\" height=\"444\" \/><\/a><\/p>\n<p>Nein, das sind keine Kartoffeln: Herr Kaltmamsell hatte Tomatensemmelchen mit Ofenk\u00e4se gebacken. Dieses Genre ging vor vielen Jahren mal durch die Foodblogs, jetzt hatten auch wir das Gericht. Frischer Hefeteig ist immer gut, als K\u00e4se h\u00e4tte ich mir allerdings einen w\u00fcrzigeren gew\u00fcnscht. Auf den Tellern dazu Ruccola mit roter Paprika.<\/p>\n<p>Nachtisch wieder allein: Osterschokolade. Nur ein bisschen zu viel.<\/p>\n<p>Schon im vergangenen Urlaub hatten Herr Kaltmamsell und ich beschlossen, dass wir sein Sabbatjahr f\u00fcr eine weitere dreiw\u00f6chige Reise au\u00dferhalb der bayerischen Sommerferien nutzen wollen (das war ja mein geheimer Zweck der ganzen Aktion). Ich fand in meinem Kalender Ende Juni \/ Anfang Juli drei Wochen ohne Sch\u00f6ffinnenverpflichtung und andere Herzenstermine, bekam sie als Urlaub genehmigt, dann verdr\u00e4ngten wir einstweilen unseren Brexit-Groll und begannen die Planung einer zehnt\u00e4gigen Wanderung in den Cotswolds mit anschlie\u00dfender Woche in Brighton. Vorfreude setzte umgehend und heftig ein.<br \/>\n(Ob wir uns das finanziell leisten k\u00f6nnen, fragen wir uns \u00fcbrigens gar nicht. Gehen halt Ersparnisse drauf, bleibt weniger f\u00fcrs Alter, aber wer kann schon sagen, ob wir in der Rente noch fit genug f\u00fcr solche Vergn\u00fcgen sind.)<\/p>\n<p>\u00a7<\/p>\n<p>Mal wieder alte Fotos.<\/p>\n<p><a href=\"https:\/\/www.vorspeisenplatte.de\/speisen\/archiv\/130412_Kleidung_2.jpg\"><img loading=\"lazy\" decoding=\"async\" class=\"alignnone size-full wp-image-86434\" src=\"https:\/\/www.vorspeisenplatte.de\/speisen\/archiv\/130412_Kleidung_2.jpg\" alt=\"\" width=\"299\" height=\"489\" \/><\/a><\/p>\n<p>Vor zehn Jahren. Den Wildledermantel und das Halstuch trage ich immer noch.<\/p>\n<p><a href=\"https:\/\/www.vorspeisenplatte.de\/speisen\/archiv\/9_Ines_Whirlpool2.jpg\"><img loading=\"lazy\" decoding=\"async\" class=\"alignnone size-full wp-image-86435\" src=\"https:\/\/www.vorspeisenplatte.de\/speisen\/archiv\/9_Ines_Whirlpool2.jpg\" alt=\"\" width=\"306\" height=\"451\" \/><\/a><\/p>\n<p>Vor 20 Jahren auf der Queen Elizabeth 2 bei der \u00dcberfahrt von Southampton nach New York.<\/p>\n<p>Von vor 30 Jahren habe ich diesmal kein Foto gefunden.<\/p>\n<p>\u00a7<\/p>\n<p>Den K\u00fcchenumbau von <a href=\"https:\/\/twitter.com\/katha_esskultur\">@katha<\/a> hatte ich damals \u00fcber Monate live (also \u00fcber Twitter und instagram) mitverfolgt. Mir war allerdings nicht klar, dass ihre gesamte Wohnung in Wien umgebaut wurde. Das erfuhr ich aus einem Artikel im <i>Standard<\/i>:<br \/>\n<a href=\"https:\/\/www.derstandard.at\/story\/2000145457909\/seiser-und-lamnek-fuer-die-kochbuecher-brauchten-wir-ein-statisches?ref=article&amp;fbclid=PAAaZiRvpSh-x2TNgDBKA02-cufjRHDdzi5kXf9rdlh2-GkMLRCyHIo8UAtMs\" target=\"_blank\" rel=\"noopener\">&#8220;Wohngespr\u00e4ch<br \/>\nSeiser und Lamnek: &#8216;F\u00fcr die Kochb\u00fccher brauchten wir ein statisches Gutachten'&#8221;.<\/a> <img loading=\"lazy\" decoding=\"async\" src=\"https:\/\/vg07.met.vgwort.de\/na\/f7774fd154c04395ad5a5f55c70f9083\" width=\"1\" height=\"1\" alt=\"\"\/><\/p>\n","protected":false},"excerpt":{"rendered":"<p>Ein wenig unruhige Nacht, weil ich einen undurchsichtigen Posten Arbeit auf Dienstag geschoben hatte und mein Hirn bereits nach L\u00f6sungsans\u00e4tzen suchte. Auf dem Weg in die Arbeit wurde es fast ein wenig hell. Fr\u00fchlingsfest ist bereits aufgebaut, hiermit die Terminerinnerung: Am Samstag, 22. April, findet der riesige Flohmarkt auf der Theresienwiese statt. In der Arbeit [&hellip;]<\/p>\n","protected":false},"author":2,"featured_media":0,"comment_status":"open","ping_status":"closed","sticky":false,"template":"","format":"standard","meta":{"footnotes":""},"categories":[6,2,1],"tags":[],"class_list":["post-86415","post","type-post","status-publish","format-standard","hentry","category-essen","category-fotos","category-general"],"_links":{"self":[{"href":"https:\/\/www.vorspeisenplatte.de\/speisen\/wp-json\/wp\/v2\/posts\/86415","targetHints":{"allow":["GET"]}}],"collection":[{"href":"https:\/\/www.vorspeisenplatte.de\/speisen\/wp-json\/wp\/v2\/posts"}],"about":[{"href":"https:\/\/www.vorspeisenplatte.de\/speisen\/wp-json\/wp\/v2\/types\/post"}],"author":[{"embeddable":true,"href":"https:\/\/www.vorspeisenplatte.de\/speisen\/wp-json\/wp\/v2\/users\/2"}],"replies":[{"embeddable":true,"href":"https:\/\/www.vorspeisenplatte.de\/speisen\/wp-json\/wp\/v2\/comments?post=86415"}],"version-history":[{"count":3,"href":"https:\/\/www.vorspeisenplatte.de\/speisen\/wp-json\/wp\/v2\/posts\/86415\/revisions"}],"predecessor-version":[{"id":86451,"href":"https:\/\/www.vorspeisenplatte.de\/speisen\/wp-json\/wp\/v2\/posts\/86415\/revisions\/86451"}],"wp:attachment":[{"href":"https:\/\/www.vorspeisenplatte.de\/speisen\/wp-json\/wp\/v2\/media?parent=86415"}],"wp:term":[{"taxonomy":"category","embeddable":true,"href":"https:\/\/www.vorspeisenplatte.de\/speisen\/wp-json\/wp\/v2\/categories?post=86415"},{"taxonomy":"post_tag","embeddable":true,"href":"https:\/\/www.vorspeisenplatte.de\/speisen\/wp-json\/wp\/v2\/tags?post=86415"}],"curies":[{"name":"wp","href":"https:\/\/api.w.org\/{rel}","templated":true}]}}