{"id":86512,"date":"2023-04-22T08:07:28","date_gmt":"2023-04-22T06:07:28","guid":{"rendered":"https:\/\/www.vorspeisenplatte.de\/speisen\/?p=86512"},"modified":"2023-04-22T08:07:28","modified_gmt":"2023-04-22T06:07:28","slug":"journal-freitag-21-april-2023-fruehlingseinbruch-und-grie-soss","status":"publish","type":"post","link":"https:\/\/www.vorspeisenplatte.de\/speisen\/2023\/04\/journal-freitag-21-april-2023-fruehlingseinbruch-und-grie-soss.htm","title":{"rendered":"Journal Freitag, 21. April 2023 &#8211; Fr\u00fchlingseinbruch und Grie So\u00df"},"content":{"rendered":"<p>Bereits das erste Licht des Tages k\u00fcndigte Wetterverbesserung an.<\/p>\n<p><a href=\"https:\/\/www.vorspeisenplatte.de\/speisen\/archiv\/230421_01a_StMatthaeus.jpg\"><img loading=\"lazy\" decoding=\"async\" src=\"https:\/\/www.vorspeisenplatte.de\/speisen\/archiv\/230421_01a_StMatthaeus.jpg\" alt=\"\" width=\"532\" height=\"484\" class=\"alignnone size-full \" \/><\/a><\/p>\n<p>Allerdings nur f\u00fcr zwei Tage, dann geht&#8217;s zur\u00fcck zu grau und kalt. Ich versuchte gestern also so viel Fr\u00fchling wie m\u00f6glich einzufangen.<\/p>\n<p>Der Weg in die Arbeit lie\u00df mich dann kurz zweifeln, ob das Weglassen von Pulli unterm Winterkleid klug gewesen war.<\/p>\n<p><a href=\"https:\/\/www.vorspeisenplatte.de\/speisen\/archiv\/230421_04_Bavariapark.jpg\"><img loading=\"lazy\" decoding=\"async\" src=\"https:\/\/www.vorspeisenplatte.de\/speisen\/archiv\/230421_04_Bavariapark.jpg\" alt=\"\" width=\"544\" height=\"469\" class=\"alignnone size-full \" \/><\/a><\/p>\n<p>Doch schon beim Aufbr\u00fchen meiner Kanne Verbene-Tees kam sie, die B\u00fcro-w\u00e4rmende Sonne. Allerdings schaffte ich nach sehr Langem, mir einen Sprei\u00dfl in einen Finger zu rammen, aus dem Bambusspie\u00dfchen, das mir als Teebeutelhalter dient. Also erst mal fieseliger Pinzetteneinsatz.<\/p>\n<p>Zum Mittagscappuccino spazierte ich ins Caf\u00e9 Colombo, das Herz voller HACHZ.<\/p>\n<p><a href=\"https:\/\/www.vorspeisenplatte.de\/speisen\/archiv\/230421_12_CafeColombo.jpg\"><img loading=\"lazy\" decoding=\"async\" src=\"https:\/\/www.vorspeisenplatte.de\/speisen\/archiv\/230421_12_CafeColombo.jpg\" alt=\"\" width=\"393\" height=\"524\" class=\"alignnone size-full wp-image-86530\" \/><\/a><\/p>\n<p>Auf dem R\u00fcckweg kam mir eine sehr wahrscheinlich f\u00fcrs Zuckerfest aufgebrezelte Familie entgegen, Damen wie Herren au\u00dferordentlich fesch, Teile sahen aus wie Tracht aus Herkunftsl\u00e4ndern. Und sie hatte eine bockig in Jeans schlurfende, ungek\u00e4mmte Teenagerin im Schlepptau, was mich erheiterte. (Leitkultur Pubert\u00e4t?)<\/p>\n<p><a href=\"https:\/\/www.vorspeisenplatte.de\/speisen\/archiv\/230421_14_Kleidung.jpg\"><img loading=\"lazy\" decoding=\"async\" src=\"https:\/\/www.vorspeisenplatte.de\/speisen\/archiv\/230421_14_Kleidung.jpg\" alt=\"\" width=\"302\" height=\"349\" class=\"alignnone size-full wp-image-86532\" \/><\/a><\/p>\n<p>Selbst erzeugte ich Double Takes durch mein gestriges Styling.<\/p>\n<p>Mittagessen zur\u00fcck am Schreibtisch (Fenster gekippt!): Apfel, Pumpernickel mit Butter, Birne.<\/p>\n<p>Ich machte sehr p\u00fcnktlich Feierabend, um hinaus in den Fr\u00fchling zu kommen.<\/p>\n<p><a href=\"https:\/\/www.vorspeisenplatte.de\/speisen\/archiv\/230421_15_Heimeranpl.jpg\"><img loading=\"lazy\" decoding=\"async\" src=\"https:\/\/www.vorspeisenplatte.de\/speisen\/archiv\/230421_15_Heimeranpl.jpg\" alt=\"\" width=\"492\" height=\"400\" class=\"alignnone size-full wp-image-86534\" \/><\/a><\/p>\n<p><a href=\"https:\/\/www.vorspeisenplatte.de\/speisen\/archiv\/230421_16_Westendkastanie.jpg\"><img loading=\"lazy\" decoding=\"async\" src=\"https:\/\/www.vorspeisenplatte.de\/speisen\/archiv\/230421_16_Westendkastanie.jpg\" alt=\"\" width=\"423\" height=\"564\" class=\"alignnone size-full wp-image-86535\" \/><\/a><\/p>\n<p>Kurzer Einkauf im Edeka Schwanthaler Forum, eine der wenigen verbliebenen Quellen f\u00fcr Dickmilch &#8211; die f\u00fcrs Nachtmahl ben\u00f6tigt wurde.<\/p>\n<p>Mehr aufgebrezelte Bayram-Spaziergruppen um die Theresienwiese, auf der das Fr\u00fchlingsfest ausgebrochen war, mit viel Cosplay-Volk drumrum.<\/p>\n<p><a href=\"https:\/\/www.vorspeisenplatte.de\/speisen\/archiv\/230421_17_StMatthaeus.jpg\"><img loading=\"lazy\" decoding=\"async\" src=\"https:\/\/www.vorspeisenplatte.de\/speisen\/archiv\/230421_17_StMatthaeus.jpg\" alt=\"\" width=\"381\" height=\"519\" class=\"alignnone size-full wp-image-86538\" \/><\/a><\/p>\n<p>Zu Hause ein wenig R\u00e4umen, eine Folge Yoga-Gymnastik, dann stie\u00df ich mit Herrn Kaltmamsell aufs Wochenende an.<\/p>\n<p><a href=\"https:\/\/www.vorspeisenplatte.de\/speisen\/archiv\/230421_18_GinTonic.jpg\"><img loading=\"lazy\" decoding=\"async\" src=\"https:\/\/www.vorspeisenplatte.de\/speisen\/archiv\/230421_18_GinTonic.jpg\" alt=\"\" width=\"325\" height=\"415\" class=\"alignnone size-full wp-image-86539\" \/><\/a><\/p>\n<p>GinTonic aus Gin, der mit Kakaobohnen und Vanille aromatisiert war, dr\u00fcber beigelegte Kakaobohnen-Splitter. Schmeckte ungewohnt und gut, die vom Hersteller empfohlenen frischen Himbeeren kann ich mir ausgezeichnet dazu vorstellen.<\/p>\n<p>Bald gesellte sich der \u00dcbernachtungsbesuch zu uns und stie\u00df mit an.<\/p>\n<p>Nachtmahl war Grie So\u00df, lang schon f\u00fcr diesen Freitagabend geplant, jetzt passend zum Fr\u00fchlingseinbruch, klassisch nach einem Rezept des \u00dcbernachtungsgastes mit frisch gekochten Eiern und Kartoffeln aus Ernteanteil. Wieder eine ganz besondere K\u00f6stlichkeit, ganz oben auf meiner ewigen Lieblingsessensliste. Im Glas ein feiner Riesling: Deidesheimer Herrgottsacker 2017 Reichsrat von Buhl.<\/p>\n<p>Der Gast erz\u00e4hlte von seiner abenteuerlichen Anreise (weil gestern Bahnpersonal streikte, war er schon am Donnerstag gestartet), Herr Kaltmamsell und ich erz\u00e4hlten vom Gro\u00dffamilienurlaub in Spanien.<\/p>\n<p>Zum Nachtisch gab es Stracciatella-Eis mit Eierlik\u00f6r, abschlie\u00dfend noch uralten spanischen Brandy.<\/p>\n<p>\u00a7<\/p>\n<p>Wie <i>sollen<\/i> Klimaaktivist*innen denn protestieren? Kritische Stimmen antworten dann gern: Gezielt sachbezogen, kreativ, schadlos.<\/p>\n<p>Stellt sich heraus: Wenn sie genau das tun, zum Beispiel mit einer riesigen Aktion in G\u00f6ttingen &#8211; berichtet niemand. Aktivist*innen hatten ein halbes Jahr lang eine Ausstellung konzipiert, mit 35 Leuten das Museum Forum Wissen gekapert und alles aufgebaut. Das Museum war \u00fcberrumpelt, lie\u00df sie aber gew\u00e4hren, schrieb dar\u00fcber sogar im eigenen Blog.<br \/>\n<a href=\"https:\/\/blog.forum-wissen.de\/forum-handeln-konstruktiver-klimaprotest-im-forum-wissen\/\" rel=\"noopener\" target=\"_blank\">&#8220;&#8216;Forum Handeln&#8217; \u2013 konstruktiver Klimaprotest im Forum Wissen&#8221;.<\/a><\/p>\n<blockquote><p>\u00c4u\u00dferst frustrierend ist aus Sicht der Aktivist*innen allerdings, dass die Medien kaum berichtet haben. Tats\u00e4chlich waren auf ihre Initiative zwei Fernsehteams vor Ort. Als diese jedoch feststellten, dass die Aktion komplett friedlich verlief, zogen sie unverrichteter Dinge ab.<\/p><\/blockquote>\n<p>Klebt weiter, Leute, klebt weiter!<\/p>\n<p>\u00a7<\/p>\n<p>Katatonik erz\u00e4hlt von einem Theaterabend:<br \/>\n<a href=\"http:\/\/campcatatonia.org\/article\/2595\/OpheliasGotTalentHolzingerVolkstheater1942023\" rel=\"noopener\" target=\"_blank\">&#8220;Ophelia&#8217;s Got Talent (Holzinger, Volkstheater, 19.4.2023)&#8221;.<\/a><\/p>\n<p>An dieser Passage bleibe ich h\u00e4ngen:<\/p>\n<blockquote><p>Selbsterm\u00e4chtigung durch k\u00f6rperliche Arbeit und Selbstkontrolle, eine Macht, die aber auch an Selbstzerst\u00f6rung grenzt, in Selbstzerst\u00f6rung kippen kann.<\/p><\/blockquote>\n<p>Eine m\u00f6gliche Wurzel meines Vergn\u00fcgens an sportlicher Bewegung mag die Selbsterm\u00e4chtigung in einem System sein, das mir nie eine Chance auf unbefangenen Umgang mit der eigenen K\u00f6rperlichkeit einr\u00e4umte. Sei es durch &#8220;du k\u00f6nntest so eine sch\u00f6ne Figur haben, wenn du abnehmen w\u00fcrdest&#8221; in der Kindheit mit Dauerdi\u00e4t, sei es durch die K\u00f6rper-, Leistungs- und Sch\u00f6nheitsideale der Gesellschaft, omnipr\u00e4sent in Medien und K\u00f6pfen. Das w\u00fcrde erkl\u00e4ren, warum es mich damals existenziell traf, als die kaputte H\u00fcfte mir Sport unm\u00f6glich machte.<\/p>\n<blockquote><p>Man k\u00f6nnte sagen, dass f\u00fcr Frauen immer ein Publikum bleibt, eine Beobachtungsinstanz, die der Kraftaus\u00fcbung Grenzen setzt, im produktiven wie im destruktiven.<\/p><\/blockquote>\n<p>\u00a7<\/p>\n<p>Apropos Erm\u00e4chtigung. Die <i>British Vogue<\/i>-Ausgabe Mai 2023 hebt Menschen aufs Cover, die man im Modezirkus sehr selten als Models sieht.<br \/>\n<a href=\"https:\/\/www.vogue.co.uk\/article\/vogue-disability-portfolio-2023\" rel=\"noopener\" target=\"_blank\">&#8220;&#8216;Nothing Is More Fashionable Than Inclusivity&#8217;: Sin\u00e9ad Burke Introduces British Vogue\u2019s May 2023 Cover Stars&#8221;.<\/a> <img loading=\"lazy\" decoding=\"async\" src=\"https:\/\/vg07.met.vgwort.de\/na\/3b92e9acadc643b4b5edb41fce65708d\" width=\"1\" height=\"1\" alt=\"\"\/><\/p>\n","protected":false},"excerpt":{"rendered":"<p>Bereits das erste Licht des Tages k\u00fcndigte Wetterverbesserung an. Allerdings nur f\u00fcr zwei Tage, dann geht&#8217;s zur\u00fcck zu grau und kalt. Ich versuchte gestern also so viel Fr\u00fchling wie m\u00f6glich einzufangen. Der Weg in die Arbeit lie\u00df mich dann kurz zweifeln, ob das Weglassen von Pulli unterm Winterkleid klug gewesen war. Doch schon beim Aufbr\u00fchen [&hellip;]<\/p>\n","protected":false},"author":2,"featured_media":0,"comment_status":"open","ping_status":"closed","sticky":false,"template":"","format":"standard","meta":{"footnotes":""},"categories":[6,2,1],"tags":[],"class_list":["post-86512","post","type-post","status-publish","format-standard","hentry","category-essen","category-fotos","category-general"],"_links":{"self":[{"href":"https:\/\/www.vorspeisenplatte.de\/speisen\/wp-json\/wp\/v2\/posts\/86512","targetHints":{"allow":["GET"]}}],"collection":[{"href":"https:\/\/www.vorspeisenplatte.de\/speisen\/wp-json\/wp\/v2\/posts"}],"about":[{"href":"https:\/\/www.vorspeisenplatte.de\/speisen\/wp-json\/wp\/v2\/types\/post"}],"author":[{"embeddable":true,"href":"https:\/\/www.vorspeisenplatte.de\/speisen\/wp-json\/wp\/v2\/users\/2"}],"replies":[{"embeddable":true,"href":"https:\/\/www.vorspeisenplatte.de\/speisen\/wp-json\/wp\/v2\/comments?post=86512"}],"version-history":[{"count":3,"href":"https:\/\/www.vorspeisenplatte.de\/speisen\/wp-json\/wp\/v2\/posts\/86512\/revisions"}],"predecessor-version":[{"id":86547,"href":"https:\/\/www.vorspeisenplatte.de\/speisen\/wp-json\/wp\/v2\/posts\/86512\/revisions\/86547"}],"wp:attachment":[{"href":"https:\/\/www.vorspeisenplatte.de\/speisen\/wp-json\/wp\/v2\/media?parent=86512"}],"wp:term":[{"taxonomy":"category","embeddable":true,"href":"https:\/\/www.vorspeisenplatte.de\/speisen\/wp-json\/wp\/v2\/categories?post=86512"},{"taxonomy":"post_tag","embeddable":true,"href":"https:\/\/www.vorspeisenplatte.de\/speisen\/wp-json\/wp\/v2\/tags?post=86512"}],"curies":[{"name":"wp","href":"https:\/\/api.w.org\/{rel}","templated":true}]}}