{"id":86818,"date":"2023-05-01T08:23:26","date_gmt":"2023-05-01T06:23:26","guid":{"rendered":"https:\/\/www.vorspeisenplatte.de\/speisen\/?p=86818"},"modified":"2025-05-11T09:01:08","modified_gmt":"2025-05-11T07:01:08","slug":"journal-sonntag-30-mai-2023-wandern-mit-besuch-am-loisach-isar-tal","status":"publish","type":"post","link":"https:\/\/www.vorspeisenplatte.de\/speisen\/2023\/05\/journal-sonntag-30-mai-2023-wandern-mit-besuch-am-loisach-isar-tal.htm","title":{"rendered":"Journal Sonntag, 30. <del>Mai<\/del>April 2023 &#8211; Wandern mit Besuch am Loisach-Isar-Tal"},"content":{"rendered":"<p>Lang ausgeschlafen, und das auch noch gut &#8211; sehr sch\u00f6n.<\/p>\n<p>Gem\u00fctlicher Vormittag vor hellgrauer Drau\u00dfenkulisse mit W\u00e4schewaschen, einer Runde Yoga-Gymnastik.<\/p>\n<p>Ich buchte unsere Ferienwohnung in Brighton &#8211; doch f\u00fcr l\u00e4nger als urspr\u00fcnglich geplant, weil wir den Cotswolds Way in weniger Tagen als urspr\u00fcnglich geplant gehen werden: Die Unterk\u00fcnfte entlang des Wegs sind f\u00fcr Ende Juni \/ Anfang Juli gerne mal schon vergeben. Dennoch f\u00fcrchte ich keineswegs Menschenmassen auf den Wegen: In manchen Orten am Weg gibt es, wie wir vor sieben Jahren gesehen hatten, halt nur zwei B&#038;Bs.<\/p>\n<p>Fertigmachen f\u00fcrs Wandern: Wir waren mit zwei M\u00fcnchen-Besuchern aus Hamburg und Berlin verabredet, die unseren Vorschlag der Runde Icking-Wolfratshausen \u00fcber Isartal angenommen hatten.<\/p>\n<p>Treffpunkt war das Abfahrtsgleis der S7 unterm Stachus. Ich hatte Fr\u00fchst\u00fcck am B\u00e4ckerstand Rischart besorgen wollen, doch der war geschlossen &#8211; schnelles Ausweichen in den Starbucks, denn irgendwas w\u00fcrde ich unterwegs essen m\u00fcssen.<\/p>\n<p>Herzliche Begr\u00fc\u00dfung, den Besuch aus Berlin hatte ich seit vier Jahren nicht gesehen, seinen Mann aus Hamburg seit einem Jahr.<\/p>\n<p>In Icking empfing uns wunderbares Wanderwetter, das die ganze Runde \u00fcber hielt: K\u00fchl, ohne kalt zu sein, regenfrei und hin und wieder sogar mit Ahnungen von Sonne.<\/p>\n<p><a href=\"https:\/\/www.vorspeisenplatte.de\/speisen\/archiv\/230430_01_Schlederloh.jpg\"><img loading=\"lazy\" decoding=\"async\" src=\"https:\/\/www.vorspeisenplatte.de\/speisen\/archiv\/230430_01_Schlederloh.jpg\" alt=\"\" width=\"379\" height=\"452\" class=\"alignnone size-full wp-image-86827\" \/><\/a><\/p>\n<p>In Schlederloh versteht man was von Diskretion.<\/p>\n<p>Ich genoss es, mit zwei anderen erfahrenen Wanderern unterwegs zu sein: Die beiden kannten andere Pflanzen als ich (sogar treffsicher Waldmeister, bei dem ich mir nie sicher bin, zudem probierte ich auf ihren Hinweis erstmals Bl\u00e4ttchen der Knoblauchrauke), erz\u00e4hlten von ganz anderen Gegenden.<\/p>\n<p><a href=\"https:\/\/www.vorspeisenplatte.de\/speisen\/archiv\/230430_02_Loisachtal.jpg\"><img loading=\"lazy\" decoding=\"async\" src=\"https:\/\/www.vorspeisenplatte.de\/speisen\/archiv\/230430_02_Loisachtal.jpg\" alt=\"\" width=\"523\" height=\"365\" class=\"alignnone size-full \" \/><\/a><\/p>\n<p>Blick aufs Loisach-Isartal, wie erwartet mit recht hohem Wasserstand.<\/p>\n<p><a href=\"https:\/\/www.vorspeisenplatte.de\/speisen\/archiv\/230430_03_Dorfen.jpg\"><img loading=\"lazy\" decoding=\"async\" src=\"https:\/\/www.vorspeisenplatte.de\/speisen\/archiv\/230430_03_Dorfen.jpg\" alt=\"\" width=\"514\" height=\"425\" class=\"alignnone size-full \" \/><\/a><\/p>\n<p>Dorfen mit einer seltenen Sehensw\u00fcrdigkeit: \u00d6ffentlichem Nahverkehr.<\/p>\n<p>Der gewohnte Abstieg nach Wolfratshausen wurde etwas anstrengend: Ein Hohlweg und ein Br\u00fcckerl \u00fcber eine anschlie\u00dfende kleine Schlucht waren wegen zahlreicher umgest\u00fcrzter B\u00e4ume eigentlich unpassierbar. Wir entschieden uns f\u00fcr Klettern \u00fcber die St\u00e4mme, denn der Abschnitt war nur kurz und die Alternative w\u00e4re ein gro\u00dfer Umweg gewesen.<\/p>\n<p>An der Loisach in Wolfratshausen machten wir auf einer Bank Pause, ich fr\u00fchst\u00fcckte eine Zimtschnecke, auch Herr Kaltmamsell hatte etwas dabei.<\/p>\n<p><a href=\"https:\/\/www.vorspeisenplatte.de\/speisen\/archiv\/230430_05_Wolfrathshausen.jpg\"><img loading=\"lazy\" decoding=\"async\" src=\"https:\/\/www.vorspeisenplatte.de\/speisen\/archiv\/230430_05_Wolfrathshausen.jpg\" alt=\"\" width=\"410\" height=\"547\" class=\"alignnone size-full wp-image-86831\" \/><\/a><\/p>\n<p>Fl\u00f6\u00dfer und Flo\u00dfruder.<\/p>\n<p>Zur\u00fcck \u00fcber und dann an der Loisach zum Ickinger Wehr war der Weg hin und wieder recht matschig, aber immer noch gut zu gehen.<\/p>\n<p><a href=\"https:\/\/www.vorspeisenplatte.de\/speisen\/archiv\/230430_07_Icking.jpg\"><img loading=\"lazy\" decoding=\"async\" src=\"https:\/\/www.vorspeisenplatte.de\/speisen\/archiv\/230430_07_Icking.jpg\" alt=\"\" width=\"352\" height=\"511\" class=\"alignnone size-full wp-image-86832\" \/><\/a><\/p>\n<p>Wir kamen an den S-Bahnhof Icking p\u00fcnktlich zur Einfahrt des Zugs zur\u00fcck nach M\u00fcnchen, waren etwa dreieinhalb Stunden unterwegs gewesen.<\/p>\n<p>In M\u00fcnchen hatte der Besuch ein Lokal zum Einkehren ausgesucht, das Craft Beer servierte &#8211; ein weiteres Interessensgebiet der beiden. Wir nahmen vom Heimeranplatz einen Bus ins Schlachthofviertel und setzten uns vors <a href=\"https:\/\/truebrew.co\/pages\/about-us\" rel=\"noopener\" target=\"_blank\">True Brew<\/a>. Dort gab es sehr interessante Biere, ich genoss auf Empfehlung mein Pale Ale Coastline (ich hatte um etwas Hopfiges, Herbes gebeten). Dazu mehr herzliche Gespr\u00e4che &#8211; und die Aussicht darauf, dass die beiden \u00f6fter mal nach M\u00fcnchen kommen w\u00fcrden, unter anderem zum Wandern.<\/p>\n<p>Zur\u00fcck daheim bereitete Herr Kaltmamsell das Nachtmahl zu: Der Ernteanteil hatte Emmernudeln von einem befreundeten Betrieb enthalten, die Gelben Bete daraus hatte ich morgens bereits gekocht, zusammen mit Feta wurde daraus ein sehr gutes Nudelgericht. Nachtisch Schokolade.<\/p>\n<p>Und ich stellte fest, dass ich schon wieder die Zusammenstellung der Lieblingstweets und -tr\u00f6ts zum Monatsende vergessen hatte. Diesmal hole ich&#8217;s halt am Ersten des Folgemonats nach.<\/p>\n<p>\u00a7<\/p>\n<p>Machen Sie sich lieber keine Hoffnungen auf einen milden Start in den Mai. In <i>Spektrum<\/i> erkl\u00e4rt Lars Fischer mit einem &#8220;dramatischen atmosph\u00e4rischen Ereignis im Februar&#8221;<br \/>\n<a href=\"https:\/\/www.spektrum.de\/news\/warum-das-wetter-erst-einmal-kuehl-bleibt\/2134251\" rel=\"noopener\" target=\"_blank\">&#8220;Warum es erst einmal k\u00fchl bleibt&#8221;.<\/a> <img loading=\"lazy\" decoding=\"async\" src=\"https:\/\/vg07.met.vgwort.de\/na\/d7690d2e34384aada5be674ff7a097aa\" width=\"1\" height=\"1\" alt=\"\"\/><\/p>\n","protected":false},"excerpt":{"rendered":"<p>Lang ausgeschlafen, und das auch noch gut &#8211; sehr sch\u00f6n. Gem\u00fctlicher Vormittag vor hellgrauer Drau\u00dfenkulisse mit W\u00e4schewaschen, einer Runde Yoga-Gymnastik. Ich buchte unsere Ferienwohnung in Brighton &#8211; doch f\u00fcr l\u00e4nger als urspr\u00fcnglich geplant, weil wir den Cotswolds Way in weniger Tagen als urspr\u00fcnglich geplant gehen werden: Die Unterk\u00fcnfte entlang des Wegs sind f\u00fcr Ende Juni [&hellip;]<\/p>\n","protected":false},"author":2,"featured_media":0,"comment_status":"open","ping_status":"closed","sticky":false,"template":"","format":"standard","meta":{"footnotes":""},"categories":[2,1,15],"tags":[],"class_list":["post-86818","post","type-post","status-publish","format-standard","hentry","category-fotos","category-general","category-wandern"],"_links":{"self":[{"href":"https:\/\/www.vorspeisenplatte.de\/speisen\/wp-json\/wp\/v2\/posts\/86818","targetHints":{"allow":["GET"]}}],"collection":[{"href":"https:\/\/www.vorspeisenplatte.de\/speisen\/wp-json\/wp\/v2\/posts"}],"about":[{"href":"https:\/\/www.vorspeisenplatte.de\/speisen\/wp-json\/wp\/v2\/types\/post"}],"author":[{"embeddable":true,"href":"https:\/\/www.vorspeisenplatte.de\/speisen\/wp-json\/wp\/v2\/users\/2"}],"replies":[{"embeddable":true,"href":"https:\/\/www.vorspeisenplatte.de\/speisen\/wp-json\/wp\/v2\/comments?post=86818"}],"version-history":[{"count":3,"href":"https:\/\/www.vorspeisenplatte.de\/speisen\/wp-json\/wp\/v2\/posts\/86818\/revisions"}],"predecessor-version":[{"id":86873,"href":"https:\/\/www.vorspeisenplatte.de\/speisen\/wp-json\/wp\/v2\/posts\/86818\/revisions\/86873"}],"wp:attachment":[{"href":"https:\/\/www.vorspeisenplatte.de\/speisen\/wp-json\/wp\/v2\/media?parent=86818"}],"wp:term":[{"taxonomy":"category","embeddable":true,"href":"https:\/\/www.vorspeisenplatte.de\/speisen\/wp-json\/wp\/v2\/categories?post=86818"},{"taxonomy":"post_tag","embeddable":true,"href":"https:\/\/www.vorspeisenplatte.de\/speisen\/wp-json\/wp\/v2\/tags?post=86818"}],"curies":[{"name":"wp","href":"https:\/\/api.w.org\/{rel}","templated":true}]}}