{"id":87018,"date":"2023-05-07T08:20:47","date_gmt":"2023-05-07T06:20:47","guid":{"rendered":"https:\/\/www.vorspeisenplatte.de\/speisen\/?p=87018"},"modified":"2023-05-07T08:20:47","modified_gmt":"2023-05-07T06:20:47","slug":"journal-samstag-6-mai-2023-coronation-party","status":"publish","type":"post","link":"https:\/\/www.vorspeisenplatte.de\/speisen\/2023\/05\/journal-samstag-6-mai-2023-coronation-party.htm","title":{"rendered":"Journal Samstag, 6. Mai 2023 &#8211; Coronation Party"},"content":{"rendered":"<p>Gut und tief geschlafen, zu freundlichem Wetter aufgestanden.<\/p>\n<p>Nach W\u00e4scheaufh\u00e4ngen und Bloggen \u00fcber Morgen-Milchkaffee<a href=\"https:\/\/www.vorspeisenplatte.de\/rezepte\/klassische-scones.htm\" rel=\"noopener\" target=\"_blank\"> buk ich Scones<\/a>, doppelte Menge, die ich zu den Kr\u00f6nungsfeierlichkeiten mitbringen w\u00fcrde &#8211; plus Clotted Cream, die Herr Kaltmamsell im Frischeparadies im Schlachthofviertel erjagt hatte (Kaufhof am Marienplatz hat sie nicht mehr).<\/p>\n<p><a href=\"https:\/\/www.vorspeisenplatte.de\/speisen\/archiv\/230506_03_Kroenungskleidung.jpg\"><img loading=\"lazy\" decoding=\"async\" src=\"https:\/\/www.vorspeisenplatte.de\/speisen\/archiv\/230506_03_Kroenungskleidung.jpg\" alt=\"\" width=\"225\" height=\"432\" class=\"alignnone size-full wp-image-87035\" \/><\/a><\/p>\n<p>Wenn ich diese Albernheit schon mitmachte, dann zu meinen Konditionen (die mir Herr Kaltmamsell erleichterte, indem er auf meinen Wunsch eine Krone besorgt hatte) und als republikanische Vertreterin der Kolonien. Ich mag Motto-Partys.<\/p>\n<p>Bl\u00f6derweise entglitt mir in der K\u00fcche eines der kostbaren Gl\u00e4ser mit Clotted Cream, und der Fliesenboden tat seinen Job: kaputtmachen.<\/p>\n<p>Reaktion von Herrn Kaltmamsell \u00fcbrigens, als ich ihm die Einladung zur Coronation Party vorlas: &#8220;Hat sowas von Fu\u00dfballspielgucken, wovon ich auch nichts verstehe.&#8221; <\/p>\n<p>Um zehn waren wir bei unseren Gastgebern, die wir fast ein halbes Jahr nicht mehr gesehen hatten und die mit einem riesigen Fr\u00fchst\u00fcck die Absurdit\u00e4t des Anlasses zelebrierten. Zu meiner gro\u00dfen Freude hatte ich schon vor 11 Uhr Fr\u00fchst\u00fccksappetit, und so a\u00df ich Semmeln, Leberk\u00e4s, K\u00e4se, Bratwurst, Scones mit Marmelade, K\u00e4sestangen, trank Cappuccino, Tee und Wasser.<\/p>\n<p><a href=\"https:\/\/twitter.com\/kscheib\" rel=\"noopener\" target=\"_blank\">@kscheib<\/a> hatte uns ein <a href=\"https:\/\/twitter.com\/kscheib\/status\/1652221242865336320\" rel=\"noopener\" target=\"_blank\">Coronation Bingo<\/a> zusammengestellt.<\/p>\n<p><a href=\"https:\/\/www.vorspeisenplatte.de\/speisen\/archiv\/230506_13_Coronation.jpg\"><img loading=\"lazy\" decoding=\"async\" src=\"https:\/\/www.vorspeisenplatte.de\/speisen\/archiv\/230506_13_Coronation.jpg\" alt=\"\" width=\"354\" height=\"473\" class=\"alignnone size-full wp-image-87036\" \/><\/a><\/p>\n<p>Es kam gleichzeitig mit dem Prosecco zum Einsatz (weil ich es bis dahin vergessen hatte).<br \/>\nSp\u00e4ter wurde auch noch Kr\u00f6nungstorte serviert, und zwar k\u00f6stliche Friesentorte.<\/p>\n<p><a href=\"https:\/\/www.vorspeisenplatte.de\/speisen\/archiv\/230506_14_Coronation.jpg\"><img loading=\"lazy\" decoding=\"async\" src=\"https:\/\/www.vorspeisenplatte.de\/speisen\/archiv\/230506_14_Coronation.jpg\" alt=\"\" width=\"305\" height=\"295\" class=\"alignnone size-full wp-image-87037\" \/><\/a><\/p>\n<p>Um halb vier war dann aber wirklich alles rum. K\u00f6nigs zogen sich zur\u00fcck, um hoffentlich die F\u00fc\u00dfe ein bisschen hochzulegen, wir verabschiedeten uns. Ein ganz klein Wenig hatte ich davon getr\u00e4umt, der englische K\u00f6nig w\u00fcrde gleich im Anschluss an die Kr\u00f6nung zur\u00fccktreten, weil &#8220;to be honest&#8221;, das Ganze dann doch reichlich \u00fcberholt &#8220;and a bit silly&#8221; sei &#8211; w\u00e4re der perfekte Moment gewesen, der nie wiederkommt.<\/p>\n<p>Auf dem Heimweg (mild, am Himmel Mischung aus Wolken aller Farben und Wolkenl\u00f6cher) zweigte ich zum Verdi S\u00fcpermarket f\u00fcr Eink\u00e4ufe ab &#8211; und entdeckte ein Kistlein mit hellen Zwiebeln einer spanischen Firma, auf der &#8220;dulce&#8221; stand, also s\u00fc\u00df. Ich nahm eine mit.<\/p>\n<p>Schweren Herzens lie\u00df ich die letzte Gelegenheit fahren, die Nifften alle drei im Chorkonzert zu sehen und zu h\u00f6ren (einer tritt danach aus) &#8211; doch am Sonntag w\u00fcrde ich f\u00fcr einen \u00dcbernachtungsgast am Montag vorr\u00e4umen m\u00fcssen, und sehnte mich zudem nach ein wenig Ruhe (meine Art von Ruhe).<\/p>\n<p>Eine Runde Yoga-Gymnastik, Spaziergang die Sonnenstra\u00dfe runter zur Packstation: Ein P\u00e4ckchen, das f\u00fcr Montag angek\u00fcndigt war, war bereits gestern in unserer Abwesenheit eingetroffen und lag nun dort zur Abholung bereit.<\/p>\n<p>F\u00fcrs Abendessen war wieder Appetit da: Es gab Romanasalat mit Tomaten &#8211; und der speziellen Zwiebel. Was soll ich sagen? Hurra! S\u00fc\u00dfe spanische Zwiebeln haben&#8217;s zum Verdi geschafft! Dann noch ein St\u00fcck K\u00e4se, Nachtisch ein wenig Schokolade.<\/p>\n<p>Der Flieder beduftete weiterhin das Wohnzimmer. <img loading=\"lazy\" decoding=\"async\" src=\"https:\/\/vg07.met.vgwort.de\/na\/d466f9c2506d42e0a5f69c529206bc12\" width=\"1\" height=\"1\" alt=\"\"\/><\/p>\n","protected":false},"excerpt":{"rendered":"<p>Gut und tief geschlafen, zu freundlichem Wetter aufgestanden. Nach W\u00e4scheaufh\u00e4ngen und Bloggen \u00fcber Morgen-Milchkaffee buk ich Scones, doppelte Menge, die ich zu den Kr\u00f6nungsfeierlichkeiten mitbringen w\u00fcrde &#8211; plus Clotted Cream, die Herr Kaltmamsell im Frischeparadies im Schlachthofviertel erjagt hatte (Kaufhof am Marienplatz hat sie nicht mehr). Wenn ich diese Albernheit schon mitmachte, dann zu meinen [&hellip;]<\/p>\n","protected":false},"author":2,"featured_media":0,"comment_status":"open","ping_status":"closed","sticky":false,"template":"","format":"standard","meta":{"footnotes":""},"categories":[6,2,1],"tags":[],"class_list":["post-87018","post","type-post","status-publish","format-standard","hentry","category-essen","category-fotos","category-general"],"_links":{"self":[{"href":"https:\/\/www.vorspeisenplatte.de\/speisen\/wp-json\/wp\/v2\/posts\/87018","targetHints":{"allow":["GET"]}}],"collection":[{"href":"https:\/\/www.vorspeisenplatte.de\/speisen\/wp-json\/wp\/v2\/posts"}],"about":[{"href":"https:\/\/www.vorspeisenplatte.de\/speisen\/wp-json\/wp\/v2\/types\/post"}],"author":[{"embeddable":true,"href":"https:\/\/www.vorspeisenplatte.de\/speisen\/wp-json\/wp\/v2\/users\/2"}],"replies":[{"embeddable":true,"href":"https:\/\/www.vorspeisenplatte.de\/speisen\/wp-json\/wp\/v2\/comments?post=87018"}],"version-history":[{"count":3,"href":"https:\/\/www.vorspeisenplatte.de\/speisen\/wp-json\/wp\/v2\/posts\/87018\/revisions"}],"predecessor-version":[{"id":87040,"href":"https:\/\/www.vorspeisenplatte.de\/speisen\/wp-json\/wp\/v2\/posts\/87018\/revisions\/87040"}],"wp:attachment":[{"href":"https:\/\/www.vorspeisenplatte.de\/speisen\/wp-json\/wp\/v2\/media?parent=87018"}],"wp:term":[{"taxonomy":"category","embeddable":true,"href":"https:\/\/www.vorspeisenplatte.de\/speisen\/wp-json\/wp\/v2\/categories?post=87018"},{"taxonomy":"post_tag","embeddable":true,"href":"https:\/\/www.vorspeisenplatte.de\/speisen\/wp-json\/wp\/v2\/tags?post=87018"}],"curies":[{"name":"wp","href":"https:\/\/api.w.org\/{rel}","templated":true}]}}