{"id":87083,"date":"2023-05-09T06:22:19","date_gmt":"2023-05-09T04:22:19","guid":{"rendered":"https:\/\/www.vorspeisenplatte.de\/speisen\/?p=87083"},"modified":"2023-05-30T16:58:56","modified_gmt":"2023-05-30T14:58:56","slug":"journal-montag-8-mai-2023-graue-laune-passend-zum-wetter","status":"publish","type":"post","link":"https:\/\/www.vorspeisenplatte.de\/speisen\/2023\/05\/journal-montag-8-mai-2023-graue-laune-passend-zum-wetter.htm","title":{"rendered":"Journal Montag, 8. Mai 2023 &#8211; Graue Laune passend zum Wetter"},"content":{"rendered":"<p>Mittelgute Nacht, ich schlief kaum tief.<\/p>\n<p>Aufgestanden zu grauem Himmel, aber es war mild. Auf dem Weg in die Arbeit tr\u00f6pfelte es mich an.<\/p>\n<p><a href=\"https:\/\/www.vorspeisenplatte.de\/speisen\/archiv\/230508_02_Fruehlingsfest.jpg\"><img loading=\"lazy\" decoding=\"async\" src=\"https:\/\/www.vorspeisenplatte.de\/speisen\/archiv\/230508_02_Fruehlingsfest.jpg\" alt=\"\" width=\"557\" height=\"367\" class=\"alignnone size-full wp-image-87090\" \/><\/a><\/p>\n<p>Keine zw\u00f6lf Stunden nach Schlie\u00dfung sah das Fr\u00fchlingsfest bereits halb abgebaut aus.<\/p>\n<p>Grottige und missg\u00fcnstige Laune.<\/p>\n<p>Im B\u00fcro emsiger Vormittag ohne Zerren an meinen Nerven.<\/p>\n<p>Mittagessen war mitgebrachter scharfer Karottensalat (Ernteanteil) mit frischem Koriander, dann gab es Mango und Orange mit Sojajoghurt.<\/p>\n<p>Zur schlechten Laune kam nachmittags Ungehaltenheit \u00fcber Schmerzen: Bauchweh, Kreuzweh, H\u00fcftweh rechts &#8211; was sollte das bitte?<\/p>\n<p>Nach Feierabend ging ich unter weiterhin grauem Himmel und in Temperaturen, die eine Jacke notwendig machten, nach Hause. Umweg \u00fcber Eink\u00e4ufe: Lebensmittel beim Vollcorner, bei einem Drogeriemarkt B\u00fcrobedarf &#8211; und eine neue Wasserfilterkanne. Nach sicher 15 Jahren leckt die vorhandene durch einen kleinen Riss im Boden. <\/p>\n<p>Daheim rasches R\u00e4umen: Es kam \u00dcbernachtungsbesuch. Zu dritt setzten wir uns zum Abendbrot zusammen, es gab das selbstgebackene Brot vom Sonntag, einen gro\u00dfen Teller K\u00e4se, Tomaten, G\u00fcrkchen, Paprika, Radieserln.<\/p>\n<p>Die Gespr\u00e4che mit dem Gast hatten mich aufgemuntert, dennoch f\u00fchlte ich mich total erledigt und ging fr\u00fch ins Bett.<\/p>\n","protected":false},"excerpt":{"rendered":"<p>Mittelgute Nacht, ich schlief kaum tief. Aufgestanden zu grauem Himmel, aber es war mild. Auf dem Weg in die Arbeit tr\u00f6pfelte es mich an. Keine zw\u00f6lf Stunden nach Schlie\u00dfung sah das Fr\u00fchlingsfest bereits halb abgebaut aus. Grottige und missg\u00fcnstige Laune. Im B\u00fcro emsiger Vormittag ohne Zerren an meinen Nerven. Mittagessen war mitgebrachter scharfer Karottensalat (Ernteanteil) [&hellip;]<\/p>\n","protected":false},"author":2,"featured_media":0,"comment_status":"open","ping_status":"closed","sticky":false,"template":"","format":"standard","meta":{"footnotes":""},"categories":[1],"tags":[],"class_list":["post-87083","post","type-post","status-publish","format-standard","hentry","category-general"],"_links":{"self":[{"href":"https:\/\/www.vorspeisenplatte.de\/speisen\/wp-json\/wp\/v2\/posts\/87083","targetHints":{"allow":["GET"]}}],"collection":[{"href":"https:\/\/www.vorspeisenplatte.de\/speisen\/wp-json\/wp\/v2\/posts"}],"about":[{"href":"https:\/\/www.vorspeisenplatte.de\/speisen\/wp-json\/wp\/v2\/types\/post"}],"author":[{"embeddable":true,"href":"https:\/\/www.vorspeisenplatte.de\/speisen\/wp-json\/wp\/v2\/users\/2"}],"replies":[{"embeddable":true,"href":"https:\/\/www.vorspeisenplatte.de\/speisen\/wp-json\/wp\/v2\/comments?post=87083"}],"version-history":[{"count":3,"href":"https:\/\/www.vorspeisenplatte.de\/speisen\/wp-json\/wp\/v2\/posts\/87083\/revisions"}],"predecessor-version":[{"id":87737,"href":"https:\/\/www.vorspeisenplatte.de\/speisen\/wp-json\/wp\/v2\/posts\/87083\/revisions\/87737"}],"wp:attachment":[{"href":"https:\/\/www.vorspeisenplatte.de\/speisen\/wp-json\/wp\/v2\/media?parent=87083"}],"wp:term":[{"taxonomy":"category","embeddable":true,"href":"https:\/\/www.vorspeisenplatte.de\/speisen\/wp-json\/wp\/v2\/categories?post=87083"},{"taxonomy":"post_tag","embeddable":true,"href":"https:\/\/www.vorspeisenplatte.de\/speisen\/wp-json\/wp\/v2\/tags?post=87083"}],"curies":[{"name":"wp","href":"https:\/\/api.w.org\/{rel}","templated":true}]}}