{"id":88448,"date":"2023-06-23T06:36:14","date_gmt":"2023-06-23T04:36:14","guid":{"rendered":"https:\/\/www.vorspeisenplatte.de\/speisen\/?p=88448"},"modified":"2023-06-23T09:50:44","modified_gmt":"2023-06-23T07:50:44","slug":"journal-donnerstag-22-juni-2023-blitzeinsatz-schoeffin-hitzepruegel","status":"publish","type":"post","link":"https:\/\/www.vorspeisenplatte.de\/speisen\/2023\/06\/journal-donnerstag-22-juni-2023-blitzeinsatz-schoeffin-hitzepruegel.htm","title":{"rendered":"Journal Donnerstag, 22. Juni 2023 &#8211; Blitzeinsatz Sch\u00f6ffin, Hitzepr\u00fcgel"},"content":{"rendered":"<p>Unruhige Nacht mit viel Zwischenaufwachen und einem Schlafloch, ich war froh, als es zehn Minuten vor Weckerklingeln sp\u00e4t genug war f\u00fcr Aufstehen. Die Schlafunterbrechungen hatte ich daf\u00fcr genutzt, nach Mitternacht Fenster und Balkont\u00fcren zu \u00f6ffnen, beim Zu-Bett-Gehen war es drau\u00dfen noch w\u00e4rmer gewesen als drinnen.<\/p>\n<p>Nach einem Balkonkaffee nahm ich wieder das Rad in die Arbeit, denn es sollte mich am fr\u00fchen Vormittag zu einem Einsatz als Sch\u00f6ffin ans Gericht bringen.<\/p>\n<p><a href=\"https:\/\/www.vorspeisenplatte.de\/speisen\/archiv\/230622_02_SchillerPettenkofer.jpg\"><img loading=\"lazy\" decoding=\"async\" src=\"https:\/\/www.vorspeisenplatte.de\/speisen\/archiv\/230622_02_SchillerPettenkofer.jpg\" alt=\"\" width=\"571\" height=\"421\" class=\"alignnone size-full \" \/><\/a><\/p>\n<p>Ganz weges Haus Schiller-, Ecke Pettenkoferstra\u00dfe. Ein Plakat erkl\u00e4rte (ich finde es sehr gro\u00dfartig, dass mittlerweile praktisch an jedem absichtlichen Stra\u00dfenloch in der Stadt Informationen zum Hintergrund zu finden sind), dass hier <a href=\"https:\/\/www.lmu.de\/de\/newsroom\/newsuebersicht\/news\/neubau-fuer-die-geo-und-umweltwissenschaften.html\" rel=\"noopener\" target=\"_blank\">der Neubau f\u00fcr die Geo- und Umweltwissenschaften der Ludwig-Maximilian-Universit\u00e4t<\/a> entsteht &#8211; ein ganz sch\u00f6ner Koloss (f\u00fcr den dem Foto zufolge auch das gr\u00fcnliche Geb\u00e4ude im Hintergrund weichen wird). <a href=\"https:\/\/www.gerberarchitekten.de\/projekt\/neubau-geowissenschaften-der-ludwig-maximilians-universitaet-muenchen\/\" rel=\"noopener\" target=\"_blank\">Hier mehr Pl\u00e4ne auf der Website des Architekturb\u00fcros<\/a> &#8211; ich hoffe sehr, dass die Saurierskelette im Eingangsbereich nicht nur erfunden sind.<\/p>\n<p>Unterwegs erinnerte mich etwas m\u00fchsames Treten daran, dass die Reifen Luft brauchten &#8211; und zu meiner \u00dcberraschung und Freude stellte ich fest, dass am Abstellplatz jemand, vielleicht sogar mein Arbeitgeber eine superduper Fahrradpumpe zur Verf\u00fcgung stellte. Mit der pumpte ich gleich Mal (<i>vor<\/i> Einstempeln!).<\/p>\n<p><a href=\"https:\/\/www.vorspeisenplatte.de\/speisen\/archiv\/230622_03_Luftpumpe.jpg\"><img loading=\"lazy\" decoding=\"async\" src=\"https:\/\/www.vorspeisenplatte.de\/speisen\/archiv\/230622_03_Luftpumpe.jpg\" alt=\"\" width=\"241\" height=\"366\" class=\"alignnone size-full wp-image-88470\" \/><\/a><\/p>\n<p>Den extrafr\u00fchen Arbeitsstart nutzte ich f\u00fcr Erledigungen. Kurz vor neun zur\u00fcck ans Rad, mit aufgepumpten Reifen fuhr es sich schon mal leichter durch die Morgenluft mit Hitzedrohung.<\/p>\n<p>Der Termin selbst am Amtsgericht war dann kurz: Verhandelt wurde ein Versto\u00df gegen das Bet\u00e4ubungsmittelgesetz, doch ein Zeuge war erkrankt, und die Verteidigung konnte gut begr\u00fcnden, warum sie dessen Aussage unbedingt brauchte. Ich lernte die Begriffe &#8220;Beiordnung&#8221;, &#8220;Verst\u00e4ndigung&#8221;, &#8220;Aussetzen&#8221; vs. &#8220;Fortsetzen&#8221; einer Verhandlung. Die Fortsetzung h\u00e4tte innerhalb der n\u00e4chsten drei Wochen passieren m\u00fcssen, doch wir beiden Sch\u00f6ffinnen hatten unsere Urlaubsstarts extra auf die Woche nach dem gestrigen Verhandlungstermin gelegt, in diesen drei Wochen waren wir beide verreist. Also setzte der Richter die Verhandlung aus, sie wurde ganz neu terminiert, auch mit neuen Sch\u00f6ff*innen. Nach gerade mal zwei Stunden stand ich wieder auf der Nymphenburger Stra\u00dfe und radelte B\u00fcro-w\u00e4rts (ein Gl\u00fcck: erst am Gericht erfuhr ich, dass die Verhandlung ganzt\u00e4gig angesetzt gewesen war, das h\u00e4tte meinen Arbeitstag gr\u00fcndlich zerschossen).<\/p>\n<p>Besonders: Der Zuschauerbereich des Gerichtsaals war bis zum letzten Platz besetzt, n\u00e4mlich von einer Schulkasse (nach meiner &#8211; ausgesprochen unzuverl\u00e4ssigen &#8211; Sch\u00e4tzung 15- bis 17-J\u00e4hrige), die so bunt zusammengesetzt war, als sei sie f\u00fcr Sportkleidungswerbung gecastet. Vielleicht aber sieht unsere Zukunft wirklich so aus, dann freue ich mich sehr auf sie.<\/p>\n<p>Unterwegs hielt ich auf einen Mittagscappuccino am Mahlwerk im Forum Schwanthalerh\u00f6he.<\/p>\n<p><a href=\"https:\/\/www.vorspeisenplatte.de\/speisen\/archiv\/230622_06_Mahlwerk.jpg\"><img loading=\"lazy\" decoding=\"async\" src=\"https:\/\/www.vorspeisenplatte.de\/speisen\/archiv\/230622_06_Mahlwerk.jpg\" alt=\"\" width=\"386\" height=\"510\" class=\"alignnone size-full wp-image-88471\" \/><\/a><\/p>\n<p>Im B\u00fcro wartete einiges auf mich. Mittagessen dann in drei G\u00e4ngen: Tomaten, Pumpernickel mit Butter, Mango (mir schoss durch den Kopf: Ich kann mir eine Bio-Mango zu 3,78 Euro leisten, ich habe wirklich keine Geldsorgen) und Pfirsich mit Sojajoghurt. <\/p>\n<p>Drau\u00dfen diesige Hitze, ich lie\u00df die Fenster sch\u00f6n zu, die T\u00fcr ins k\u00fchle Atrium aber offen. Die gro\u00dfen Au\u00dfen-Jalousien werden derzeit ersetzt, wir sind in der Phase Gar-keine-Au\u00dfenjalousien, also konnte ich nachmittags lediglich die Innen-Rollos gegen die heizende Sonne herablassen.<\/p>\n<p>Doch irgendwann war Feierabend, irgendwann musste ich da raus &#8211; die Luft vor dem B\u00fcrogeb\u00e4ude f\u00fchlte sich unangenehm dr\u00fcckend an. Solange ich auf dem Fahrrad unterwegs war, k\u00fchlte mich der Fahrtwind ein wenig, doch auch der war warm. Ich radelte zur Theaterkasse der Kammerspiele, denn die letzte Vorstellung meines Abos in dieser Spielzeit f\u00e4llt in meinen Urlaub. Das St\u00fcck wird aber nicht mehr nach meiner R\u00fcckkehr vor der Sommerpause aufgef\u00fchrt, ich bekam einen Gutschein.<\/p>\n<p>Die zwei Kilometer Heimfahrt durch glei\u00dfende Innenstadthitze unangenehm, ich war sehr froh, in die schattig k\u00fchle Wohnung heimzukommen.<\/p>\n<p>Beim Salatwaschen entschwitzte ich ein wenig, turnte dann Yoga-Gymnastik, machte den Ernteanteil-Kopfsalat mit der ersten Ernteanteil-Gurke und zugekauften Tomaten sowie gekochten Eiern in einem Joghurtdressing an. Das schmeckte sehr gut. Dann gab&#8217;s noch ordentlich Schokolade.<\/p>\n<p>Das angek\u00fcndigte Unwetter ging in der M\u00fcnchner Innenstadt \u00fcbersichtlich herab, brachte immer nur in kurzen Phasen Regen. Am beeindruckendsten war der Temperatursturz von \u00fcber 30 auf unter 20 Grad.<\/p>\n<p>\u00a7<\/p>\n<p>Selbst wenn Sie die ernsthafte Berichterstattung \u00fcber Klimawandel nur aus dem Augenwinkel mitbekommen, wird Ihnen aufgefallen sein, dass die Zeitpunkte, f\u00fcr die die ganz schlimmen Einschnitte vorhergesagt werden, sprunghaft n\u00e4herr\u00fccken. Vor zehn Jahren noch konnte ich mir einreden, dass sie mich nicht mehr betreffen werden, nach <a href=\"https:\/\/www.ipcc.ch\/ar6-syr\/\" rel=\"noopener\" target=\"_blank\">dem j\u00fcngsten IPCC-Bericht<\/a> (also der Sammlung von Messungen des Weltklimarats &#8211; wohlgemerkt fast ausschlie\u00dflich einfach Messwerte) musste ich mir bereits Sorgen um meine Zeit als Rentnerin machen, derzeit lese ich w\u00f6chentlich Meldungen, dass Prognosen bereits \u00fcberholt werden &#8211; also die, die gerne als &#8220;alarmistisch&#8221; abgetan wurden.<\/p>\n<p>Wenn Sie sich die Laune so richtig versauen wollen, schauen Sie bitte Kriminal-Biologe Dr. Mark Benecke zu, wie er eine gute Stunden lediglich \u00fcber Messungen berichtet (na gut, ein wenig Verbindungen stellt er dazwischen auch her).<\/p>\n<div class=\"video-wrapped\" style=\"width: 500px; height: 281px; background-image: url('https:\/\/www.vorspeisenplatte.de\/speisen\/wp-content\/plugins\/video-embed-privacy\/preview\/RPs9JdthcHU.jpg')\" data-embed-frame=\"&lt;iframe title=&quot;Hitze-, Umwelt- und Klima-Update Mai 2023 \ud83c\udf43 Stadt St. Augustin &amp;amp; Hochschule Rhein-Sieg&quot; width=&quot;500&quot; height=&quot;281&quot; src=&quot;https:\/\/www.youtube.com\/embed\/RPs9JdthcHU?feature=oembed&quot; frameborder=&quot;0&quot; allow=&quot;accelerometer; autoplay; clipboard-write; encrypted-media; gyroscope; picture-in-picture; web-share&quot; referrerpolicy=&quot;strict-origin-when-cross-origin&quot; allowfullscreen&gt;&lt;\/iframe&gt;\" data-embed-play=\"Abspielen&lt;div class=&quot;small&quot;&gt;Das Video wird von Youtube eingebettet abespielt. Es gilt die &lt;a href=&quot;https:\/\/www.google.com\/intl\/de\/policies\/privacy\/&quot; target=&quot;_blank&quot;&gt;Datenschutzerkl\u00e4rung von Google&lt;\/a&gt;&lt;\/div&gt;\">\n<div class=\"video-wrapped-nojs\">Aktivieren Sie JavaScript um das Video zu sehen.<br \/><a href=\"https:\/\/youtu.be\/RPs9JdthcHU\">https:\/\/youtu.be\/RPs9JdthcHU<\/a><\/div>\n<\/div>\n<p>Er zeigt auch Messungen \u00fcber die letzten 110 Jahre und noch l\u00e4ngere Zeitr\u00e4ume (f\u00fcr die Leute, die sich <i>immer noch<\/i> mit &#8220;Pah, es gab immer schon w\u00e4rmere Phasen in der Erdgeschichte&#8221; beruhigen). Ernennt die Quellen der Messungen und Daten, um klar zu machen: Das ist keine Meinung, <i>alle<\/i> Mess- und Forschungsinstitutionen stehen dahinter.<\/p>\n<p>Artensterben (Beneckes Fachgebiet): &#8220;Unaussprechlich.&#8221;<br \/>\nKlimaerw\u00e4rmung: &#8220;Wir sind derzeit im <i>worst case<\/i>.&#8221;<br \/>\n&#8220;Niemand hat Daten daf\u00fcr, dass das 1,5-Grad-Ziel zu erreichen ist.&#8221;<\/p>\n<p>Und wie ich werden Sie das alles danach wahrscheinlich sch\u00f6n wieder verdr\u00e4ngen und vergessen, weil es schlicht unertr\u00e4glich ist.<\/p>\n<p>(Beim Thema Landwirtschaft \u00fcbernehme ich allerdings nicht Beneckes Perspektive: Mich interessiert viel mehr, ob es Daten dazu gibt, dass die postulierte Abschaffung der gesamten Nutztierhaltung zu einer nachhaltigen und klimafreundlichen Landwirtschaft f\u00fchrt, also wirkungsvoller ist als die Abschaffung von Massentierhaltung und industrieller Landwirtschaft. Das behandelt Benecke nicht, er scheint mir auch in diesem Punkt Klima-Argumente &#8211; das meiste Mais und Soja wird f\u00fcr die Tierhaltung angebaut \/ Methanaussto\u00df &#8211; und emotionale Argumente &#8211; die armen Tiere! &#8211; zu vermischen.)<\/p>\n<p>\u00a7<\/p>\n<p>Kleine sch\u00f6ne Mastodon-Sammlung \u00fcber den <a href=\"https:\/\/fnordon.de\/@giardino\/110588603920563220\" rel=\"noopener\" target=\"_blank\">Siegeszug deutscher Kulinarik in der Welt<\/a>. <img loading=\"lazy\" decoding=\"async\" src=\"https:\/\/vg07.met.vgwort.de\/na\/ae6b22ba14664f97a53f4f349355a307\" width=\"1\" height=\"1\" alt=\"\"\/><\/p>\n","protected":false},"excerpt":{"rendered":"<p>Unruhige Nacht mit viel Zwischenaufwachen und einem Schlafloch, ich war froh, als es zehn Minuten vor Weckerklingeln sp\u00e4t genug war f\u00fcr Aufstehen. Die Schlafunterbrechungen hatte ich daf\u00fcr genutzt, nach Mitternacht Fenster und Balkont\u00fcren zu \u00f6ffnen, beim Zu-Bett-Gehen war es drau\u00dfen noch w\u00e4rmer gewesen als drinnen. Nach einem Balkonkaffee nahm ich wieder das Rad in die [&hellip;]<\/p>\n","protected":false},"author":2,"featured_media":0,"comment_status":"open","ping_status":"closed","sticky":false,"template":"","format":"standard","meta":{"footnotes":""},"categories":[6,1],"tags":[],"class_list":["post-88448","post","type-post","status-publish","format-standard","hentry","category-essen","category-general"],"_links":{"self":[{"href":"https:\/\/www.vorspeisenplatte.de\/speisen\/wp-json\/wp\/v2\/posts\/88448","targetHints":{"allow":["GET"]}}],"collection":[{"href":"https:\/\/www.vorspeisenplatte.de\/speisen\/wp-json\/wp\/v2\/posts"}],"about":[{"href":"https:\/\/www.vorspeisenplatte.de\/speisen\/wp-json\/wp\/v2\/types\/post"}],"author":[{"embeddable":true,"href":"https:\/\/www.vorspeisenplatte.de\/speisen\/wp-json\/wp\/v2\/users\/2"}],"replies":[{"embeddable":true,"href":"https:\/\/www.vorspeisenplatte.de\/speisen\/wp-json\/wp\/v2\/comments?post=88448"}],"version-history":[{"count":4,"href":"https:\/\/www.vorspeisenplatte.de\/speisen\/wp-json\/wp\/v2\/posts\/88448\/revisions"}],"predecessor-version":[{"id":88489,"href":"https:\/\/www.vorspeisenplatte.de\/speisen\/wp-json\/wp\/v2\/posts\/88448\/revisions\/88489"}],"wp:attachment":[{"href":"https:\/\/www.vorspeisenplatte.de\/speisen\/wp-json\/wp\/v2\/media?parent=88448"}],"wp:term":[{"taxonomy":"category","embeddable":true,"href":"https:\/\/www.vorspeisenplatte.de\/speisen\/wp-json\/wp\/v2\/categories?post=88448"},{"taxonomy":"post_tag","embeddable":true,"href":"https:\/\/www.vorspeisenplatte.de\/speisen\/wp-json\/wp\/v2\/tags?post=88448"}],"curies":[{"name":"wp","href":"https:\/\/api.w.org\/{rel}","templated":true}]}}