{"id":88480,"date":"2023-06-24T08:20:28","date_gmt":"2023-06-24T06:20:28","guid":{"rendered":"https:\/\/www.vorspeisenplatte.de\/speisen\/?p=88480"},"modified":"2023-06-24T09:20:04","modified_gmt":"2023-06-24T07:20:04","slug":"journal-freitag-23-juni-2023-feier-von-urlaubsstart-und-mittsommer","status":"publish","type":"post","link":"https:\/\/www.vorspeisenplatte.de\/speisen\/2023\/06\/journal-freitag-23-juni-2023-feier-von-urlaubsstart-und-mittsommer.htm","title":{"rendered":"Journal Freitag, 23. Juni 2023 &#8211; Feier von Urlaubsstart und Mittsommer"},"content":{"rendered":"<p>Guter Nachtschlaf, nach Aufwachen (mal zu Regenrauschen, mal zu Stille) schlief ich immer gleich wieder ein.<\/p>\n<p>Zeittypische Wetter-Ambivalenz:<br \/>\n1. &#8220;Oh super! Endlich ein echtes Regengebiet und nicht nur punktuelle Gewitter!&#8221;<br \/>\n2. &#8220;Aber muss das gerade heute Morgen kommen, wo ich doch dringend mit dem Rad in die Arbeit fahren wollte, um den privaten Vormittagtermin m\u00f6glichst zeitsparend wahrnehmen zu k\u00f6nnen?!&#8221;<\/p>\n<p>Ich ging also knurrend zu Fu\u00df in die Arbeit &#8211; Rad fahre ich zu selten, als dass sich eine Komplettausstattung f\u00fcr Regen lohnen w\u00fcrde (<a href=\"https:\/\/blogger.googleusercontent.com\/img\/a\/AVvXsEj4BEgJp3LWRlqhuHiu9VroXKD_-jw7Nm7yHUBSL0BhMdRNqDpXTPU-V07AxVcRVDiLH9rYDiACC6kk9yfQpDbnd1XciYe7p5BMs8ywfXOtOBZ7lbXDv4bmQvXeaGMWuri7xPnEvLTFg_O8nm-9SOzrQH_mo4evoBp7-73A8iy8Ctaf7y6PE-k2\" rel=\"noopener\" target=\"_blank\">auch wenn ich Frau Br\u00fcllen schon arg um diesen coolen Auftritt beneide<\/a> &#8211; man kann nicht alles haben).<\/p>\n<p><a href=\"https:\/\/www.vorspeisenplatte.de\/speisen\/archiv\/230623_01_Beethovenplatz.jpg\"><img loading=\"lazy\" decoding=\"async\" src=\"https:\/\/www.vorspeisenplatte.de\/speisen\/archiv\/230623_01_Beethovenplatz.jpg\" alt=\"\" width=\"589\" height=\"447\" class=\"alignnone size-full \" \/><\/a><\/p>\n<p><a href=\"https:\/\/www.vorspeisenplatte.de\/speisen\/archiv\/230623_03_Theresienwiese.jpg\"><img loading=\"lazy\" decoding=\"async\" src=\"https:\/\/www.vorspeisenplatte.de\/speisen\/archiv\/230623_03_Theresienwiese.jpg\" alt=\"\" width=\"540\" height=\"444\" class=\"alignnone size-full \" \/><\/a><\/p>\n<p>Zumindest (es gibt immer ein Zumindest) kam ich so dazu, nochmal die Theresienwiese zu kreuzen; nach meinem Urlaub wird sie bereits f\u00fcr den Oktoberfestaufbau gesperrt sein und erst nach Abbau im November wieder kreuzbar.<\/p>\n<p>Im B\u00fcro kam ich trotz gro\u00dfem Schirm mit sehr feuchtem unteren 25 Prozent Kleidung an, Wechselschuhe hatte ich dabei.<\/p>\n<p>Ordentlich was weggschafft (aber nichts Panisches, diesmal muss ich mir drei Urlaubswochen nicht durch \u00dcberarbeiten erkaufen), dann f\u00fcr Pedik\u00fcrentermin ausgestempelt. Der Regen hatte aufgeh\u00f6rt.<\/p>\n<p><a href=\"https:\/\/www.vorspeisenplatte.de\/speisen\/archiv\/230623_04_WestendstrStencil_1.jpg\"><img loading=\"lazy\" decoding=\"async\" src=\"https:\/\/www.vorspeisenplatte.de\/speisen\/archiv\/230623_04_WestendstrStencil_1.jpg\" alt=\"\" width=\"358\" height=\"451\" class=\"alignnone size-full wp-image-88498\" \/><\/a><\/p>\n<p><a href=\"https:\/\/www.vorspeisenplatte.de\/speisen\/archiv\/230623_04_WestendstrStencil_2.jpg\"><img loading=\"lazy\" decoding=\"async\" src=\"https:\/\/www.vorspeisenplatte.de\/speisen\/archiv\/230623_04_WestendstrStencil_2.jpg\" alt=\"\" width=\"319\" height=\"247\" class=\"alignnone size-full wp-image-88499\" \/><\/a><\/p>\n<p>Diese Stencils gibt es jetzt h\u00e4ufiger im Westend, hier u.a. interessante Abk\u00fcrzung von &#8220;eigentlich&#8221;.<\/p>\n<p>Mit sch\u00f6nen F\u00fc\u00dfen auf dem R\u00fcckweg kurze Einkehr auf einen Mittagscappuccino.<\/p>\n<p><a href=\"https:\/\/www.vorspeisenplatte.de\/speisen\/archiv\/230623_05_Stray.jpg\"><img loading=\"lazy\" decoding=\"async\" src=\"https:\/\/www.vorspeisenplatte.de\/speisen\/archiv\/230623_05_Stray.jpg\" alt=\"\" width=\"310\" height=\"401\" class=\"alignnone size-full wp-image-88501\" \/><\/a><\/p>\n<p>Ich hatte diesmal meinen eigenen Disco-Nagellack mitgebracht, weil der hoffentlich auch die sieben Wandertage in Stiefeln \u00fcbersteht. Vor R\u00fcckkehr an meinen Schreibtisch machte ich mir aktiv klar, dass jetzt der echte, eigentliche Jahresurlaub ansteht, mit Spa\u00df, Erholung und all dem &#8211; von selbst schien das nicht richtig angekommen zu sein, mein Hirn machte bereits Arbeitspl\u00e4ne f\u00fcr nach dem Urlaub.<\/p>\n<p>Wetter mild und sehr angenehm. Mittagessen war dann Birchermuesli mit Joghurt, mittelgute Pfirsiche und Aprikosen.<\/p>\n<p>Nachmittags noch Reste weggschafft, leider unter steigendem Schwindel. Heimweg \u00fcber S\u00fc\u00dfigkeiten-Eink\u00e4ufe, daheim Yoga-Gymnastik.<\/p>\n<p>Am Abend war ich mit Herrn Kaltmamsell zur Feier des Urlaubsstarts und des Mittsommers verabredet &#8211; zu einem ausgiebigen Essen im Romans mit besonders sch\u00f6nem Au\u00dfenbereich. Dass ausgerechnet gestern der einzige k\u00fchle Tag zwischen zwei ausgedehnten Sch\u00f6nwetterperioden eintraf, war halt doof.<\/p>\n<p>Wir nahmen eine U-Bahn zum Rotkreuzplatz, setzten uns auch ohne Sommerw\u00e4rme an einen Au\u00dfentisch, kamen wie erhofft ins Reden und Erz\u00e4hlen.<\/p>\n<p>Das Essen in Form des \u00dcberraschungsmen\u00fcs in vier G\u00e4ngen wie gewohnt anst\u00e4ndig, die Weine der Begleitung ok (leider bekam ich nicht mal die Flaschen zu sehen, die Gl\u00e4ser wurden bereits eingeschenkt serviert). Das Highlight war nach Bressaola und gebratenem Ziegenk\u00e4se, etwas pomfig gef\u00fcllten Ravioli mit Gamberini und Perlhuhn mit Erbsen-Kartoffelp\u00fc zu unser beider \u00dcberraschung das Dessert:<\/p>\n<p><a href=\"https:\/\/www.vorspeisenplatte.de\/speisen\/archiv\/230623_11_Romans.jpg\"><img loading=\"lazy\" decoding=\"async\" src=\"https:\/\/www.vorspeisenplatte.de\/speisen\/archiv\/230623_11_Romans.jpg\" alt=\"\" width=\"333\" height=\"444\" class=\"alignnone size-full wp-image-88502\" \/><\/a><\/p>\n<p>Halbgefrorenes Zitronenmousse mit Limoncello auf Vanillecreme, sehr aromatisch, und der S\u00fc\u00dfwein, ein Moscato, erwies sich als das beste Pairing.<\/p>\n<p>In meiner Jeansjacke hatte ich auch nicht gefroren, sowohl Urlaubsstart als auch Mittsommer waren hiermit gefeiert.<\/p>\n<p>\u00a7<\/p>\n<p>Derzeitige Wettervorhersage f\u00fcr den Wanderurlaub in England: Zwischen 19 und 22 Grad, wenig Sonne, manchmal Regen &#8211; also super. Ich hatte mich vor einer brutalen Hitzewelle wie vergangenen Sommer in England gef\u00fcrchtet.<\/p>\n<p>Und um das nochmal klarzustellen: Ich bin immer noch sehr beleidigt als EU-Empf\u00e4ngerin der Ohrfeige Brexit. Auch wenn der gr\u00f6\u00dfte Schaden damit wie prognostiziert in UK angerichtet wurde, hier ein Res\u00fcmee der drei Jahre Brexit von Imke K\u00f6hler, ARD London.<br \/>\n<a href=\"https:\/\/www.tagesschau.de\/ausland\/europa\/grossbritannien-brexit-104.html\" rel=\"noopener\" target=\"_blank\">&#8220;&#8216;Gro\u00dfbritannien pfeift aus dem letzten Loch'&#8221;.<\/a><\/p>\n<p>Meine Mutter ist wieder so freundlich, w\u00e4hrend unserer Abwesenheit auf unsere Wohnung aufzupassen. M\u00fcnchen m\u00f6chte sie nat\u00fcrlich auch genie\u00dfen, ich habe ihr Weg-Beschreibungen, mit Rad oder ohne, zu einigen gew\u00fcnschten Zielen zusammengestellt. Ganz speziell f\u00fcr sie eine Tiktok-Folge sandro.cap (Anmelde-Aufforderung einfach wegklicken):<br \/>\n<a href=\"https:\/\/www.tiktok.com\/@sandro.cap\/video\/7243832910569098522\" rel=\"noopener\" target=\"_blank\">&#8220;S\u00e4tze, die man am Sendlinger Tor h\u00f6rt&#8221;.<\/a> <img loading=\"lazy\" decoding=\"async\" src=\"https:\/\/vg07.met.vgwort.de\/na\/5216ede30c2a44fd9d1c4dde89fcda49\" width=\"1\" height=\"1\" alt=\"\"\/><\/p>\n","protected":false},"excerpt":{"rendered":"<p>Guter Nachtschlaf, nach Aufwachen (mal zu Regenrauschen, mal zu Stille) schlief ich immer gleich wieder ein. Zeittypische Wetter-Ambivalenz: 1. &#8220;Oh super! Endlich ein echtes Regengebiet und nicht nur punktuelle Gewitter!&#8221; 2. &#8220;Aber muss das gerade heute Morgen kommen, wo ich doch dringend mit dem Rad in die Arbeit fahren wollte, um den privaten Vormittagtermin m\u00f6glichst [&hellip;]<\/p>\n","protected":false},"author":2,"featured_media":0,"comment_status":"open","ping_status":"closed","sticky":false,"template":"","format":"standard","meta":{"footnotes":""},"categories":[6,2,1],"tags":[],"class_list":["post-88480","post","type-post","status-publish","format-standard","hentry","category-essen","category-fotos","category-general"],"_links":{"self":[{"href":"https:\/\/www.vorspeisenplatte.de\/speisen\/wp-json\/wp\/v2\/posts\/88480","targetHints":{"allow":["GET"]}}],"collection":[{"href":"https:\/\/www.vorspeisenplatte.de\/speisen\/wp-json\/wp\/v2\/posts"}],"about":[{"href":"https:\/\/www.vorspeisenplatte.de\/speisen\/wp-json\/wp\/v2\/types\/post"}],"author":[{"embeddable":true,"href":"https:\/\/www.vorspeisenplatte.de\/speisen\/wp-json\/wp\/v2\/users\/2"}],"replies":[{"embeddable":true,"href":"https:\/\/www.vorspeisenplatte.de\/speisen\/wp-json\/wp\/v2\/comments?post=88480"}],"version-history":[{"count":3,"href":"https:\/\/www.vorspeisenplatte.de\/speisen\/wp-json\/wp\/v2\/posts\/88480\/revisions"}],"predecessor-version":[{"id":88512,"href":"https:\/\/www.vorspeisenplatte.de\/speisen\/wp-json\/wp\/v2\/posts\/88480\/revisions\/88512"}],"wp:attachment":[{"href":"https:\/\/www.vorspeisenplatte.de\/speisen\/wp-json\/wp\/v2\/media?parent=88480"}],"wp:term":[{"taxonomy":"category","embeddable":true,"href":"https:\/\/www.vorspeisenplatte.de\/speisen\/wp-json\/wp\/v2\/categories?post=88480"},{"taxonomy":"post_tag","embeddable":true,"href":"https:\/\/www.vorspeisenplatte.de\/speisen\/wp-json\/wp\/v2\/tags?post=88480"}],"curies":[{"name":"wp","href":"https:\/\/api.w.org\/{rel}","templated":true}]}}