{"id":8905,"date":"2010-09-13T06:32:21","date_gmt":"2010-09-13T04:32:21","guid":{"rendered":"https:\/\/www.vorspeisenplatte.de\/speisen\/?p=8905"},"modified":"2010-09-13T06:32:21","modified_gmt":"2010-09-13T04:32:21","slug":"sommeraufbaumen","status":"publish","type":"post","link":"https:\/\/www.vorspeisenplatte.de\/speisen\/2010\/09\/sommeraufbaumen.htm","title":{"rendered":"Sommeraufb\u00e4umen"},"content":{"rendered":"<p>Ein wahrscheinlich letztes Mal bescherte mir mein sonnt\u00e4glicher Isarlauf Sommerbilder.<\/p>\n<p><img loading=\"lazy\" decoding=\"async\" src=\"https:\/\/www.vorspeisenplatte.de\/speisen\/archiv\/100912_Isarlauf_1.jpg\" alt=\"\" title=\"100912_Isarlauf_1\" width=\"549\" height=\"440\" class=\"alignnone size-full wp-image-8906\" \/><\/p>\n<p><img loading=\"lazy\" decoding=\"async\" src=\"https:\/\/www.vorspeisenplatte.de\/speisen\/archiv\/100912_Isarlauf_2.jpg\" alt=\"\" title=\"100912_Isarlauf_2\" width=\"513\" height=\"369\" class=\"alignnone size-full wp-image-8907\" \/><\/p>\n<p><img loading=\"lazy\" decoding=\"async\" src=\"https:\/\/www.vorspeisenplatte.de\/speisen\/archiv\/100912_Isarlauf_3.jpg\" alt=\"\" title=\"100912_Isarlauf_3\" width=\"451\" height=\"374\" class=\"alignnone size-full wp-image-8908\" \/><\/p>\n<p><img loading=\"lazy\" decoding=\"async\" src=\"https:\/\/www.vorspeisenplatte.de\/speisen\/archiv\/100912_Isarlauf_4.jpg\" alt=\"\" title=\"100912_Isarlauf_4\" width=\"370\" height=\"495\" class=\"alignnone size-full wp-image-8909\" \/><\/p>\n<p><img loading=\"lazy\" decoding=\"async\" src=\"https:\/\/www.vorspeisenplatte.de\/speisen\/archiv\/100912_Isarlauf_5.jpg\" alt=\"\" title=\"100912_Isarlauf_5\" width=\"562\" height=\"385\" class=\"alignnone size-full wp-image-8910\" \/><\/p>\n<p><img loading=\"lazy\" decoding=\"async\" src=\"https:\/\/www.vorspeisenplatte.de\/speisen\/archiv\/100912_Isarlauf_6.jpg\" alt=\"\" title=\"100912_Isarlauf_6\" width=\"407\" height=\"449\" class=\"alignnone size-full wp-image-8911\" \/><\/p>\n<p>Der H\u00fcftschwung von <a href=\"http:\/\/de.wikipedia.org\/wiki\/Vater-Rhein-Brunnen\" target=_\"new\">Vater Rhein<\/a> war mir vorher nie aufgefallen &#8211; sieht schmerzhaft aus. Doch auch er erkl\u00e4rt nicht, warum auf der Museumsinsel praktisch immer, wenn ich vorbeikomme, professionell gefilmt wird. Hat die Filmhochschule M\u00fcnchen vielleicht ein Pflichtseminar, das hier stattfindet?<\/p>\n","protected":false},"excerpt":{"rendered":"<p>Ein wahrscheinlich letztes Mal bescherte mir mein sonnt\u00e4glicher Isarlauf Sommerbilder. Der H\u00fcftschwung von Vater Rhein war mir vorher nie aufgefallen &#8211; sieht schmerzhaft aus. Doch auch er erkl\u00e4rt nicht, warum auf der Museumsinsel praktisch immer, wenn ich vorbeikomme, professionell gefilmt wird. Hat die Filmhochschule M\u00fcnchen vielleicht ein Pflichtseminar, das hier stattfindet?<\/p>\n","protected":false},"author":2,"featured_media":0,"comment_status":"open","ping_status":"closed","sticky":false,"template":"","format":"standard","meta":{"footnotes":""},"categories":[2],"tags":[],"class_list":["post-8905","post","type-post","status-publish","format-standard","hentry","category-fotos"],"_links":{"self":[{"href":"https:\/\/www.vorspeisenplatte.de\/speisen\/wp-json\/wp\/v2\/posts\/8905","targetHints":{"allow":["GET"]}}],"collection":[{"href":"https:\/\/www.vorspeisenplatte.de\/speisen\/wp-json\/wp\/v2\/posts"}],"about":[{"href":"https:\/\/www.vorspeisenplatte.de\/speisen\/wp-json\/wp\/v2\/types\/post"}],"author":[{"embeddable":true,"href":"https:\/\/www.vorspeisenplatte.de\/speisen\/wp-json\/wp\/v2\/users\/2"}],"replies":[{"embeddable":true,"href":"https:\/\/www.vorspeisenplatte.de\/speisen\/wp-json\/wp\/v2\/comments?post=8905"}],"version-history":[{"count":0,"href":"https:\/\/www.vorspeisenplatte.de\/speisen\/wp-json\/wp\/v2\/posts\/8905\/revisions"}],"wp:attachment":[{"href":"https:\/\/www.vorspeisenplatte.de\/speisen\/wp-json\/wp\/v2\/media?parent=8905"}],"wp:term":[{"taxonomy":"category","embeddable":true,"href":"https:\/\/www.vorspeisenplatte.de\/speisen\/wp-json\/wp\/v2\/categories?post=8905"},{"taxonomy":"post_tag","embeddable":true,"href":"https:\/\/www.vorspeisenplatte.de\/speisen\/wp-json\/wp\/v2\/tags?post=8905"}],"curies":[{"name":"wp","href":"https:\/\/api.w.org\/{rel}","templated":true}]}}