{"id":89118,"date":"2023-07-11T14:11:04","date_gmt":"2023-07-11T12:11:04","guid":{"rendered":"https:\/\/www.vorspeisenplatte.de\/speisen\/?p=89118"},"modified":"2024-02-03T12:04:37","modified_gmt":"2024-02-03T11:04:37","slug":"servicepost-wer-ich-gerade-bin","status":"publish","type":"post","link":"https:\/\/www.vorspeisenplatte.de\/speisen\/2023\/07\/servicepost-wer-ich-gerade-bin.htm","title":{"rendered":"Servicepost: Wer ich gerade bin"},"content":{"rendered":"<p><a href=\"https:\/\/www.vorspeisenplatte.de\/speisen\/archiv\/230713_08_Heathrow.jpg\"><img loading=\"lazy\" decoding=\"async\" src=\"https:\/\/www.vorspeisenplatte.de\/speisen\/archiv\/230713_08_Heathrow.jpg\" alt=\"\" width=\"281\" height=\"455\" class=\"alignnone size-full wp-image-89427\" \/><\/a><\/p>\n<p>K\u00fcrzlich fiel mir auf, kurz vorm 20. Geburtstag dieses Blogs, dass meine t\u00e4glichen Journal-Posts es ja doch recht schwer machen herauszufinden, wer ich eigentlich bin &#8211; man muss daf\u00fcr schon eine Weile mitlesen, wer will das schon. Und da dachte ich mir: Fass das doch mal als derzeitigen Status f\u00fcr Neuank\u00f6mmlinge zusammen.<\/p>\n<p>Hallo! Ich bin eine 56-j\u00e4hrige (nach Kalenderjahren gez\u00e4hlt, weil ich meinen Geburtstag nicht mag) wei\u00dfe cis Frau, verheiratet mit einem Mann, absichtlich kinderlos.<\/p>\n<p>Geboren wurde ich in Ingolstadt, wohnen tue ich seit \u00fcber 20 Jahren in M\u00fcnchens Stadtmitte zur Miete in einer sehr sch\u00f6nen und gro\u00dfen Wohnung.<\/p>\n<p>Meinen Lebensunterhalt bestreite ich durch Vollzeit-Angestelltentum als Sachbearbeiterin\/Assistenz in einer gro\u00dfen Forschungsorganisation. Mein beruflicher Hintergrund: Journalismus, Englische Literaturwissenschaft, Public Relations.<\/p>\n<p>Meine Hobbys sind Lesen und Schreiben, k\u00f6rperliche Bewegung (die mir durch Unversehrtheit nahezu unbeschr\u00e4nkt m\u00f6glich ist), Neues zu erfahren, Essen.<\/p>\n<p>Meine Eltern sind beide lebendig und fit, Vater geb\u00fcrtiger Spanier aus Madrid, Mutter Polen-st\u00e4mmig (es ist kompliziert). Au\u00dferdem habe ich einen Bruder, der mitsamt seiner Familie wichtig f\u00fcr mich ist.<\/p>\n","protected":false},"excerpt":{"rendered":"<p>K\u00fcrzlich fiel mir auf, kurz vorm 20. Geburtstag dieses Blogs, dass meine t\u00e4glichen Journal-Posts es ja doch recht schwer machen herauszufinden, wer ich eigentlich bin &#8211; man muss daf\u00fcr schon eine Weile mitlesen, wer will das schon. Und da dachte ich mir: Fass das doch mal als derzeitigen Status f\u00fcr Neuank\u00f6mmlinge zusammen. Hallo! Ich bin [&hellip;]<\/p>\n","protected":false},"author":2,"featured_media":89427,"comment_status":"open","ping_status":"closed","sticky":false,"template":"","format":"standard","meta":{"footnotes":""},"categories":[1],"tags":[],"class_list":["post-89118","post","type-post","status-publish","format-standard","has-post-thumbnail","hentry","category-general"],"_links":{"self":[{"href":"https:\/\/www.vorspeisenplatte.de\/speisen\/wp-json\/wp\/v2\/posts\/89118","targetHints":{"allow":["GET"]}}],"collection":[{"href":"https:\/\/www.vorspeisenplatte.de\/speisen\/wp-json\/wp\/v2\/posts"}],"about":[{"href":"https:\/\/www.vorspeisenplatte.de\/speisen\/wp-json\/wp\/v2\/types\/post"}],"author":[{"embeddable":true,"href":"https:\/\/www.vorspeisenplatte.de\/speisen\/wp-json\/wp\/v2\/users\/2"}],"replies":[{"embeddable":true,"href":"https:\/\/www.vorspeisenplatte.de\/speisen\/wp-json\/wp\/v2\/comments?post=89118"}],"version-history":[{"count":3,"href":"https:\/\/www.vorspeisenplatte.de\/speisen\/wp-json\/wp\/v2\/posts\/89118\/revisions"}],"predecessor-version":[{"id":94966,"href":"https:\/\/www.vorspeisenplatte.de\/speisen\/wp-json\/wp\/v2\/posts\/89118\/revisions\/94966"}],"wp:featuredmedia":[{"embeddable":true,"href":"https:\/\/www.vorspeisenplatte.de\/speisen\/wp-json\/wp\/v2\/media\/89427"}],"wp:attachment":[{"href":"https:\/\/www.vorspeisenplatte.de\/speisen\/wp-json\/wp\/v2\/media?parent=89118"}],"wp:term":[{"taxonomy":"category","embeddable":true,"href":"https:\/\/www.vorspeisenplatte.de\/speisen\/wp-json\/wp\/v2\/categories?post=89118"},{"taxonomy":"post_tag","embeddable":true,"href":"https:\/\/www.vorspeisenplatte.de\/speisen\/wp-json\/wp\/v2\/tags?post=89118"}],"curies":[{"name":"wp","href":"https:\/\/api.w.org\/{rel}","templated":true}]}}