{"id":89273,"date":"2023-07-16T08:42:14","date_gmt":"2023-07-16T06:42:14","guid":{"rendered":"https:\/\/www.vorspeisenplatte.de\/speisen\/?p=89273"},"modified":"2025-07-11T14:16:00","modified_gmt":"2025-07-11T12:16:00","slug":"journal-samstag-16-juli-2023-hitzeeinbruch-sturmschaeden-internettreffen","status":"publish","type":"post","link":"https:\/\/www.vorspeisenplatte.de\/speisen\/2023\/07\/journal-samstag-16-juli-2023-hitzeeinbruch-sturmschaeden-internettreffen.htm","title":{"rendered":"Journal Samstag, 16. Juli 2023 &#8211; Hitzeeinbruch, Sturmsch\u00e4den, Internettreffen"},"content":{"rendered":"<p>F\u00fcr gestern war ein heftiger Hitzeeinbruch angek\u00fcndigt, was mit meinen (seit Wochen stehenden) Laufpl\u00e4nen kollidierte. Ich stellte mir einen fr\u00fchen Wecker (sollte mich ja eh langsam wieder Arbeitstag-Aufstehzeiten n\u00e4hern), um die Morgenk\u00fchle zu nutzen. Nach einer unruhigen Nacht wachte ich allerdings mit b\u00f6sen Kopfschmerzen und allgemeiner Wackeligkeit auf (dem Bauch geht&#8217;s wieder nicht so gut). Also lie\u00df ich den Morgen ruhig angehen, bloggte \u00fcber Balkonkaffee und reichlich Wasser, bis es mir zum Gl\u00fcck besser ging.<\/p>\n<p>So kam ich allerdings erst um neun los zum Laufen, und schon beim Radeln zum Friedensengel sp\u00fcrte ich die Hitze heranwogen. Die Wohnung hatte ich vor dem Verlassen bereits mit Rolll\u00e4den verschattet, alle Au\u00dfenfenster geschlossen und nur die zum Innenhof gekippt.<\/p>\n<p>Tagesthema wurde: Erstaunlich, wie viel Sonne an Orten niederpr\u00fcgeln kann, die ich bis gestern als &#8220;schattig&#8221; bezeichnet h\u00e4tte. Vielleicht bin ich auch aus der \u00dcbung, musste ich durch die drei angenehm temperierten Wochen in England ja nicht lernen, mit der hiesigen Hitze zurecht zu kommen.<\/p>\n<p>Dennoch ging das Laufen recht gut. Ich lie\u00df das Radl an der Max-Joseph-Br\u00fccke stehen, trabte langsam los &#8211; und bemerkte zum ersten Mal, dass diese Strecke, die ich als fast komplett beschattet in Erinnerung hatte, ganz sch\u00f6n viel Sonne enth\u00e4lt. Doch immer wieder kam leichter Wind auf und aktivierte die K\u00fchlfunktion des Schwei\u00dffilms auf der Haut.<\/p>\n<p><a href=\"https:\/\/www.vorspeisenplatte.de\/speisen\/archiv\/230715_04a_Friedensengel.jpg\"><img loading=\"lazy\" decoding=\"async\" src=\"https:\/\/www.vorspeisenplatte.de\/speisen\/archiv\/230715_04a_Friedensengel.jpg\" alt=\"\" width=\"391\" height=\"489\" class=\"alignnone size-full wp-image-89282\" \/><\/a><\/p>\n<p><a href=\"https:\/\/www.vorspeisenplatte.de\/speisen\/archiv\/230715_05_Friedensengel.jpg\"><img loading=\"lazy\" decoding=\"async\" src=\"https:\/\/www.vorspeisenplatte.de\/speisen\/archiv\/230715_05_Friedensengel.jpg\" alt=\"\" width=\"325\" height=\"566\" class=\"alignnone size-full wp-image-89283\" \/><\/a><\/p>\n<p><a href=\"https:\/\/www.vorspeisenplatte.de\/speisen\/archiv\/230715_06_Tivoli.jpg\"><img loading=\"lazy\" decoding=\"async\" src=\"https:\/\/www.vorspeisenplatte.de\/speisen\/archiv\/230715_06_Tivoli.jpg\" alt=\"\" width=\"384\" height=\"533\" class=\"alignnone size-full wp-image-89284\" \/><\/a><\/p>\n<p><a href=\"https:\/\/www.vorspeisenplatte.de\/speisen\/archiv\/230715_08a_FoehringerWehr.jpg\"><img loading=\"lazy\" decoding=\"async\" src=\"https:\/\/www.vorspeisenplatte.de\/speisen\/archiv\/230715_08a_FoehringerWehr.jpg\" alt=\"\" width=\"403\" height=\"504\" class=\"alignnone size-full wp-image-89285\" \/><\/a><\/p>\n<p><a href=\"https:\/\/www.vorspeisenplatte.de\/speisen\/archiv\/230715_11_StEmmeram.jpg\"><img loading=\"lazy\" decoding=\"async\" src=\"https:\/\/www.vorspeisenplatte.de\/speisen\/archiv\/230715_11_StEmmeram.jpg\" alt=\"\" width=\"423\" height=\"529\" class=\"alignnone size-full wp-image-89286\" \/><\/a><\/p>\n<p><a href=\"https:\/\/www.vorspeisenplatte.de\/speisen\/archiv\/230715_12_FoehringerWehr.jpg\"><img loading=\"lazy\" decoding=\"async\" src=\"https:\/\/www.vorspeisenplatte.de\/speisen\/archiv\/230715_12_FoehringerWehr.jpg\" alt=\"\" width=\"368\" height=\"498\" class=\"alignnone size-full wp-image-89287\" \/><\/a><\/p>\n<p><a href=\"https:\/\/www.vorspeisenplatte.de\/speisen\/archiv\/230715_14_FoehringerWehr.jpg\"><img loading=\"lazy\" decoding=\"async\" src=\"https:\/\/www.vorspeisenplatte.de\/speisen\/archiv\/230715_14_FoehringerWehr.jpg\" alt=\"\" width=\"524\" height=\"393\" class=\"alignnone size-full \" \/><\/a><\/p>\n<p>Das Unwetter in der Woche zuvor hatte gro\u00dfe L\u00f6cher in die Isarauen gerissen &#8211; selbstverst\u00e4ndlich bereits von den Wegen ger\u00e4umt. Hier ein m\u00e4chtiger umgest\u00fcrzter Ahorn, wie man sieht, bestehen seine Wurzeln aus einem flachen Teller.<\/p>\n<p><a href=\"https:\/\/www.vorspeisenplatte.de\/speisen\/archiv\/230715_16_Friedensengel.jpg\"><img loading=\"lazy\" decoding=\"async\" src=\"https:\/\/www.vorspeisenplatte.de\/speisen\/archiv\/230715_16_Friedensengel.jpg\" alt=\"\" width=\"380\" height=\"494\" class=\"alignnone size-full wp-image-89289\" \/><\/a><\/p>\n<p>Nach dem Duschen ging ich nochmal raus auf eine Einkaufsrunde, ich brauchte Detail-Bl\u00f6dsinn f\u00fcr ein Party-Styling und besorgte ein wenig Lebensmittel.<\/p>\n<p>In der Fu\u00dfg\u00e4ngerzone h\u00f6rte ich viel Spanisch, dachte erst: &#8220;Na, das mit der Hitzeflucht nach Deutschland hat wohl nicht ganz geklappt.&#8221; Dann aber: &#8220;Hey, 35 Grad in M\u00fcnchen sind immer noch zehn Grad weniger als derzeit auf der iberischen Halbinsel, <i>\u00a1disfruten!<\/i>&#8221;<\/p>\n<p>Daheim noch ein Milchkaffee, dann spazierte ich langsam zu einer Eiscaf\u00e9-Verabredung im Dreim\u00fchlenviertel: Nach 20 Jahren Lesen sah und sprach ich einen Wiener Menschen hinter Blog\/Twitter\/instagram\/Mastodon in Person. Das war sehr sch\u00f6n.<\/p>\n<p>Dazu gab&#8217;s Bier-Schorle (ich hatte um alkoholfreies Wei\u00dfbier gebeten, gab&#8217;s nicht, auf meinen Wunsch &#8220;ohne Alkohol, mit Geschmack, aber nicht s\u00fc\u00df&#8221;, servierte man mir ein sauer gespritztes alkoholfreies Bier mit einem Schuss Zitrone &#8211; ganz hervorragend, ich trank drei davon) und als Fr\u00fchst\u00fcck einen Erdbeerbecher.<\/p>\n<p><a href=\"https:\/\/www.vorspeisenplatte.de\/speisen\/archiv\/230715_19_AlterSuedfriedhof.jpg\"><img loading=\"lazy\" decoding=\"async\" src=\"https:\/\/www.vorspeisenplatte.de\/speisen\/archiv\/230715_19_AlterSuedfriedhof.jpg\" alt=\"\" width=\"484\" height=\"399\" class=\"alignnone size-full \" \/><\/a><\/p>\n<p>Auch auf dem Alten S\u00fcdfriedhof deutlich mehr pr\u00fcgelnde Sonne, als ich es in Erinnerung hatte. Und zahlreiche bereits klein geschnittene, vom Unwetter gef\u00e4llte B\u00e4ume.<\/p>\n<p><a href=\"https:\/\/www.vorspeisenplatte.de\/speisen\/archiv\/230715_21_AlterSuedfriedhof.jpg\"><img loading=\"lazy\" decoding=\"async\" src=\"https:\/\/www.vorspeisenplatte.de\/speisen\/archiv\/230715_21_AlterSuedfriedhof.jpg\" alt=\"\" width=\"484\" height=\"363\" class=\"alignnone size-full \" \/><\/a><\/p>\n<p><a href=\"https:\/\/www.vorspeisenplatte.de\/speisen\/archiv\/230715_24_AlterSuedfriedhof.jpg\"><img loading=\"lazy\" decoding=\"async\" src=\"https:\/\/www.vorspeisenplatte.de\/speisen\/archiv\/230715_24_AlterSuedfriedhof.jpg\" alt=\"\" width=\"482\" height=\"364\" class=\"alignnone size-full \" \/><\/a><\/p>\n<p>Lustig bei meiner Heimkehr: Mir war schwindlig und hei\u00df, und sobald ich mich auf den Boden legte, floss der Schwei\u00df (nein wirklich: Haare und Shirt waren nass, auf dem Parkett musste ich eine Lache aufwischen) &#8211; und diesmal war ich erst unsicher, ob mein Kreislauf wie seit \u00fcber 20 Jahren Schwindel-Schwei\u00df-Frier-Purzelbaum schlug oder diesmal die Hitze schuld war (es war das \u00dcbliche, abschlie\u00dfendes Frieren im nassen Shirt als Beweis).<\/p>\n<p>Als sich meine Systeme beruhigt hatten, turnte ich eine Runde Yoga-Gymnastik, auf die ich mich gefreut hatte. Zum Nachtmahl hatte Herr Kaltmamsell auf meinen Wunsch <a href=\"https:\/\/chili-und-ciabatta.de\/2018\/07\/okroschka-kalte-russische-sommersuppe\/\" rel=\"noopener\" target=\"_blank\">Okroschka<\/a> vorbereitet.<\/p>\n<p><a href=\"https:\/\/www.vorspeisenplatte.de\/speisen\/archiv\/230715_25_Nachtmahl.jpg\"><img loading=\"lazy\" decoding=\"async\" src=\"https:\/\/www.vorspeisenplatte.de\/speisen\/archiv\/230715_25_Nachtmahl.jpg\" alt=\"\" width=\"406\" height=\"333\" class=\"alignnone size-full wp-image-89293\" \/><\/a><\/p>\n<p>Schmeckte wunderbar, hat sich als meine liebste kalte Suppe etabliert. Diesmal verwendete Herr Kaltmamsell wie geplant Schinkenw\u00fcrfeln: gut aber nicht ideal, n\u00e4chster Versuch mit R\u00e4uchertofu. Dazu gab es <i>tinto de verano<\/i> (wieder ein Posten auf der Sommerliste abgehakt), Nachtisch S\u00fc\u00dfigkeiten.<\/p>\n<p>Beim Schlafengehen war es drau\u00dfen immer noch deutlich w\u00e4rmer als in der Wohnung, die Fenster blieben erstmal zu. <img loading=\"lazy\" decoding=\"async\" src=\"https:\/\/vg07.met.vgwort.de\/na\/019dc02e7f0e4452a6a43e57c9691ac6\" width=\"1\" height=\"1\" alt=\"\"\/><\/p>\n","protected":false},"excerpt":{"rendered":"<p>F\u00fcr gestern war ein heftiger Hitzeeinbruch angek\u00fcndigt, was mit meinen (seit Wochen stehenden) Laufpl\u00e4nen kollidierte. Ich stellte mir einen fr\u00fchen Wecker (sollte mich ja eh langsam wieder Arbeitstag-Aufstehzeiten n\u00e4hern), um die Morgenk\u00fchle zu nutzen. Nach einer unruhigen Nacht wachte ich allerdings mit b\u00f6sen Kopfschmerzen und allgemeiner Wackeligkeit auf (dem Bauch geht&#8217;s wieder nicht so gut). [&hellip;]<\/p>\n","protected":false},"author":2,"featured_media":0,"comment_status":"open","ping_status":"closed","sticky":false,"template":"","format":"standard","meta":{"footnotes":""},"categories":[6,2,1],"tags":[],"class_list":["post-89273","post","type-post","status-publish","format-standard","hentry","category-essen","category-fotos","category-general"],"_links":{"self":[{"href":"https:\/\/www.vorspeisenplatte.de\/speisen\/wp-json\/wp\/v2\/posts\/89273","targetHints":{"allow":["GET"]}}],"collection":[{"href":"https:\/\/www.vorspeisenplatte.de\/speisen\/wp-json\/wp\/v2\/posts"}],"about":[{"href":"https:\/\/www.vorspeisenplatte.de\/speisen\/wp-json\/wp\/v2\/types\/post"}],"author":[{"embeddable":true,"href":"https:\/\/www.vorspeisenplatte.de\/speisen\/wp-json\/wp\/v2\/users\/2"}],"replies":[{"embeddable":true,"href":"https:\/\/www.vorspeisenplatte.de\/speisen\/wp-json\/wp\/v2\/comments?post=89273"}],"version-history":[{"count":3,"href":"https:\/\/www.vorspeisenplatte.de\/speisen\/wp-json\/wp\/v2\/posts\/89273\/revisions"}],"predecessor-version":[{"id":110248,"href":"https:\/\/www.vorspeisenplatte.de\/speisen\/wp-json\/wp\/v2\/posts\/89273\/revisions\/110248"}],"wp:attachment":[{"href":"https:\/\/www.vorspeisenplatte.de\/speisen\/wp-json\/wp\/v2\/media?parent=89273"}],"wp:term":[{"taxonomy":"category","embeddable":true,"href":"https:\/\/www.vorspeisenplatte.de\/speisen\/wp-json\/wp\/v2\/categories?post=89273"},{"taxonomy":"post_tag","embeddable":true,"href":"https:\/\/www.vorspeisenplatte.de\/speisen\/wp-json\/wp\/v2\/tags?post=89273"}],"curies":[{"name":"wp","href":"https:\/\/api.w.org\/{rel}","templated":true}]}}