{"id":8951,"date":"2010-09-18T07:33:28","date_gmt":"2010-09-18T05:33:28","guid":{"rendered":"https:\/\/www.vorspeisenplatte.de\/speisen\/?p=8951"},"modified":"2010-09-18T07:33:28","modified_gmt":"2010-09-18T05:33:28","slug":"figaro-goblin","status":"publish","type":"post","link":"https:\/\/www.vorspeisenplatte.de\/speisen\/2010\/09\/figaro-goblin.htm","title":{"rendered":"Figaro Goblin"},"content":{"rendered":"<p>Nicht, dass ich richtig unzufrieden gewesen w\u00e4re mit meinem Friseur der letzten beiden Jahre. Doch zum einen bewirkte sein Schnittstil (alles irgendwie durchgestuft), dass ich nach dem Friseurbesuch nicht gro\u00df anders aussah als vorher, nur k\u00fcrzer. Zum anderen plapperte er unaufh\u00f6rlich auf mich ein, und das auch noch zu Themen, wegen derer mich die Buntes und Galas dieser Welt nicht interessieren: Tratsch und Skand\u00e4lchen \u00fcber (anonymisierte) Kundinnen, ehemalige Arbeitgeber, ehemalige und aktuelle \u201eSchatzis\u201c.<\/p>\n<p>Als ich also kurz hintereinander an zwei Kolleginnen auffallend gute Haarschnitte von einem Friseur gleich ums B\u00fcroeck sah, holte ich mir dort einen Termin.<\/p>\n<p>Dem jungen Chef (ohne erkennbaren Haarschnitt, daf\u00fcr mit rauswachsender Farbe) hielt ich <a href=\"http:\/\/www.tinaberning.online.de\/detail.php?kategorie=work&#038;id=40&#038;bild=0\" target=_\"new\">dieses Bild<\/a><sup><a href=\"#footnote_1_8951\" id=\"identifier_1_8951\" class=\"footnote-link footnote-identifier-link\" title=\"Vielleicht m&ouml;gen Sie sich auf der Website der Illustratorin mal umsehen?\">1<\/a><\/sup> unter die Augen, lie\u00df ihm aber die Option, dass diese Art Schnitt nicht mit meiner Art Haar funktioniert. Er holte durch Fragen aus mir heraus, dass ich die 60er-Variante auf dem Bild gerne mit dem typisch kurzen Nacken des 80er-Jahr-Bobs h\u00e4tte. Und dann legte er los.<\/p>\n<p>Beim Haarewaschen unterhielt er sich mit seinen Kollegen \u00fcber j\u00fcngste Erlebnisse bei <i>Das schwarze Auge<\/i>. \u201eAber doch nicht etwa <i>table top<\/i>?\u201c platzte ich wichtigtuerisch heraus (dabei gibt es das wahrscheinlich gar nicht als <i>table top<\/i>). Nein, meinte er, er treffe sich da mit Leuten drau\u00dfen&#8230; \u201eAh, LARP,\u201c wichtigtat ich weiter, diesmal schon etwas sicherer in der Terminologie. Ich entschuldigte meine Kenntnis des Begriffs damit, dass ich seit 14 Jahren mit einem Rollenspieler der ersten Generation verheiratet bin. So kam es, dass ich mit dem Herrn w\u00e4hrend des Haareschneidens \u00fcber das anstehenden Neo-Cthulhu-Event plauderte, warum er sich nach langem Dasein als Elf dazu entschlossen hatte, nunmehr ein Goblin zu sein, wie sich die Zusammensetzung der LARP-Szene \u00fcber die vergangenen Jahre ver\u00e4ndert hat, dass er zusammen mit P\u00e4dagoginnen Jugend-LARPs vorbereitet. Au\u00dferdem erz\u00e4hlte er mir den Film <a href=\"http:\/\/de.wikipedia.org\/wiki\/The_Gamers\" target=_\"new\"><i>The Gamers<\/i><\/a>. Es gibt also doch interessante Friseurgespr\u00e4che.<\/p>\n<p>Dass der Haarschnitt genau das war, was ich mir erhofft hatte, nur besser, versteht sich fast von selbst. Da gehe ich wieder hin.<\/p>\n<ol class=\"footnotes\"><li id=\"footnote_1_8951\" class=\"footnote\">Vielleicht m\u00f6gen Sie sich auf der Website der Illustratorin mal umsehen?<span class=\"footnote-back-link-wrapper\"> [<a href=\"#identifier_1_8951\" class=\"footnote-link footnote-back-link\">&#8617;<\/a>]<\/span><\/li><\/ol>","protected":false},"excerpt":{"rendered":"<p>Nicht, dass ich richtig unzufrieden gewesen w\u00e4re mit meinem Friseur der letzten beiden Jahre. Doch zum einen bewirkte sein Schnittstil (alles irgendwie durchgestuft), dass ich nach dem Friseurbesuch nicht gro\u00df anders aussah als vorher, nur k\u00fcrzer. Zum anderen plapperte er unaufh\u00f6rlich auf mich ein, und das auch noch zu Themen, wegen derer mich die Buntes [&hellip;]<\/p>\n","protected":false},"author":2,"featured_media":0,"comment_status":"open","ping_status":"closed","sticky":false,"template":"","format":"standard","meta":{"footnotes":""},"categories":[1],"tags":[],"class_list":["post-8951","post","type-post","status-publish","format-standard","hentry","category-general"],"_links":{"self":[{"href":"https:\/\/www.vorspeisenplatte.de\/speisen\/wp-json\/wp\/v2\/posts\/8951","targetHints":{"allow":["GET"]}}],"collection":[{"href":"https:\/\/www.vorspeisenplatte.de\/speisen\/wp-json\/wp\/v2\/posts"}],"about":[{"href":"https:\/\/www.vorspeisenplatte.de\/speisen\/wp-json\/wp\/v2\/types\/post"}],"author":[{"embeddable":true,"href":"https:\/\/www.vorspeisenplatte.de\/speisen\/wp-json\/wp\/v2\/users\/2"}],"replies":[{"embeddable":true,"href":"https:\/\/www.vorspeisenplatte.de\/speisen\/wp-json\/wp\/v2\/comments?post=8951"}],"version-history":[{"count":0,"href":"https:\/\/www.vorspeisenplatte.de\/speisen\/wp-json\/wp\/v2\/posts\/8951\/revisions"}],"wp:attachment":[{"href":"https:\/\/www.vorspeisenplatte.de\/speisen\/wp-json\/wp\/v2\/media?parent=8951"}],"wp:term":[{"taxonomy":"category","embeddable":true,"href":"https:\/\/www.vorspeisenplatte.de\/speisen\/wp-json\/wp\/v2\/categories?post=8951"},{"taxonomy":"post_tag","embeddable":true,"href":"https:\/\/www.vorspeisenplatte.de\/speisen\/wp-json\/wp\/v2\/tags?post=8951"}],"curies":[{"name":"wp","href":"https:\/\/api.w.org\/{rel}","templated":true}]}}