{"id":90779,"date":"2023-09-07T06:36:34","date_gmt":"2023-09-07T04:36:34","guid":{"rendered":"https:\/\/www.vorspeisenplatte.de\/speisen\/?p=90779"},"modified":"2023-09-07T07:12:38","modified_gmt":"2023-09-07T05:12:38","slug":"journal-mittwoch-6-september-2023-wohnungswiderstand","status":"publish","type":"post","link":"https:\/\/www.vorspeisenplatte.de\/speisen\/2023\/09\/journal-mittwoch-6-september-2023-wohnungswiderstand.htm","title":{"rendered":"Journal Mittwoch, 6. September 2023 &#8211; Wohnungswiderstand"},"content":{"rendered":"<p>Gut und nahezu durchgeschlafen &#8211; eine Erleichterung, weil in mir gerade mal wieder d\u00fcstere Wolken h\u00e4ngen und ich beim Einschlafen einfach keinen <i>happy place<\/i> fand. Naheliegende Erkl\u00e4rung w\u00e4re, dass mir die Lekt\u00fcre der Herrndorf-Biografie nicht gut tut, doch mittlerweile wei\u00df ich, dass erst die Stimmung da ist (Biochemie) und dann der Wahrnehmungsfilter.<br \/>\n(Dann wieder: Als mir vormittags ein Weg aus einer &#8211; kleinen, unwichtigen &#8211; Zwickm\u00fchle einfiel, trug mich der Erleichterungs- und Euphorie-Schub bis Mittag. Ich muss oft an die &#8220;mood organ&#8221; in Philipp K. Dicks Roman <i>Do androids dream of electric sheep<\/i> denken, die Stimmungsorgel, mit der die Frau des Protagonisten morgens immer ihre Gef\u00fchlslage f\u00fcr den Tag einstellt.)<\/p>\n<p>Vielleicht ist diese Wohnung, in die wir vor zweieinhalb Jahren zwei Stockwerke nach oben gezogen sind, und <i>nur<\/i> diese Wohnung im Haus, dann doch auf einem ehemaligen Galgenopfer-Friedhof gebaut. Nach einer Wohnungst\u00fcr, die sich seit einiger Zeit nur mit Kraftaufwand schlie\u00dfen l\u00e4sst (Schlosser war mittlerweile da, ein Scharnier muss ausgewechselt werden), nach einer nassen K\u00fcchenwand (neues Unterputz-Ventil hat geholfen, muss nur noch das Loch verputzt werden), zeigten gestern beim Anschalten f\u00fcr Morgenkaffee zwei Platten des Induktionsherds die Fehlermeldung &#8220;E&#8221;. Kurze Recherche l\u00f6ste das in &#8220;Elektronikfehler&#8221; auf, L\u00f6sungstipp: Sicherungen ausschalten und wieder einschalten. Tat ich, ohne Ver\u00e4nderung, ich musste auch dieses Problem Herrn Kaltmamsell \u00fcbergeben.<\/p>\n<p>Beim Zeitungholen (seit einer Woche durchgehend vorhanden!) sah ich wieder ein Stapelchen unverteilter Briefe f\u00fcrs Hinterhaus: Der\/die aktuellen Postboten stellen Sendungen ausgesprochen erratisch zu. Dass Post f\u00fcr die eine Nachbarin mit ebenfalls spanischem Nachnamen gerne mal in meinem Briefkasten landet (und meine in ihrem), kenne ich seit Jahren (sehen ja auch alle gleich aus, diese Arriba!-Arriba!-Namen), doch derzeit steckt in meinem Briefkasten alle m\u00f6gliche fremde Post, gleichzeitig warte ich vergeblich auf angek\u00fcndigte Sendungen (darunter meine Wahlbenachrichtigung), und die Briefe f\u00fcrs Hinterhaus werden gar nicht hingebracht, obwohl auf manchen sogar ausdr\u00fccklich &#8220;R\u00fcckgeb\u00e4ude&#8221; steht.<\/p>\n<p>Herrlich sonniger Marsch in die Arbeit in f\u00fcr die Morgenfrische zu wenig Kleidung.<\/p>\n<p><a href=\"https:\/\/www.vorspeisenplatte.de\/speisen\/archiv\/230906_03_Golliertstr.jpg\"><img loading=\"lazy\" decoding=\"async\" src=\"https:\/\/www.vorspeisenplatte.de\/speisen\/archiv\/230906_03_Golliertstr.jpg\" alt=\"\" width=\"333\" height=\"444\" class=\"alignnone size-full wp-image-90789\" \/><\/a><\/p>\n<p>Da der erste Kommentar einer Kollegin seinerzeit auf diesen Sommerrock, &#8220;Hast du einen Liegestuhl \u00fcberfallen?&#8221;, noch vor meiner Auszeit fiel, muss ich ihn mindestens zw\u00f6lf Jahre besitzen.<\/p>\n<p>Einen Mittagscappuccino gab es auch. Das eigentlich angesteuerte Caf\u00e9 macht bis Mitte Oktober Ferien (Wiederkehr der Frage, die ich mir regelm\u00e4\u00dfig stelle: Wovon leben Inhabende dieser kleinen Tagescaf\u00e9s eigentlich?), ich ging ein Eck weiter und traf auf eine lange Schlange.<\/p>\n<p><a href=\"https:\/\/www.vorspeisenplatte.de\/speisen\/archiv\/230906_04_Colombo.jpg\"><img loading=\"lazy\" decoding=\"async\" src=\"https:\/\/www.vorspeisenplatte.de\/speisen\/archiv\/230906_04_Colombo.jpg\" alt=\"\" width=\"363\" height=\"484\" class=\"alignnone size-full wp-image-90790\" \/><\/a><\/p>\n<p>Bekam aber guten Cappuccino.<\/p>\n<p>Mittagessen am Schreibtisch: Nachgereifte Mango (auch diese eher aus der Textil- als aus der Lebensmittelbranche), H\u00fcttenk\u00e4se.<\/p>\n<p>Emsiger Nachmittag, nicht nur Erfreuliches.<\/p>\n<p>Herausgefunden, dass im Dantebad am 12. September der Winterbetrieb beginnt (das w\u00e4re eine sch\u00f6ne Antwort auf die Fragen des Besuchs von vergangenem Sonntag gewesen, was M\u00fcnchen besonders lebenswert macht: <a href=\"https:\/\/www.muenchen.de\/freizeit\/mbaeder\/freibaeder-uebersicht\" rel=\"noopener\" target=\"_blank\">Die B\u00e4der!<\/a>), will hei\u00dfen: Es gibt dieses Jahr wieder einen Winterbetrieb!<\/p>\n<p>Nach Feierabend spazierte ich \u00fcber ein paar Lebensmitteleink\u00e4ufe im Vollcorner nach Hause, nutzte die Zeit bis zum Eintreffen des Abendessen-Gasts f\u00fcr das Ansetzen des lange geplanten Trockenfr\u00fcchte-Rumtopfs und Lesen.<\/p>\n<p><a href=\"https:\/\/www.vorspeisenplatte.de\/speisen\/archiv\/230906_05_Nachtmahl.jpg\"><img loading=\"lazy\" decoding=\"async\" src=\"https:\/\/www.vorspeisenplatte.de\/speisen\/archiv\/230906_05_Nachtmahl.jpg\" alt=\"\" width=\"333\" height=\"444\" class=\"alignnone size-full wp-image-90791\" \/><\/a><\/p>\n<p>F\u00fcr den Gast aus alten Zeiten hatte Herr Kaltmamsell gro\u00df und k\u00f6stlich aufgekocht. Auf dem Teller vor mir der Knaller: Im ganzen im Ofen gebackener und in Scheiben nochmal gebratener Sellerie mit Sauce Caf\u00e9 de Paris, au\u00dferdem aufgetafelt ofengebackene S\u00fc\u00dfkartoffelstreifen (so lala), Kichererbsen-Tarte (gut), Hummus mit Haselnusmus (sehr gut), Kohlrabisalat mit Kefir und Kr\u00e4utern (super). Zum Nachtisch hatte er Kokos-Tapioka-Creme mit Mango vorbereitet, die ich schon kannte und mag.<\/p>\n<p>Der Gast erz\u00e4hlte von beruflichen Ver\u00e4nderungen und missgl\u00fccktem Urlaub, verlie\u00df uns bereits vor zehn. Ich las im Bett Tobias R\u00fcther, <i>Wolfgang Herrndorf. Eine Biographie<\/i> aus.<\/p>\n<p>\u00a7<\/p>\n<p>Kid37 hat Urlaub in Br\u00fcssel gemacht, ein paar Wochen danach hat er sich genug gesammelt f\u00fcr Bericht:<br \/>\n<a href=\"https:\/\/kid37.blogger.de\/stories\/2871268\/\" rel=\"noopener\" target=\"_blank\">&#8220;Br\u00fcsseler Spitzen #1&#8221;.<\/a> <img loading=\"lazy\" decoding=\"async\" src=\"https:\/\/vg06.met.vgwort.de\/na\/8b7181f8376240e8b00440244da84797\" width=\"1\" height=\"1\" alt=\"\"\/><\/p>\n","protected":false},"excerpt":{"rendered":"<p>Gut und nahezu durchgeschlafen &#8211; eine Erleichterung, weil in mir gerade mal wieder d\u00fcstere Wolken h\u00e4ngen und ich beim Einschlafen einfach keinen happy place fand. Naheliegende Erkl\u00e4rung w\u00e4re, dass mir die Lekt\u00fcre der Herrndorf-Biografie nicht gut tut, doch mittlerweile wei\u00df ich, dass erst die Stimmung da ist (Biochemie) und dann der Wahrnehmungsfilter. (Dann wieder: Als [&hellip;]<\/p>\n","protected":false},"author":2,"featured_media":0,"comment_status":"open","ping_status":"closed","sticky":false,"template":"","format":"standard","meta":{"footnotes":""},"categories":[2,1],"tags":[],"class_list":["post-90779","post","type-post","status-publish","format-standard","hentry","category-fotos","category-general"],"_links":{"self":[{"href":"https:\/\/www.vorspeisenplatte.de\/speisen\/wp-json\/wp\/v2\/posts\/90779","targetHints":{"allow":["GET"]}}],"collection":[{"href":"https:\/\/www.vorspeisenplatte.de\/speisen\/wp-json\/wp\/v2\/posts"}],"about":[{"href":"https:\/\/www.vorspeisenplatte.de\/speisen\/wp-json\/wp\/v2\/types\/post"}],"author":[{"embeddable":true,"href":"https:\/\/www.vorspeisenplatte.de\/speisen\/wp-json\/wp\/v2\/users\/2"}],"replies":[{"embeddable":true,"href":"https:\/\/www.vorspeisenplatte.de\/speisen\/wp-json\/wp\/v2\/comments?post=90779"}],"version-history":[{"count":3,"href":"https:\/\/www.vorspeisenplatte.de\/speisen\/wp-json\/wp\/v2\/posts\/90779\/revisions"}],"predecessor-version":[{"id":90799,"href":"https:\/\/www.vorspeisenplatte.de\/speisen\/wp-json\/wp\/v2\/posts\/90779\/revisions\/90799"}],"wp:attachment":[{"href":"https:\/\/www.vorspeisenplatte.de\/speisen\/wp-json\/wp\/v2\/media?parent=90779"}],"wp:term":[{"taxonomy":"category","embeddable":true,"href":"https:\/\/www.vorspeisenplatte.de\/speisen\/wp-json\/wp\/v2\/categories?post=90779"},{"taxonomy":"post_tag","embeddable":true,"href":"https:\/\/www.vorspeisenplatte.de\/speisen\/wp-json\/wp\/v2\/tags?post=90779"}],"curies":[{"name":"wp","href":"https:\/\/api.w.org\/{rel}","templated":true}]}}