{"id":9100,"date":"2010-10-04T10:16:02","date_gmt":"2010-10-04T08:16:02","guid":{"rendered":"https:\/\/www.vorspeisenplatte.de\/speisen\/?p=9100"},"modified":"2010-10-11T06:44:27","modified_gmt":"2010-10-11T04:44:27","slug":"tag-3-dein-lieblingsbuch","status":"publish","type":"post","link":"https:\/\/www.vorspeisenplatte.de\/speisen\/2010\/10\/tag-3-dein-lieblingsbuch.htm","title":{"rendered":"Tag 3 \u2013 Dein Lieblingsbuch"},"content":{"rendered":"<p>Weil ich eine Zeit lang immer wieder nach meinen Lieblingsbuch gefragt wurde, habe ich mich der Einfachheit halber darauf verlegt, Friedrich Torbergs <i>Die Tante Jolesch oder der Untergang des Abendlands in Anekdoten<\/i> zu nennen &#8211; weil ich es sehr gerne mag, es mich und meine Einstellung zu einer ganzen Epoche gepr\u00e4gt hat, ich es immer wieder lese und es mir sehr am Herzen liegt. <a href=\"https:\/\/www.vorspeisenplatte.de\/speisen\/2003\/11\/als-waer-die-tante-jolesch-noch-am-leben.htm\">Hier<\/a> habe ich mehr dazu geschrieben. Aber: Fragt man Musikinteressierte nach ihrem Lieblingslied\/-st\u00fcck? Wenn, dann sicher unter dem Vorbehalt des Augenblicks.<br \/>\nWas also ist mein Lieblingsbuch des bisherigen Jahres?<\/p>\n<p><img decoding=\"async\" src=\"https:\/\/www.vorspeisenplatte.de\/chabon.jpg\"\/><\/p>\n<p>Michael Chabon, <i>The Yiddish Policemen&#8217;s Union<\/i>. <a href=\"https:\/\/www.vorspeisenplatte.de\/speisen\/2010\/08\/michael-chabon-the-yiddish-policemens-union.htm\">Hier<\/a> habe ich dar\u00fcber geschrieben. Weil es so besonders ist, eine originelle Grundidee sauber und variantenreich durcherz\u00e4hlt und weil mir die Bilder aus dem Roman immer noch und sehr intensiv nachh\u00e4ngen.<\/p>\n<p><a href=\"https:\/\/www.vorspeisenplatte.de\/speisen\/2010\/09\/bucher-listenweise.htm\">Zur gesamten Fragenliste.<\/a><\/p>\n","protected":false},"excerpt":{"rendered":"<p>Weil ich eine Zeit lang immer wieder nach meinen Lieblingsbuch gefragt wurde, habe ich mich der Einfachheit halber darauf verlegt, Friedrich Torbergs Die Tante Jolesch oder der Untergang des Abendlands in Anekdoten zu nennen &#8211; weil ich es sehr gerne mag, es mich und meine Einstellung zu einer ganzen Epoche gepr\u00e4gt hat, ich es immer [&hellip;]<\/p>\n","protected":false},"author":2,"featured_media":0,"comment_status":"open","ping_status":"closed","sticky":false,"template":"","format":"standard","meta":{"footnotes":""},"categories":[3],"tags":[],"class_list":["post-9100","post","type-post","status-publish","format-standard","hentry","category-bucher"],"_links":{"self":[{"href":"https:\/\/www.vorspeisenplatte.de\/speisen\/wp-json\/wp\/v2\/posts\/9100","targetHints":{"allow":["GET"]}}],"collection":[{"href":"https:\/\/www.vorspeisenplatte.de\/speisen\/wp-json\/wp\/v2\/posts"}],"about":[{"href":"https:\/\/www.vorspeisenplatte.de\/speisen\/wp-json\/wp\/v2\/types\/post"}],"author":[{"embeddable":true,"href":"https:\/\/www.vorspeisenplatte.de\/speisen\/wp-json\/wp\/v2\/users\/2"}],"replies":[{"embeddable":true,"href":"https:\/\/www.vorspeisenplatte.de\/speisen\/wp-json\/wp\/v2\/comments?post=9100"}],"version-history":[{"count":0,"href":"https:\/\/www.vorspeisenplatte.de\/speisen\/wp-json\/wp\/v2\/posts\/9100\/revisions"}],"wp:attachment":[{"href":"https:\/\/www.vorspeisenplatte.de\/speisen\/wp-json\/wp\/v2\/media?parent=9100"}],"wp:term":[{"taxonomy":"category","embeddable":true,"href":"https:\/\/www.vorspeisenplatte.de\/speisen\/wp-json\/wp\/v2\/categories?post=9100"},{"taxonomy":"post_tag","embeddable":true,"href":"https:\/\/www.vorspeisenplatte.de\/speisen\/wp-json\/wp\/v2\/tags?post=9100"}],"curies":[{"name":"wp","href":"https:\/\/api.w.org\/{rel}","templated":true}]}}