{"id":91418,"date":"2023-09-27T07:39:56","date_gmt":"2023-09-27T05:39:56","guid":{"rendered":"https:\/\/www.vorspeisenplatte.de\/speisen\/?p=91418"},"modified":"2023-09-27T07:39:56","modified_gmt":"2023-09-27T05:39:56","slug":"journal-dienstag-26-september-2023-fahrt-zurueck-in-den-sommer-nach-berlin","status":"publish","type":"post","link":"https:\/\/www.vorspeisenplatte.de\/speisen\/2023\/09\/journal-dienstag-26-september-2023-fahrt-zurueck-in-den-sommer-nach-berlin.htm","title":{"rendered":"Journal Dienstag, 26. September 2023 &#8211; Fahrt zur\u00fcck in den Sommer nach Berlin"},"content":{"rendered":"<p>Eigentlich eine gute Nacht, nur gab es Unruhe beim Einschlafen (Fenster zu, weil drau\u00dfen eine Frauenstimme ausdauernd zwei Namen rief, nicht sehr aufgeregt, eher Katzensuchen als verlorene Kinder) und in der Endphase (ich schnarchte heftig und wachte immer wieder ein wenig davon auf).<\/p>\n<p>Weckerklingeln f\u00fcr Kaffeetrinken mit (na ja, jede*r am eigenen Rechner) und Verabschieden von Herrn Kaltmamsell, der erst langsam wieder eine Schuljahresroutine aufbaut. Drau\u00dfen ein weiterer Strahlemorgen, am Himmel zur Deko ein paar Federwolken.<\/p>\n<p>Mein Zug nach Berlin fuhr erst am sp\u00e4ten Vormittag ab, ich konnte mir mit allem Zeit lassen und den Urlaubstag genie\u00dfen.<\/p>\n<p><a href=\"https:\/\/www.vorspeisenplatte.de\/speisen\/archiv\/230926_01_Landtagswahl.jpg\"><img loading=\"lazy\" decoding=\"async\" src=\"https:\/\/www.vorspeisenplatte.de\/speisen\/archiv\/230926_01_Landtagswahl.jpg\" alt=\"\" width=\"473\" height=\"341\" class=\"alignnone size-full wp-image-91424\" \/><\/a><\/p>\n<p>Unter anderem briefw\u00e4hlte ich Landtag Bayern und Bezirkstag Oberbayern &#8211; vor allem weil ich am Wahltag selbst als Wahlhelferin im Einsatz bin, doch die beiden Zweitstimmen-Riesenlappen werden in den Wahlkabinen sicher zu Verz\u00f6gerungen f\u00fchren. (Auf allen vier Zetteln aber jeweils nur ein Kreuz &#8211; hurra, das werde ich mit unterdr\u00fccktem Kichern sicher wieder oft sagen k\u00f6nnen!)<\/p>\n<p>Am Bahnhof war ich so zeitig, dass ich mir noch einen vorgezogenen Mittagscappuccino holte und ihn im ICE trank. Im ICE, der kurz hinter Pasing bereits wieder stand und immer wieder st\u00fcckchenweise langsam fuhr: &#8220;Grund daf\u00fcr ist ein eingleisiger Betrieb in der Strecke vor uns&#8221;, hie\u00df es \u00fcber Lautsprecher. Ich wei\u00df schon, warum ich am Ankunftstag einer Bahnfernreise keine Verabredungen vereinbare. (Bei diesem Berlinbesuch bedr\u00fcckt mich ohnehin wieder, wie viele liebe Menschen ich <i>nicht<\/i> treffen kann.)<\/p>\n<p>Tats\u00e4chlich verlief die Reise dann aber problemlos, ich las die <i>S\u00fcddeutsche<\/i> des Tages ausf\u00fchrlich, guckte viel aus dem Fenster in die sonnige Landschaft weiterhin fast ohne verf\u00e4rbtes Laub, fr\u00fchst\u00fcckte gegen zwei Apfel, Orange sowie Pumpernickel mit Butter. Ich kam in Berlin im Sommer an, die Menschen am Hauptbahnhof waren in Sommerkleidung inklusive Sandalen unterwegs, ich schl\u00fcpfte bald aus meiner Jeansjacke.<\/p>\n<p>Diesmal hatte ich eine Ferienwohnung in Charlottenburg gebucht: Ich hatte mir alten Westen gew\u00fcnscht, und in Charlottenburg war ich noch nie gewesen. Die App der Berliner Verkehrsbetriebe schickte mich mit einer Regionalbahn nach Jungfernheide, dort sollte ich in einen Bus umsteigen zur Wohnung beim Schloss Charlottenburg (von dem ich bis zur Beschreibung der Ferienwohnung nie geh\u00f6rt hatte, wie peinlich). Doch ich fand die Bushaltestelle nicht auf Anhieb, daf\u00fcr bereits Schilder, die zum Schloss wiesen. Ein Check von Google Maps ergab lediglich gut 20 Fu\u00dfminuten dorthin &#8211; na, die ging ich doch!<\/p>\n<p>Den Spaziergang genoss ich sehr, gelangte auch problemlos in die winzige (diesmal war ich geizig gewesen) Ferienwohnung, in die Herr Kaltmamsell am Freitag nachkommen wird.<\/p>\n<p><a href=\"https:\/\/www.vorspeisenplatte.de\/speisen\/archiv\/230926_03_Ferienwohnungsblick.jpg\"><img loading=\"lazy\" decoding=\"async\" src=\"https:\/\/www.vorspeisenplatte.de\/speisen\/archiv\/230926_03_Ferienwohnungsblick.jpg\" alt=\"\" width=\"363\" height=\"484\" class=\"alignnone size-full wp-image-91436\" \/><\/a><\/p>\n<p>Ausblick vom Ferienwohnungshaus.<\/p>\n<p>Auspacken, Check des K\u00fcchenbestands &#8211; doch vor Eink\u00e4ufen lockte mich bei diesem Prachtwetter der Schlosspark, den ich passiert hatte. Meine dicke Jeans, die einzige Hose, die ich dabei habe, wurde mir bald zu warm &#8211; wer rechnet denn bitte Ende September mit Sommer?<\/p>\n<p><a href=\"https:\/\/www.vorspeisenplatte.de\/speisen\/archiv\/230926_04_SchlossCharlottenburg.jpg\"><img loading=\"lazy\" decoding=\"async\" src=\"https:\/\/www.vorspeisenplatte.de\/speisen\/archiv\/230926_04_SchlossCharlottenburg.jpg\" alt=\"\" width=\"552\" height=\"361\" class=\"alignnone size-full \" \/><\/a><\/p>\n<p><a href=\"https:\/\/www.vorspeisenplatte.de\/speisen\/archiv\/230926_08_SchlossparkCharlottenburg.jpg\"><img loading=\"lazy\" decoding=\"async\" src=\"https:\/\/www.vorspeisenplatte.de\/speisen\/archiv\/230926_08_SchlossparkCharlottenburg.jpg\" alt=\"\" width=\"499\" height=\"448\" class=\"alignnone size-full wp-image-91433\" \/><\/a><\/p>\n<p><a href=\"https:\/\/www.vorspeisenplatte.de\/speisen\/archiv\/230926_09_SchlossparkCharlottenburg.jpg\"><img loading=\"lazy\" decoding=\"async\" src=\"https:\/\/www.vorspeisenplatte.de\/speisen\/archiv\/230926_09_SchlossparkCharlottenburg.jpg\" alt=\"\" width=\"517\" height=\"420\" class=\"alignnone size-full \" \/><\/a><\/p>\n<p>Der Park wurde rege genutzt zu Yoga, Tai Chi, zum Lesen auf B\u00e4nken, Sonnenbaden, Blicke auf die Spree, f\u00fcr Joggingrunden allein und zu zweit &#8211; ohne \u00fcberlaufen zu wirken.<\/p>\n<p><a href=\"https:\/\/www.vorspeisenplatte.de\/speisen\/archiv\/230926_11_SchlossparkCharlottenburg.jpg\"><img loading=\"lazy\" decoding=\"async\" src=\"https:\/\/www.vorspeisenplatte.de\/speisen\/archiv\/230926_11_SchlossparkCharlottenburg.jpg\" alt=\"\" width=\"585\" height=\"348\" class=\"alignnone size-full \" \/><\/a><\/p>\n<p>Schafe im Park! Mir wurde ganz englischergartenlich.<\/p>\n<p><a href=\"https:\/\/www.vorspeisenplatte.de\/speisen\/archiv\/230926_12_SchlossparkCharlottenburg.jpg\"><img loading=\"lazy\" decoding=\"async\" src=\"https:\/\/www.vorspeisenplatte.de\/speisen\/archiv\/230926_12_SchlossparkCharlottenburg.jpg\" alt=\"\" width=\"393\" height=\"479\" class=\"alignnone size-full wp-image-91437\" \/><\/a><\/p>\n<p><a href=\"https:\/\/www.vorspeisenplatte.de\/speisen\/archiv\/230926_13_SchlossCharlottenburg.jpg\"><img loading=\"lazy\" decoding=\"async\" src=\"https:\/\/www.vorspeisenplatte.de\/speisen\/archiv\/230926_13_SchlossCharlottenburg.jpg\" alt=\"\" width=\"367\" height=\"361\" class=\"alignnone size-full wp-image-91438\" \/><\/a><\/p>\n<p>Eine Besichtigung des Schlosses hatte ich ohnehin geplant, beim Umrunden entdeckte ich weitere Programmpunkte f\u00fcr den Besichtigungstag.<\/p>\n<p>Nach der herrlichen Spaziergangsstunde ging ich auf Lebensmitteleink\u00e4ufe in einen Edeka, diesmal aber nur f\u00fcr Morgenkaffee und das eine Abendessen, die anderen Abende war ich ausw\u00e4rtig zum Essen verabredet.<\/p>\n<p>Zur\u00fcck in der Ferienwohnung klappte ich meine Reiseyogamatte auf (so viel Platz war dann doch) und turnte eine Einheit. Unerwartet: Es wird in Berlin sp\u00fcrbar sp\u00e4ter dunkel als in M\u00fcnchen, nicht nur die Nebelkr\u00e4hen (noch keine gesehen) beweisen die \u00d6stlichkeit der Stadt.<\/p>\n<p>Als Abendessen kochte ich mir Nicht-Nudelsalat mit Tomaten, Paprika, Ruccola, frisch gekochten Nudeln und Joghurtdressing. S\u00fc\u00dfigkeiten f\u00fcr Nachtisch hatte ich ebenfalls reichlich besorgt (darunter das erste Stollen-Konfekt der Saison, schmeckt mir immer noch nahezu unaufh\u00f6rbar gut).<\/p>\n<p>\u00a7<\/p>\n<p>In all seinen Einzelheiten bedr\u00fcckend (und halt exakt das, was die Wissenschaft prognostiziert hat). Der Bayerische Rundfunk recherchiert zu<br \/>\n<a href=\"https:\/\/www.br.de\/nachrichten\/bayern\/aufgeheizte-alpen-folgen-der-klimakrise-fuer-den-bergtourismus\" rel=\"noopener\" target=\"_blank\">&#8220;Aufgeheizte Alpen: Folgen der Klimakrise f\u00fcr den Bergtourismus&#8221;.<\/a><\/p>\n<blockquote><p>Nirgendwo ist der Klimawandel so stark messbar wie in den Alpen. Gletscher schmelzen, auch der Permafrost taut auf. Die Folge: Berggipfel werden instabil, Steinschl\u00e4ge und Muren nehmen zu. Und auch das Fundament von so mancher H\u00fctte br\u00f6ckelt.<\/p><\/blockquote>\n<p>\u00a7<\/p>\n<p>Ausf\u00fchrliches und \u00fcberraschend interessantes Interview von Simon Hattenstone f\u00fcr den <i>Guardian<\/i> mit der 90j\u00e4hrigen Joan Collins:<br \/>\n<a href=\"https:\/\/www.theguardian.com\/lifeandstyle\/2023\/sep\/25\/joan-collins-on-love-loss-and-lust-at-90-you-have-to-eat-life-or-life-will-eat-you\" rel=\"noopener\" target=\"_blank\">&#8220;Joan Collins on love, loss and lust at 90: \u2018You have to eat life or life will eat you!\u2019&#8221;<\/a><\/p>\n<p>Au\u00dferdem k\u00f6nnte eine Erkl\u00e4rung drinstecken, warum nicht alle Maskenbildner, mit denen sie zusammengearbeitet hat, gute Erfahrungen mit ihr machten. <img loading=\"lazy\" decoding=\"async\" src=\"https:\/\/vg06.met.vgwort.de\/na\/15f41204238c495ebb8aa527e3482321\" width=\"1\" height=\"1\" alt=\"\"\/><\/p>\n","protected":false},"excerpt":{"rendered":"<p>Eigentlich eine gute Nacht, nur gab es Unruhe beim Einschlafen (Fenster zu, weil drau\u00dfen eine Frauenstimme ausdauernd zwei Namen rief, nicht sehr aufgeregt, eher Katzensuchen als verlorene Kinder) und in der Endphase (ich schnarchte heftig und wachte immer wieder ein wenig davon auf). Weckerklingeln f\u00fcr Kaffeetrinken mit (na ja, jede*r am eigenen Rechner) und Verabschieden [&hellip;]<\/p>\n","protected":false},"author":2,"featured_media":0,"comment_status":"open","ping_status":"closed","sticky":false,"template":"","format":"standard","meta":{"footnotes":""},"categories":[2,1],"tags":[],"class_list":["post-91418","post","type-post","status-publish","format-standard","hentry","category-fotos","category-general"],"_links":{"self":[{"href":"https:\/\/www.vorspeisenplatte.de\/speisen\/wp-json\/wp\/v2\/posts\/91418","targetHints":{"allow":["GET"]}}],"collection":[{"href":"https:\/\/www.vorspeisenplatte.de\/speisen\/wp-json\/wp\/v2\/posts"}],"about":[{"href":"https:\/\/www.vorspeisenplatte.de\/speisen\/wp-json\/wp\/v2\/types\/post"}],"author":[{"embeddable":true,"href":"https:\/\/www.vorspeisenplatte.de\/speisen\/wp-json\/wp\/v2\/users\/2"}],"replies":[{"embeddable":true,"href":"https:\/\/www.vorspeisenplatte.de\/speisen\/wp-json\/wp\/v2\/comments?post=91418"}],"version-history":[{"count":3,"href":"https:\/\/www.vorspeisenplatte.de\/speisen\/wp-json\/wp\/v2\/posts\/91418\/revisions"}],"predecessor-version":[{"id":91442,"href":"https:\/\/www.vorspeisenplatte.de\/speisen\/wp-json\/wp\/v2\/posts\/91418\/revisions\/91442"}],"wp:attachment":[{"href":"https:\/\/www.vorspeisenplatte.de\/speisen\/wp-json\/wp\/v2\/media?parent=91418"}],"wp:term":[{"taxonomy":"category","embeddable":true,"href":"https:\/\/www.vorspeisenplatte.de\/speisen\/wp-json\/wp\/v2\/categories?post=91418"},{"taxonomy":"post_tag","embeddable":true,"href":"https:\/\/www.vorspeisenplatte.de\/speisen\/wp-json\/wp\/v2\/tags?post=91418"}],"curies":[{"name":"wp","href":"https:\/\/api.w.org\/{rel}","templated":true}]}}