{"id":91428,"date":"2023-09-28T09:15:24","date_gmt":"2023-09-28T07:15:24","guid":{"rendered":"https:\/\/www.vorspeisenplatte.de\/speisen\/?p=91428"},"modified":"2023-09-28T15:50:07","modified_gmt":"2023-09-28T13:50:07","slug":"journal-mittwoch-26-september-2023-berlin-mit-schloss-charlottenburg-jugendstil-georgischem-essen","status":"publish","type":"post","link":"https:\/\/www.vorspeisenplatte.de\/speisen\/2023\/09\/journal-mittwoch-26-september-2023-berlin-mit-schloss-charlottenburg-jugendstil-georgischem-essen.htm","title":{"rendered":"Journal Mittwoch, 26. September 2023 &#8211; Berlin mit Schloss Charlottenburg, Jugendstil, georgischem Essen"},"content":{"rendered":"<p>Richtig gut geschlafen, sogar nachdem ich beim n\u00e4chtlichen Klogang das rechte Schienbein brutal am Bettrahmen angeschlagen hatte.<\/p>\n<p>Ausgeschlafen, zu Spatzentschilpen aus dem Patio des Hauses Milchkaffee getrunken und gebloggt.<\/p>\n<p>Richtiggehend dankbar war ich f\u00fcr eine Ferienwohnungsdusche mit (offensichtlich neuem) Duschvorhang statt schicker Glaswand: Ich kann es immer noch nicht als zivilisatorischen Fortschritt ansehen, dass ich f\u00fcrs Abziehen der Dusche nach dem Duschen mindestens so lang brauche wie f\u00fcr die K\u00f6rperreinigung (gleich lang mit Haarewaschen, l\u00e4nger ohne). Ist die Materialforschung zefix immer noch nicht bei wirklich Kalk-abweisenden Oberfl\u00e4chen?<\/p>\n<p>Vor Aufbruch noch eine Runde Erwachsensein: Ich vereinbarte f\u00fcr n\u00e4chste Woche telefonisch einen Haarschneidetermin.<\/p>\n<p>Mein Plan f\u00fcr gestern war ausf\u00fchrliche Besichtigung von <a href=\"https:\/\/www.spsg.de\/schloesser-gaerten\/objekt\/schloss-charlottenburg-altes-schloss\/\" rel=\"noopener\" target=\"_blank\">Schloss Charlottenburg<\/a>, Mittagscappuccino, <a href=\"https:\/\/www.broehan-museum.de\/\" rel=\"noopener\" target=\"_blank\">Br\u00f6han-Museum<\/a> (Landsmuseum f\u00fcr Jugendstil, Art Deco und Funktionalismus, im Vorbeigehen entdeckt, sofort eingeplant), irgendwas essen, in der Ferienwohnung rumgammeln bis zur Abendverabredung. Ging fast auf.<\/p>\n<p><a href=\"https:\/\/www.vorspeisenplatte.de\/speisen\/archiv\/230927_04_Schlossstr.jpg\"><img loading=\"lazy\" decoding=\"async\" src=\"https:\/\/www.vorspeisenplatte.de\/speisen\/archiv\/230927_04_Schlossstr.jpg\" alt=\"\" width=\"544\" height=\"392\" class=\"alignnone size-full \" \/><\/a><\/p>\n<p>Charlottenburg in Sommermorgensonne.<\/p>\n<p>Der Besuch des Schlosses bereicherte mich sehr, auch wenn es sich nach nahezu vollst\u00e4ndiger Zerst\u00f6rung im Zweiten Weltkrieg im Grunde um einen Neubau handelt (na, das kenne ich M\u00fcnchnerin ja von der Innenstadt inklusive Residenz). Ich verwendete den gut gemachten Audio Guide, bekam zu den R\u00e4umen n\u00fctzliche Informationen.<\/p>\n<p><a href=\"https:\/\/www.vorspeisenplatte.de\/speisen\/archiv\/230927_08_SchlossCharlottenburg.jpg\"><img loading=\"lazy\" decoding=\"async\" src=\"https:\/\/www.vorspeisenplatte.de\/speisen\/archiv\/230927_08_SchlossCharlottenburg.jpg\" alt=\"\" width=\"484\" height=\"325\" class=\"alignnone size-full wp-image-91460\" \/><\/a><\/p>\n<p><a href=\"https:\/\/www.vorspeisenplatte.de\/speisen\/archiv\/230927_09_SchlossCharlottenburg.jpg\"><img loading=\"lazy\" decoding=\"async\" src=\"https:\/\/www.vorspeisenplatte.de\/speisen\/archiv\/230927_09_SchlossCharlottenburg.jpg\" alt=\"\" width=\"444\" height=\"333\" class=\"alignnone size-full wp-image-91461\" \/><\/a><\/p>\n<p>Zwei Bilder aus der Einf\u00fchrungsanimation zur Geschichte des Schlosses.<\/p>\n<p><a href=\"https:\/\/www.vorspeisenplatte.de\/speisen\/archiv\/230927_13_SchlossCharlottenburg.jpg\"><img loading=\"lazy\" decoding=\"async\" src=\"https:\/\/www.vorspeisenplatte.de\/speisen\/archiv\/230927_13_SchlossCharlottenburg.jpg\" alt=\"\" width=\"323\" height=\"440\" class=\"alignnone size-full wp-image-91462\" \/><\/a><\/p>\n<p>Im Schloss gab es viele, viele Spiegel.<\/p>\n<p><a href=\"https:\/\/www.vorspeisenplatte.de\/speisen\/archiv\/230927_15_SchlossCharlottenburg.jpg\"><img loading=\"lazy\" decoding=\"async\" src=\"https:\/\/www.vorspeisenplatte.de\/speisen\/archiv\/230927_15_SchlossCharlottenburg.jpg\" alt=\"\" width=\"393\" height=\"524\" class=\"alignnone size-full wp-image-91463\" \/><\/a><\/p>\n<p>Eine thematischer Leitfaden &#8220;Schl\u00f6sser. Preu\u00dfen. Kolonial.&#8221; wies an einigen Stellen auf Rassismus und Herabw\u00fcrdigung in den damaligen Darstellungen anderer Kulturen.<\/p>\n<p><a href=\"https:\/\/www.vorspeisenplatte.de\/speisen\/archiv\/230927_17_SchlossCharlottenburg.jpg\"><img loading=\"lazy\" decoding=\"async\" src=\"https:\/\/www.vorspeisenplatte.de\/speisen\/archiv\/230927_17_SchlossCharlottenburg.jpg\" alt=\"\" width=\"425\" height=\"359\" class=\"alignnone size-full wp-image-91464\" \/><\/a><\/p>\n<p>Manche Teile wie diese Zimmerdecke waren so restauriert, dass man die vorherigen Besch\u00e4digungen sichtbar lie\u00df &#8211; sowas mag ich besonders gern (muss ich aber nicht durchgehend haben).<\/p>\n<p><a href=\"https:\/\/www.vorspeisenplatte.de\/speisen\/archiv\/230927_21_SchlossCharlottenburg.jpg\"><img loading=\"lazy\" decoding=\"async\" src=\"https:\/\/www.vorspeisenplatte.de\/speisen\/archiv\/230927_21_SchlossCharlottenburg.jpg\" alt=\"\" width=\"454\" height=\"470\" class=\"alignnone size-full wp-image-91465\" \/><\/a><\/p>\n<p>Erw\u00e4hnte ich die vielen Spiegel?<\/p>\n<p>Der Neue Fl\u00fcgel des Schlosses wurde ebenfalls 1943 durch Bomben zerst\u00f6rt. Hier nutzte man die Gelegenheit, die R\u00e4ume in unterschiedlichen Stilrichtungen ihrer Vergangenheit zu restaurieren, je nach bester Quellenlage. Sie wurden also nicht alle in den Zustand direkt vor ihrer Zerst\u00f6rung gebracht. Das fand ich eine ausgezeichnete Idee.<\/p>\n<p>Vom Audio Guide zu diesem Schlossbereich erfuhr ich zudem viel \u00fcber die Geschichte der Hohenzollern und Preu\u00dfens. Zeitgen\u00f6ssische Aspekte dabei: Die Hinterfragung allgemeiner Annahmen, u.a. Verweis auf den Einfluss, den Friedrich der Gro\u00dfe durch autobiografische Ver\u00f6ffentlichungen auf das Bild von ihm nahm.<\/p>\n<p><a href=\"https:\/\/www.vorspeisenplatte.de\/speisen\/archiv\/230927_24_SchlossCharlottenburg.jpg\"><img loading=\"lazy\" decoding=\"async\" src=\"https:\/\/www.vorspeisenplatte.de\/speisen\/archiv\/230927_24_SchlossCharlottenburg.jpg\" alt=\"\" width=\"461\" height=\"341\" class=\"alignnone size-full wp-image-91466\" \/><\/a><\/p>\n<p><a href=\"https:\/\/www.vorspeisenplatte.de\/speisen\/archiv\/230927_26_SchlossCharlottenburg.jpg\"><img loading=\"lazy\" decoding=\"async\" src=\"https:\/\/www.vorspeisenplatte.de\/speisen\/archiv\/230927_26_SchlossCharlottenburg.jpg\" alt=\"\" width=\"311\" height=\"444\" class=\"alignnone size-full wp-image-91467\" \/><\/a><\/p>\n<p><a href=\"https:\/\/www.vorspeisenplatte.de\/speisen\/archiv\/230927_27_SchlossCharlottenburg.jpg\"><img loading=\"lazy\" decoding=\"async\" src=\"https:\/\/www.vorspeisenplatte.de\/speisen\/archiv\/230927_27_SchlossCharlottenburg.jpg\" alt=\"\" width=\"363\" height=\"484\" class=\"alignnone size-full wp-image-91468\" \/><\/a><\/p>\n<p>Hier verf\u00e4lscht das Foto die Farben: Es gab keinerlei Gr\u00fcn im Original, sondern nur Ros\u00e9-T\u00f6ne.<\/p>\n<p><a href=\"https:\/\/www.vorspeisenplatte.de\/speisen\/archiv\/230927_29_SchlossCharlottenburg.jpg\"><img loading=\"lazy\" decoding=\"async\" src=\"https:\/\/www.vorspeisenplatte.de\/speisen\/archiv\/230927_29_SchlossCharlottenburg.jpg\" alt=\"\" width=\"345\" height=\"452\" class=\"alignnone size-full wp-image-91469\" \/><\/a><\/p>\n<p><a href=\"https:\/\/www.vorspeisenplatte.de\/speisen\/archiv\/230927_36_SchlossCharlottenburg.jpg\"><img loading=\"lazy\" decoding=\"async\" src=\"https:\/\/www.vorspeisenplatte.de\/speisen\/archiv\/230927_36_SchlossCharlottenburg.jpg\" alt=\"\" width=\"605\" height=\"454\" class=\"alignnone size-full \" \/><\/a><\/p>\n<p><a href=\"https:\/\/www.vorspeisenplatte.de\/speisen\/archiv\/230927_38_SchlossCharlottenburg.jpg\"><img loading=\"lazy\" decoding=\"async\" src=\"https:\/\/www.vorspeisenplatte.de\/speisen\/archiv\/230927_38_SchlossCharlottenburg.jpg\" alt=\"\" width=\"363\" height=\"484\" class=\"alignnone size-full wp-image-91471\" \/><\/a><\/p>\n<p><a href=\"https:\/\/www.vorspeisenplatte.de\/speisen\/archiv\/230927_39_SchlossCharlottenburg.jpg\"><img loading=\"lazy\" decoding=\"async\" src=\"https:\/\/www.vorspeisenplatte.de\/speisen\/archiv\/230927_39_SchlossCharlottenburg.jpg\" alt=\"\" width=\"375\" height=\"442\" class=\"alignnone size-full wp-image-91472\" \/><\/a><\/p>\n<p>Abschlie\u00dfender Blick nach oben ins Treppenhaus: Zwei Deckengem\u00e4lde des Neuen Fl\u00fcgels, f\u00fcr deren Rekonstruktion man keine Quellen hatte, wurden in den 1970ern von Hann Trier zeitgen\u00f6ssisch erstellt. Unter enormem Protest (alles Augsburger*innen?).<\/p>\n<p>Am Ende (Mausoleum und Neuen Pavillon h\u00e4tte ich mit meinem Gesamtticket auch noch ansehen k\u00f6nnen) war es schon eins, damit hatte ich nicht gerechnet. Ich spazierte zu einem nahen Cappuccino-Ort, bestellte dann aber auch gleich Fr\u00fchst\u00fcck zum Cappuccino, ein Muesli Bircher Art. <\/p>\n<p><a href=\"https:\/\/www.vorspeisenplatte.de\/speisen\/archiv\/230927_44_Roestwerk.jpg\"><img loading=\"lazy\" decoding=\"async\" src=\"https:\/\/www.vorspeisenplatte.de\/speisen\/archiv\/230927_44_Roestwerk.jpg\" alt=\"\" width=\"363\" height=\"484\" class=\"alignnone size-full wp-image-91473\" \/><\/a><\/p>\n<p>Das war m\u00f6glicherweise zu viel auf einmal, resultierte in Fresskoma. Wasser- und Ausruh-P\u00e4uschen in der Ferienwohnung ums Eck.<\/p>\n<p>N\u00e4chster Programmpunkt: Br\u00f6han-Museum.<\/p>\n<p><a href=\"https:\/\/www.vorspeisenplatte.de\/speisen\/archiv\/230927_46_BroehanMuseum.jpg\"><img loading=\"lazy\" decoding=\"async\" src=\"https:\/\/www.vorspeisenplatte.de\/speisen\/archiv\/230927_46_BroehanMuseum.jpg\" alt=\"\" width=\"393\" height=\"524\" class=\"alignnone size-full wp-image-91475\" \/><\/a><\/p>\n<p><a href=\"https:\/\/www.vorspeisenplatte.de\/speisen\/archiv\/230927_47_BroehanMuseum.jpg\"><img loading=\"lazy\" decoding=\"async\" src=\"https:\/\/www.vorspeisenplatte.de\/speisen\/archiv\/230927_47_BroehanMuseum.jpg\" alt=\"\" width=\"403\" height=\"203\" class=\"alignnone size-full wp-image-91476\" \/><\/a><\/p>\n<p>Zun\u00e4chst stieg ich zu einer Sonderausstellung in den dritten Stock:<br \/>\n<a href=\"https:\/\/www.broehan-museum.de\/ausstellung\/hael-margarete-heymann-loebenstein-und-ihre-werkstaetten-fuer-kuenstlerische-keramik-1923-1934\/\" rel=\"noopener\" target=\"_blank\">&#8220;HA\u00cbL. Margarete Heymann-Loebenstein und ihre Werkst\u00e4tten f\u00fcr k\u00fcnstlerische Keramik 1923\u20131934&#8221;.<\/a><\/p>\n<p>Bis 1934, weil sie dann von der Nazi-Regierung zum Verkauf ihrer Werkst\u00e4tten gezwungen wurde: &#8220;Die junge Keramikerin Hedwig Bollhagen er\u00f6ffnete dort die bis heute erfolgreichen HB-Werkst\u00e4tten.&#8221; Daher kommt die wundervolle Vase, die wir zum Rosenfest geschenkt bekamen.<\/p>\n<p>Eine gro\u00dfartige Ausstellung. Die vielen Vermerke &#8220;aus Privatsammlung&#8221; vermittelten mir eine Ahnung, wie aufw\u00e4ndig das Kuratieren gewesen sein muss.<\/p>\n<p>W\u00e4hrend ich im gro\u00dfen Ausstellungsraum mit Galerie zeitgen\u00f6ssische Filmaufnahmen der Werkstatt von Margarete Heymann-Loebenstein ansah, kam eine Gruppe Kinder herein: Das Museum hat viel Programm f\u00fcr sie, gestern erkl\u00e4rte ihnen ein Mitarbeiter anhand einer Originalkiste, wie Ausstellungsst\u00fccke ins Museum kommen.<\/p>\n<p><a href=\"https:\/\/www.vorspeisenplatte.de\/speisen\/archiv\/230927_49_BroehanMuseum.jpg\"><img loading=\"lazy\" decoding=\"async\" src=\"https:\/\/www.vorspeisenplatte.de\/speisen\/archiv\/230927_49_BroehanMuseum.jpg\" alt=\"\" width=\"410\" height=\"330\" class=\"alignnone size-full wp-image-91477\" \/><\/a><\/p>\n<p><a href=\"https:\/\/www.vorspeisenplatte.de\/speisen\/archiv\/230927_50_BroehanMuseum.jpg\"><img loading=\"lazy\" decoding=\"async\" src=\"https:\/\/www.vorspeisenplatte.de\/speisen\/archiv\/230927_50_BroehanMuseum.jpg\" alt=\"\" width=\"401\" height=\"308\" class=\"alignnone size-full wp-image-91478\" \/><\/a><\/p>\n<p><a href=\"https:\/\/www.vorspeisenplatte.de\/speisen\/archiv\/230927_51_BroehanMuseum.jpg\"><img loading=\"lazy\" decoding=\"async\" src=\"https:\/\/www.vorspeisenplatte.de\/speisen\/archiv\/230927_51_BroehanMuseum.jpg\" alt=\"\" width=\"350\" height=\"422\" class=\"alignnone size-full wp-image-91479\" \/><\/a><\/p>\n<p>Einer von Margarete Heymann-Loebensteins ber\u00fchmtesten Entw\u00fcrfen.<\/p>\n<p><a href=\"https:\/\/www.vorspeisenplatte.de\/speisen\/archiv\/230927_53_BroehanMuseum.jpg\"><img loading=\"lazy\" decoding=\"async\" src=\"https:\/\/www.vorspeisenplatte.de\/speisen\/archiv\/230927_53_BroehanMuseum.jpg\" alt=\"\" width=\"463\" height=\"292\" class=\"alignnone size-full wp-image-91480\" \/><\/a><\/p>\n<p>Raucher- und Schreib-Ausstattung, nicht nur im Design historisch.<\/p>\n<p><a href=\"https:\/\/www.vorspeisenplatte.de\/speisen\/archiv\/230927_54_BroehanMuseum.jpg\"><img loading=\"lazy\" decoding=\"async\" src=\"https:\/\/www.vorspeisenplatte.de\/speisen\/archiv\/230927_54_BroehanMuseum.jpg\" alt=\"\" width=\"325\" height=\"434\" class=\"alignnone size-full wp-image-91481\" \/><\/a><\/p>\n<p><a href=\"https:\/\/www.vorspeisenplatte.de\/speisen\/archiv\/230927_55_BroehanMuseum.jpg\"><img loading=\"lazy\" decoding=\"async\" src=\"https:\/\/www.vorspeisenplatte.de\/speisen\/archiv\/230927_55_BroehanMuseum.jpg\" alt=\"\" width=\"301\" height=\"381\" class=\"alignnone size-full wp-image-91482\" \/><\/a><\/p>\n<p>Die K\u00fcnstlerin als coole Socke.<\/p>\n<p>Dass ich selbst bzw. meine Kleidung auf allen Aufnahmen zu sehen ist, verbuche ich unter Festhalten zeitgen\u00f6ssischen Designs.<\/p>\n<p>Weiter durch die st\u00e4ndige Ausstellung, die teilweise in R\u00e4umen pr\u00e4sentiert wird (&#8220;Period Rooms&#8221;), teilweise in Lager-artigen Regalen, diese nur zum Teil thematisch zusammengefasst &#8211; ich hatte den Eindruck, dass die Sammlung noch nach einer Pr\u00e4sentation sucht. Ich fand sie interessant und stie\u00df nur auf wenige Aspekte, die mich vor einiger Zeit dem Stilgebiet Art nouveau, Art deco, Jugendstil etwas entfremdeten &#8211; n\u00e4mlich seit mir <a href=\"https:\/\/de.wikipedia.org\/wiki\/Friedhofskirche_zum_heiligen_Karl_Borrom%C3%A4us\" rel=\"noopener\" target=\"_blank\">die Kirche des Wiener Zentralfriedhofs<\/a> und die <a href=\"https:\/\/valledeloscaidos.es\/basilica\/paso-a-paso\/\" rel=\"noopener\" target=\"_blank\">Bas\u00edlica im kastilischen Valle de los Ca\u00eddos<\/a> klargemacht hatten, wie kurz der Weg von dort zum totalit\u00e4ren Kunst-Stil des Faschismus und des Stalinismus war.<\/p>\n<p><a href=\"https:\/\/www.vorspeisenplatte.de\/speisen\/archiv\/230927_56_BroehanMuseum.jpg\"><img loading=\"lazy\" decoding=\"async\" src=\"https:\/\/www.vorspeisenplatte.de\/speisen\/archiv\/230927_56_BroehanMuseum.jpg\" alt=\"\" width=\"524\" height=\"347\" class=\"alignnone size-full \" \/><\/a><\/p>\n<p><a href=\"https:\/\/www.vorspeisenplatte.de\/speisen\/archiv\/230927_58_BroehanMuseum.jpg\"><img loading=\"lazy\" decoding=\"async\" src=\"https:\/\/www.vorspeisenplatte.de\/speisen\/archiv\/230927_58_BroehanMuseum.jpg\" alt=\"\" width=\"293\" height=\"346\" class=\"alignnone size-full wp-image-91484\" \/><\/a><\/p>\n<p><a href=\"https:\/\/www.vorspeisenplatte.de\/speisen\/archiv\/230927_59_BroehanMuseum.jpg\"><img loading=\"lazy\" decoding=\"async\" src=\"https:\/\/www.vorspeisenplatte.de\/speisen\/archiv\/230927_59_BroehanMuseum.jpg\" alt=\"\" width=\"211\" height=\"380\" class=\"alignnone size-full wp-image-91485\" \/><\/a><\/p>\n<p><a href=\"https:\/\/www.vorspeisenplatte.de\/speisen\/archiv\/230927_62_BroehanMuseum.jpg\"><img loading=\"lazy\" decoding=\"async\" src=\"https:\/\/www.vorspeisenplatte.de\/speisen\/archiv\/230927_62_BroehanMuseum.jpg\" alt=\"\" width=\"503\" height=\"351\" class=\"alignnone size-full \" \/><\/a><\/p>\n<p><a href=\"https:\/\/www.vorspeisenplatte.de\/speisen\/archiv\/230927_66_BroehanMuseum.jpg\"><img loading=\"lazy\" decoding=\"async\" src=\"https:\/\/www.vorspeisenplatte.de\/speisen\/archiv\/230927_66_BroehanMuseum.jpg\" alt=\"\" width=\"383\" height=\"498\" class=\"alignnone size-full wp-image-91487\" \/><\/a><\/p>\n<p>Bis zur Abendverabredung war ich mit Aufschreiben besch\u00e4ftigt, turnte auch eine l\u00e4ngere Runde Yoga-Gymnastik.<\/p>\n<p>Der Zufall hatte <a href=\"https:\/\/joel.lu\/\" rel=\"noopener\" target=\"_blank\">den Luxemburger Freund Jo\u00ebl<\/a> gleichzeitig mit mir nach Berlin gebracht, das nutzten wir zu einem Treffen bei gregorianischem Essen (Jo\u00ebl gestand gleich nach der ersten Umarmung diesen Versprecher bei einem vorhergehenden Telefonat &#8211; und der ist so gro\u00dfartig, dass ich die Bezeichnung beibehalten werde). Der empfohlene Georgier Salhino lag sogar in Charlottenburg, ich konnte zu Fu\u00df gehen &#8211; bislang waren all meine Berliner Ziele so nah an der Ferienwohnung, dass ich kaum Bewegung bekommen habe.<\/p>\n<p><a href=\"https:\/\/www.vorspeisenplatte.de\/speisen\/archiv\/230927_69_Charlottenburg.jpg\"><img loading=\"lazy\" decoding=\"async\" src=\"https:\/\/www.vorspeisenplatte.de\/speisen\/archiv\/230927_69_Charlottenburg.jpg\" alt=\"\" width=\"396\" height=\"411\" class=\"alignnone size-full wp-image-91488\" \/><\/a><\/p>\n<p>Was mich in Berlin immer wieder \u00fcberw\u00e4ltigt: Der Platz und die Weite.<\/p>\n<p><a href=\"https:\/\/www.vorspeisenplatte.de\/speisen\/archiv\/230927_70_Charlottenburg.jpg\"><img loading=\"lazy\" decoding=\"async\" src=\"https:\/\/www.vorspeisenplatte.de\/speisen\/archiv\/230927_70_Charlottenburg.jpg\" alt=\"\" width=\"313\" height=\"441\" class=\"alignnone size-full wp-image-91489\" \/><\/a><\/p>\n<p>Passend zur vormitt\u00e4glichen Besichtigung.<\/p>\n<p><a href=\"https:\/\/www.vorspeisenplatte.de\/speisen\/archiv\/230927_72_Charlottenburg.jpg\"><img loading=\"lazy\" decoding=\"async\" src=\"https:\/\/www.vorspeisenplatte.de\/speisen\/archiv\/230927_72_Charlottenburg.jpg\" alt=\"\" width=\"363\" height=\"484\" class=\"alignnone size-full wp-image-91490\" \/><\/a><\/p>\n<p>Diese Handschrift kenne ich auch von M\u00fcnchner W\u00e4nden\/Br\u00fccken.<\/p>\n<p><a href=\"https:\/\/www.vorspeisenplatte.de\/speisen\/archiv\/230927_75_Charlottenburg.jpg\"><img loading=\"lazy\" decoding=\"async\" src=\"https:\/\/www.vorspeisenplatte.de\/speisen\/archiv\/230927_75_Charlottenburg.jpg\" alt=\"\" width=\"363\" height=\"466\" class=\"alignnone size-full wp-image-91491\" \/><\/a><\/p>\n<p>Diese allerdings nicht. Charlottenburg gefiel mir weiterhin sehr gut, hat eine bunt-gem\u00fctliche und gleichzeitig lebendige Ausstrahlung.<\/p>\n<p>Mit Jo\u00ebl st\u00fcrzte ich mich sehr schnell tief in lange vermissten Austausch (und in den georgischen Wei\u00dfwein Tsinandali), sodass ich verga\u00df, unser Essen zu fotografieren.<\/p>\n<p><a href=\"https:\/\/www.vorspeisenplatte.de\/speisen\/archiv\/230927_76_Salhino.jpg\"><img loading=\"lazy\" decoding=\"async\" src=\"https:\/\/www.vorspeisenplatte.de\/speisen\/archiv\/230927_76_Salhino.jpg\" alt=\"\" width=\"363\" height=\"414\" class=\"alignnone size-full wp-image-91492\" \/><\/a><\/p>\n<p>Hier ein paar Teile davon (wir sa\u00dfen drau\u00dfen in kurzen \u00c4rmeln ohne zu frieren). Es schmeckte hervorragend und lie\u00df mich mal wieder ein gutes georgisches Restaurant in M\u00fcnchen vermissen &#8211; was ich dem herzlichen und freundlichen Kellner beim Abschied auch sagte und ihn bat, diese L\u00fccke weiterzugeben, vielleicht wisse er jemanden, der sie schlie\u00dfen k\u00f6nne.<br \/>\n<a href=\"https:\/\/joel.lu\/2023\/09\/27\/berlin-neue-nationalgalerie\/\" rel=\"noopener\" target=\"_blank\">(Selfie vom Treffen bei Jo\u00ebl.)<\/a><\/p>\n<p>R\u00fcckweg ebenfalls zu Fu\u00df in milder Nachtluft, ich genoss ihn.<\/p>\n<p>\u00a7<\/p>\n<p><a href=\"https:\/\/kolumne.gorki.de\/kolumne-135\/\" rel=\"noopener\" target=\"_blank\">&#8220;Es ist alles gesagt&#8221;.<\/a><\/p>\n<p>Mely Kiyak hat fertig. Undiplomatisch und einfach mal nicht konstruktiv rechnet sie mit den vergangenen ca. 15 Jahren ab, in denen sie vorm Aufstieg des Faschismus in ihrer Heimat Deutschland warnte. Und jetzt will sie nicht mehr politisch schreiben, und zieht sich in ein Wir und Ihr zur\u00fcck, &#8220;ich habe mich (&#8230;) innerlich von euch abgevolkt&#8221;.<\/p>\n<blockquote><p>Schaut: Mein Kanackendaddy hat noch nicht einmal Wahlrecht, um euch die Pest an den Hals zu w\u00e4hlen, so wie eure Leute uns die Pest an den Hals w\u00e4hlen. Hier in Berlin d\u00fcrfen demn\u00e4chst minderj\u00e4hrige Kinder w\u00e4hlen, also eure Geschwister, aber unsere Eltern immer noch nicht. Mein Kanackendaddy hat mit seinen Steuern euer BAf\u00f6G bezahlt, eure staatlich gef\u00f6rderte Eigenheimzulage. Wenn mein Daddy mich besucht, verteilen sich f\u00fcnf Erwachsene auf zwei schmale \u00c7ekyats und ich schlafe auf dem Boden. Es sind Eure Leute, die das alles machen, nicht meine.<\/p>\n<p>Fr\u00fcher haben meine Ossifreunde immer gelacht, wenn ich gesagt habe, vergesst nicht, die Mauer ging auf und wir dachten, ihr Ossis kommt, um uns auf den Mund zu k\u00fcssen. Aber ihr habt euch bewaffnet und unsere Leute abgeknallt. Eure Leute waren in der Polizei und haben uns unh\u00f6flich behandelt. Und eure Leute sind es, die diese M\u00f6rder jetzt fr\u00fchzeitig aus der Haft entlassen, weil sie glaubw\u00fcrdig versichert h\u00e4tten, nicht mehr so schlimm zu sein. Stimmt ja auch. Es gibt jetzt noch viel schlimmere Nazis, die sind in Freiheit und nehmen gerade an Abstimmungen im Parlament teil.<\/p><\/blockquote>\n<p>Ich stimme Kiyak nicht in allem zu. Aber ich kann sie in allem verstehen. (Wenn wir vielleicht mal Leute wie sie zu verstehen versuchen und nicht immer und immer wieder AfD-W\u00e4hler*innen?)<\/p>\n<p>Mely Kiyak kopiert unter diesen Text ihre letzte &#8220;Deutschstunde&#8221;, die politische Kolumne, die sie seit zehn Jahren f\u00fcr <i>Die Zeit<\/i> schreibt, schrieb.<\/p>\n<blockquote><p>Wenn man, egal wo man auf der Welt lebt, von seiner Gesellschaft als Feind betrachtet wird, dann erkennt man schneller, wenn die Luft d\u00fcnn wird. Man ist wie Kranich, Pfau und Pirol, ein Vogel, der die Wetterver\u00e4nderung in der Atmosph\u00e4re sp\u00fcrt und seinen Gesang \u00e4ndert. Wir fr\u00fchen politischen Kolumnistinnen haben diesen Temperaturwechsel schon Jahrzehnte vorher registriert und mit Regenrufen die Wetterverschlechterung gezwitschert. Ich denke hier vor allem an Autorinnen wie Hilal Sezgin. Ich denke auch an die ersten Autorinnen, Theatermacherinnen, Dichterinnen, die vor mir schrieben. Jede von uns hatte ihre Zeit.<\/p><\/blockquote>\n<p>\u00a7<\/p>\n<p>Das hier schreibt Mely Kiyak statt dessen, und auch darin verstehe ich sie ganz.<br \/>\n<a href=\"https:\/\/www.zeit.de\/kultur\/2023-07\/wochenende-momente-freude\" rel=\"noopener\" target=\"_blank\">&#8220;Gute Momente&#8221;.<\/a> <img loading=\"lazy\" decoding=\"async\" src=\"https:\/\/vg06.met.vgwort.de\/na\/0baa831f1cbf4a1599a46041dd29e006\" width=\"1\" height=\"1\" alt=\"\"\/><\/p>\n","protected":false},"excerpt":{"rendered":"<p>Richtig gut geschlafen, sogar nachdem ich beim n\u00e4chtlichen Klogang das rechte Schienbein brutal am Bettrahmen angeschlagen hatte. Ausgeschlafen, zu Spatzentschilpen aus dem Patio des Hauses Milchkaffee getrunken und gebloggt. Richtiggehend dankbar war ich f\u00fcr eine Ferienwohnungsdusche mit (offensichtlich neuem) Duschvorhang statt schicker Glaswand: Ich kann es immer noch nicht als zivilisatorischen Fortschritt ansehen, dass ich [&hellip;]<\/p>\n","protected":false},"author":2,"featured_media":0,"comment_status":"open","ping_status":"closed","sticky":false,"template":"","format":"standard","meta":{"footnotes":""},"categories":[6,2,1],"tags":[],"class_list":["post-91428","post","type-post","status-publish","format-standard","hentry","category-essen","category-fotos","category-general"],"_links":{"self":[{"href":"https:\/\/www.vorspeisenplatte.de\/speisen\/wp-json\/wp\/v2\/posts\/91428","targetHints":{"allow":["GET"]}}],"collection":[{"href":"https:\/\/www.vorspeisenplatte.de\/speisen\/wp-json\/wp\/v2\/posts"}],"about":[{"href":"https:\/\/www.vorspeisenplatte.de\/speisen\/wp-json\/wp\/v2\/types\/post"}],"author":[{"embeddable":true,"href":"https:\/\/www.vorspeisenplatte.de\/speisen\/wp-json\/wp\/v2\/users\/2"}],"replies":[{"embeddable":true,"href":"https:\/\/www.vorspeisenplatte.de\/speisen\/wp-json\/wp\/v2\/comments?post=91428"}],"version-history":[{"count":3,"href":"https:\/\/www.vorspeisenplatte.de\/speisen\/wp-json\/wp\/v2\/posts\/91428\/revisions"}],"predecessor-version":[{"id":91511,"href":"https:\/\/www.vorspeisenplatte.de\/speisen\/wp-json\/wp\/v2\/posts\/91428\/revisions\/91511"}],"wp:attachment":[{"href":"https:\/\/www.vorspeisenplatte.de\/speisen\/wp-json\/wp\/v2\/media?parent=91428"}],"wp:term":[{"taxonomy":"category","embeddable":true,"href":"https:\/\/www.vorspeisenplatte.de\/speisen\/wp-json\/wp\/v2\/categories?post=91428"},{"taxonomy":"post_tag","embeddable":true,"href":"https:\/\/www.vorspeisenplatte.de\/speisen\/wp-json\/wp\/v2\/tags?post=91428"}],"curies":[{"name":"wp","href":"https:\/\/api.w.org\/{rel}","templated":true}]}}