{"id":9155,"date":"2010-10-06T06:23:49","date_gmt":"2010-10-06T04:23:49","guid":{"rendered":"https:\/\/www.vorspeisenplatte.de\/speisen\/?p=9155"},"modified":"2010-10-11T06:45:39","modified_gmt":"2010-10-11T04:45:39","slug":"tag-5-ein-buch-das-du-immer-und-immer-wieder-lesen-konntest","status":"publish","type":"post","link":"https:\/\/www.vorspeisenplatte.de\/speisen\/2010\/10\/tag-5-ein-buch-das-du-immer-und-immer-wieder-lesen-konntest.htm","title":{"rendered":"Tag 5 \u2013 Ein Buch, das du immer und immer wieder lesen k\u00f6nntest"},"content":{"rendered":"<p>Alle Asterix-B\u00e4nde bis einschlie\u00dflich <i>Der gro\u00dfe Graben<\/i>, also<\/p>\n<p><i>Asterix der Gallier<\/i> (\u201eJa, genau die brauche ich. Besorgt mir bitte noch mehr davon&#8230;\u201c)<\/p>\n<p><i>Asterix und Kleopatra<\/i> (\u201ePuh! Mir graut vor Essig, wenn er zu sehr perlt!\u201c)<\/p>\n<p><i>Asterix als Gladiator<\/i> (\u201eNimm gef\u00e4lligst die Petersilie aus deinen Ohren!\u201c)<\/p>\n<p><i>Der Kampf der H\u00e4uptlinge<\/i> (\u201eHu! Hu!\u201c)<\/p>\n<p><i>Die goldene Sichel<\/i> (\u201eIch bin zwar ein R\u00e4uber, aber ich bin doch nicht verr\u00fcckt!!!\u201c)<\/p>\n<p><i>Tour de France<\/i> (\u201eWer ist hier dick?\u201c)<\/p>\n<p><i>Asterix und die Goten<\/i> (\u201eEs lebe Rhetorik unser Chef!!!\u201c)<\/p>\n<p><i>Asterix bei den Briten <\/i>(\u201eEs ist. Ist es nicht?\u201c)<\/p>\n<p><i>Asterix und die Normannen <\/i>(\u201eDie No&#8230; die No&#8230; die Nono&#8230;\u201c)<\/p>\n<p><i>Asterix als Legion\u00e4r <\/i>(\u201eWas sagt der Zenturio?\u201c)<\/p>\n<p><i>Asterix und der Arvernerschild <\/i>(\u201eAlesia? Ich kenne kein Alesia.\u201c)<\/p>\n<p><i>Asterix bei den olympischen Spielen <\/i>(\u201eHuhu! Br\u00fcderchen! Huhu!\u201c)<\/p>\n<p><i>Asterix und der Kupferkessel <\/i>(\u201eSch\u00f6ne, sch\u00f6ne, sch\u00f6ne Wildschweine!\u201c)<\/p>\n<p><i>Asterix in Spanien <\/i>(Die Bl\u00fcmchen in der Sprechblase.)<\/p>\n<p><i>Streit um Asterix <\/i>(Die gr\u00fcnen Sprechblasen.)<\/p>\n<p><i>Asterix bei den Schweizern <\/i>(\u201eFlach.\u201c)<\/p>\n<p><i>Die Trabantenstadt <\/i> (\u201eKiker?\u201c)<\/p>\n<p><i>Die Lorbeeren des C\u00e4sar <\/i>(\u201eRecht hat er, der Dingsbums!\u201c)<\/p>\n<p><i>Der Seher <\/i>(\u201eSchn\u00e4uzelchen?\u201c)<\/p>\n<p><i>Asterix auf Korsika <\/i>(\u201eHat jemand eine gef\u00fcllte Urne da?\u201c)<\/p>\n<p><i>Das Geschenk C\u00e4sars <\/i>(\u201eAngenehm, Madame!\u201c)<\/p>\n<p><i>Die gro\u00dfe \u00dcberfahrt <\/i>(\u201eGuruguru?\u201c \u201eWauwau!\u201c)<\/p>\n<p><i>Obelix GmbH &#038; Co. KG <\/i>(\u201eWenn-du-nicht-k\u00f6nnen-machen-mehr-Hinkelsteine-ich-dir-geben-weniger-Sesterze. Klar?\u201c)<\/p>\n<p><i>Asterix bei den Belgiern <\/i>(\u201eRuhe, ihr beiden Comiker!\u201c)<\/p>\n<p><i>Der gro\u00dfe Graben <\/i>(\u201eGleich platz&#8217; ich&#8230; glei&#8230; glei&#8230; gleich platz&#8217; ich!\u201c)<\/p>\n<p><a href=\"https:\/\/www.vorspeisenplatte.de\/speisen\/2010\/09\/bucher-listenweise.htm\">Zur gesamten Fragenliste.<\/a><\/p>\n","protected":false},"excerpt":{"rendered":"<p>Alle Asterix-B\u00e4nde bis einschlie\u00dflich Der gro\u00dfe Graben, also Asterix der Gallier (\u201eJa, genau die brauche ich. Besorgt mir bitte noch mehr davon&#8230;\u201c) Asterix und Kleopatra (\u201ePuh! Mir graut vor Essig, wenn er zu sehr perlt!\u201c) Asterix als Gladiator (\u201eNimm gef\u00e4lligst die Petersilie aus deinen Ohren!\u201c) Der Kampf der H\u00e4uptlinge (\u201eHu! Hu!\u201c) Die goldene Sichel (\u201eIch [&hellip;]<\/p>\n","protected":false},"author":2,"featured_media":0,"comment_status":"open","ping_status":"closed","sticky":false,"template":"","format":"standard","meta":{"footnotes":""},"categories":[3,1],"tags":[],"class_list":["post-9155","post","type-post","status-publish","format-standard","hentry","category-bucher","category-general"],"_links":{"self":[{"href":"https:\/\/www.vorspeisenplatte.de\/speisen\/wp-json\/wp\/v2\/posts\/9155","targetHints":{"allow":["GET"]}}],"collection":[{"href":"https:\/\/www.vorspeisenplatte.de\/speisen\/wp-json\/wp\/v2\/posts"}],"about":[{"href":"https:\/\/www.vorspeisenplatte.de\/speisen\/wp-json\/wp\/v2\/types\/post"}],"author":[{"embeddable":true,"href":"https:\/\/www.vorspeisenplatte.de\/speisen\/wp-json\/wp\/v2\/users\/2"}],"replies":[{"embeddable":true,"href":"https:\/\/www.vorspeisenplatte.de\/speisen\/wp-json\/wp\/v2\/comments?post=9155"}],"version-history":[{"count":0,"href":"https:\/\/www.vorspeisenplatte.de\/speisen\/wp-json\/wp\/v2\/posts\/9155\/revisions"}],"wp:attachment":[{"href":"https:\/\/www.vorspeisenplatte.de\/speisen\/wp-json\/wp\/v2\/media?parent=9155"}],"wp:term":[{"taxonomy":"category","embeddable":true,"href":"https:\/\/www.vorspeisenplatte.de\/speisen\/wp-json\/wp\/v2\/categories?post=9155"},{"taxonomy":"post_tag","embeddable":true,"href":"https:\/\/www.vorspeisenplatte.de\/speisen\/wp-json\/wp\/v2\/tags?post=9155"}],"curies":[{"name":"wp","href":"https:\/\/api.w.org\/{rel}","templated":true}]}}