{"id":91799,"date":"2023-10-08T05:54:28","date_gmt":"2023-10-08T03:54:28","guid":{"rendered":"https:\/\/www.vorspeisenplatte.de\/speisen\/?p=91799"},"modified":"2023-10-08T05:58:31","modified_gmt":"2023-10-08T03:58:31","slug":"journal-samstag-7-oktober-2023-genesungstag-und-wahlhilfevorbereitung","status":"publish","type":"post","link":"https:\/\/www.vorspeisenplatte.de\/speisen\/2023\/10\/journal-samstag-7-oktober-2023-genesungstag-und-wahlhilfevorbereitung.htm","title":{"rendered":"Journal Samstag, 7. Oktober 2023 &#8211; Genesungstag und Wahlhilfevorbereitung"},"content":{"rendered":"<p><a href=\"https:\/\/www.vorspeisenplatte.de\/speisen\/archiv\/231007_01_StMatthaeus.jpg\"><img loading=\"lazy\" decoding=\"async\" src=\"https:\/\/www.vorspeisenplatte.de\/speisen\/archiv\/231007_01_StMatthaeus.jpg\" alt=\"\" width=\"371\" height=\"485\" class=\"alignnone size-full wp-image-91807\" \/><\/a><\/p>\n<p>Nach mittelguter Nacht (neues Erk\u00e4ltungsfeature: Reizhusten) horchte ich den (strahlend sonnigen) Morgen \u00fcber in mich: Es war ferner Besuch in der Stadt, den ich so lang schon nicht mehr gesehen hatte &#8211; war ich daf\u00fcr gesund genug? Schlussendlich wollte ich dann doch aus den Pandemie-Jahren gelernt haben: Einen infekti\u00f6sen Husten tr\u00e4gt man nicht unter die Leute, ich sagte ab. Und steckte f\u00fcr meine Eink\u00e4ufe eine Maske ein.<\/p>\n<p>Echten Sport w\u00fcrde ich selbstverst\u00e4ndlich auch nicht machen &#8211; sofort begann mein Hirn, gegen das unvermeidlich resultierende schlechte Gewissen nach Erledigungen zu suchen (B\u00fcgeln?).<\/p>\n<p>Ich schaffte es dennoch, den Morgen und die wundervolle Morgensonne im Wohnzimmer zu genie\u00dfen, mich gem\u00fctlich fertig zu machen, erst am sp\u00e4ten Vormittag zu Lebensmitteleink\u00e4ufen loszuziehen (keine Jacke n\u00f6tig), mein Freitag am B\u00fcro gelassenes Fahrrad zu holen.<\/p>\n<p><a href=\"https:\/\/www.vorspeisenplatte.de\/speisen\/archiv\/231007_04_Lessingstr.jpg\"><img loading=\"lazy\" decoding=\"async\" src=\"https:\/\/www.vorspeisenplatte.de\/speisen\/archiv\/231007_04_Lessingstr.jpg\" alt=\"\" width=\"551\" height=\"403\" class=\"alignnone size-full \" \/><\/a><\/p>\n<p>Die Referenz-Zierkirschen kleideten sich f\u00fcr die Herbstvorstellung.<\/p>\n<p>Zur\u00fcck daheim ein zweiter Milchkaffee (ich hatte versehentlich die gro\u00dfe Cafetera voll gemacht, obwohl Herr Kaltmamsell ja aush\u00e4usig \u00fcbernachtete), eine weitere kleine Einkaufsrunde. Fr\u00fchst\u00fcck um zwei: K\u00f6rnersemmeln, Birne mit Joghurt.<\/p>\n<p>Nach einer Weile war ich dann doch so m\u00fcde, dass ich mich schlecht konzentrieren konnte, also machte ich gleich nach Herrn Kaltmamsells R\u00fcckkehr eine kurze Siesta, eher einen <i>cat nap<\/i>. Danach hatte ich die n\u00f6tige Aufmerksamkeit, um die Wahlhilfe-Schulungsunterlagen f\u00fcr Sonntag durchzuarbeiten: Irgendwie war mir die Gelassenheit der vorherigen Eins\u00e4tze abhanden gekommen, ich hatte das gro\u00dfe Bed\u00fcrfnis nach gr\u00fcndlicher Wiederholung. Es kam mir sehr entgegen, dass diesmal auch Herr Kaltmamsell wahlhilft und einem frischen Blick hatte (sowie unerwartete Fragen).<\/p>\n<p><a href=\"https:\/\/www.vorspeisenplatte.de\/speisen\/archiv\/231007_06_Wahlhilfeunterlagen.jpg\"><img loading=\"lazy\" decoding=\"async\" src=\"https:\/\/www.vorspeisenplatte.de\/speisen\/archiv\/231007_06_Wahlhilfeunterlagen.jpg\" alt=\"\" width=\"429\" height=\"348\" class=\"alignnone size-full wp-image-91809\" \/><\/a><\/p>\n<p>Streber-Mapperl, aber jetzt f\u00fchlte ich mich sicher. (In der Schule war ich nie so.)<\/p>\n<p>Bitte, bitte gehen Sie w\u00e4hlen.<\/p>\n<p>Als Nachtisch f\u00fcrs Abendessen machte ich nochmal <a href=\"https:\/\/kuechenlatein.com\/apple-crisp\/\" rel=\"noopener\" target=\"_blank\">Apple Crisp<\/a>, diesmal mit nur 60 Gramm Zucker unter die \u00c4pfel. W\u00e4hrend des Backens nach vier Tagen Pause wieder regul\u00e4re Yoga-Gymnastik, tat sehr gut.<\/p>\n<p>Das eigentliche Nachtmahl war ein Auberginen-Kartoffel-Curry (Ernteanteil) mit Reis, dann reichlich Apple Crisp. Und Schokolade.<\/p>\n<p>Die Nachrichten gestern dominiert von v\u00f6llig \u00fcberraschenden Gro\u00dfangriffen der radikal-islamischen Terrororganisation Hamas auf Israel &#8211; <a href=\"https:\/\/www.tagesschau.de\/ausland\/asien\/gaza-israel-angriff-106.html\" rel=\"noopener\" target=\"_blank\">Stand Sonntagmorgen sind Hunderte von Toten.<\/a><\/p>\n<p>Fr\u00fch ins Bett, weil sehr fr\u00fches Aufstehen f\u00fcr Wahlhelfen.<br \/>\n(R\u00fcckblickend fehlten mir an diesem Tag irgendwie die anderthalb Stunden, in denen ich die Wochenend-Zeitung hatte lesen wollen, seltsam.)<\/p>\n<p>\u00a7<\/p>\n<p>Mal wieder ultra late to the party: YouTube-Hit des Contra-Tenors Jakub J\u00f3zef Orli\u0144ski, wie er auf dem Festival in Aix-en-Provence 2017 Vivaldi singt. Wundersch\u00f6n &#8211; aber neu war mir, dass es Umblattlerinnen auch bei Noten auf Tablet braucht und sie statt Umblatteln tippen.<\/p>\n<div class=\"video-wrapped\" style=\"width: 500px; height: 281px; background-image: url('https:\/\/www.vorspeisenplatte.de\/speisen\/wp-content\/plugins\/video-embed-privacy\/preview\/yF4YXv6ZIuE.jpg')\" data-embed-frame=\"&lt;iframe title=&quot;Vivaldi : il Giustino, &amp;quot;Vedr\u00f2 con mio diletto&amp;quot; par Jakub J\u00f3zef Orli\u0144ski (contre-t\u00e9nor)&quot; width=&quot;500&quot; height=&quot;281&quot; src=&quot;https:\/\/www.youtube.com\/embed\/yF4YXv6ZIuE?feature=oembed&quot; frameborder=&quot;0&quot; allow=&quot;accelerometer; autoplay; clipboard-write; encrypted-media; gyroscope; picture-in-picture; web-share&quot; referrerpolicy=&quot;strict-origin-when-cross-origin&quot; allowfullscreen&gt;&lt;\/iframe&gt;\" data-embed-play=\"Abspielen&lt;div class=&quot;small&quot;&gt;Das Video wird von Youtube eingebettet abespielt. Es gilt die &lt;a href=&quot;https:\/\/www.google.com\/intl\/de\/policies\/privacy\/&quot; target=&quot;_blank&quot;&gt;Datenschutzerkl\u00e4rung von Google&lt;\/a&gt;&lt;\/div&gt;\">\n<div class=\"video-wrapped-nojs\">Aktivieren Sie JavaScript um das Video zu sehen.<br \/><a href=\"https:\/\/youtu.be\/yF4YXv6ZIuE?si=PyH8A22zSnbqNRdm\">https:\/\/youtu.be\/yF4YXv6ZIuE?si=PyH8A22zSnbqNRdm<\/a><\/div>\n<\/div>\n<p>via dem lesenwerten <i>SZ<\/i>-Interview mit Orli\u0144ski in der Reihe &#8220;Reden wir \u00fcber Geld&#8221; (\u20ac):<br \/>\n<a href=\"https:\/\/www.sueddeutsche.de\/wirtschaft\/oper-breakdance-countertenor-orlinski-1.6273130\" rel=\"noopener\" target=\"_blank\">&#8220;&#8216;Ich m\u00f6chte kein Zirkusaffe sein'&#8221;.<\/a> <img loading=\"lazy\" decoding=\"async\" src=\"https:\/\/vg06.met.vgwort.de\/na\/af27becf0df04ea38d07894d70f2ee03\" width=\"1\" height=\"1\" alt=\"\"\/><\/p>\n","protected":false},"excerpt":{"rendered":"<p>Nach mittelguter Nacht (neues Erk\u00e4ltungsfeature: Reizhusten) horchte ich den (strahlend sonnigen) Morgen \u00fcber in mich: Es war ferner Besuch in der Stadt, den ich so lang schon nicht mehr gesehen hatte &#8211; war ich daf\u00fcr gesund genug? Schlussendlich wollte ich dann doch aus den Pandemie-Jahren gelernt haben: Einen infekti\u00f6sen Husten tr\u00e4gt man nicht unter die [&hellip;]<\/p>\n","protected":false},"author":2,"featured_media":0,"comment_status":"open","ping_status":"closed","sticky":false,"template":"","format":"standard","meta":{"footnotes":""},"categories":[2,1],"tags":[],"class_list":["post-91799","post","type-post","status-publish","format-standard","hentry","category-fotos","category-general"],"_links":{"self":[{"href":"https:\/\/www.vorspeisenplatte.de\/speisen\/wp-json\/wp\/v2\/posts\/91799","targetHints":{"allow":["GET"]}}],"collection":[{"href":"https:\/\/www.vorspeisenplatte.de\/speisen\/wp-json\/wp\/v2\/posts"}],"about":[{"href":"https:\/\/www.vorspeisenplatte.de\/speisen\/wp-json\/wp\/v2\/types\/post"}],"author":[{"embeddable":true,"href":"https:\/\/www.vorspeisenplatte.de\/speisen\/wp-json\/wp\/v2\/users\/2"}],"replies":[{"embeddable":true,"href":"https:\/\/www.vorspeisenplatte.de\/speisen\/wp-json\/wp\/v2\/comments?post=91799"}],"version-history":[{"count":3,"href":"https:\/\/www.vorspeisenplatte.de\/speisen\/wp-json\/wp\/v2\/posts\/91799\/revisions"}],"predecessor-version":[{"id":91820,"href":"https:\/\/www.vorspeisenplatte.de\/speisen\/wp-json\/wp\/v2\/posts\/91799\/revisions\/91820"}],"wp:attachment":[{"href":"https:\/\/www.vorspeisenplatte.de\/speisen\/wp-json\/wp\/v2\/media?parent=91799"}],"wp:term":[{"taxonomy":"category","embeddable":true,"href":"https:\/\/www.vorspeisenplatte.de\/speisen\/wp-json\/wp\/v2\/categories?post=91799"},{"taxonomy":"post_tag","embeddable":true,"href":"https:\/\/www.vorspeisenplatte.de\/speisen\/wp-json\/wp\/v2\/tags?post=91799"}],"curies":[{"name":"wp","href":"https:\/\/api.w.org\/{rel}","templated":true}]}}