{"id":91821,"date":"2023-10-09T07:52:24","date_gmt":"2023-10-09T05:52:24","guid":{"rendered":"https:\/\/www.vorspeisenplatte.de\/speisen\/?p=91821"},"modified":"2023-10-09T07:52:24","modified_gmt":"2023-10-09T05:52:24","slug":"journal-sonntag-8-oktober-2023-hilfe-bei-landtags-und-bezirkstagswahlen","status":"publish","type":"post","link":"https:\/\/www.vorspeisenplatte.de\/speisen\/2023\/10\/journal-sonntag-8-oktober-2023-hilfe-bei-landtags-und-bezirkstagswahlen.htm","title":{"rendered":"Journal Sonntag, 8. Oktober 2023 &#8211; Hilfe bei Landtags- und Bezirkstagswahlen"},"content":{"rendered":"<p>Sehr schlechte Nacht mit Halsweh, Husten, verstopfter Nase. Im Halbwachen \u00fcberlegte ich, dass ich unbedingt als Wahlhelferin antreten musste, weil als Schriftf\u00fchrerin besonders schwer zu ersetzen, mir aber Krankmeldung am Montag in der Arbeit vorbehielt. (Weiterhin Corona-negativ.)<\/p>\n<p>Das noch fr\u00fchere Weckerklingeln f\u00fchlte sich wie eine Erl\u00f6sung an. Nach schnellem Milchkaffee mit Herrn Kaltmamsell verlie\u00dfen wir das Haus rechtzeitig, um kurz nach sieben zum Aufbauen am bislang unbekannten Wahllokal einzutreffen. Wir gingen durch \u00fcberraschend warme Luft, und ich f\u00fchlte mich \u00fcberraschend gesund und fit nach der schlimmen Nacht.<\/p>\n<p><a href=\"https:\/\/www.vorspeisenplatte.de\/speisen\/archiv\/231008_01_Kreszentiastift.jpg\"><img loading=\"lazy\" decoding=\"async\" src=\"https:\/\/www.vorspeisenplatte.de\/speisen\/archiv\/231008_01_Kreszentiastift.jpg\" alt=\"\" width=\"419\" height=\"582\" class=\"alignnone size-full wp-image-91826\" \/><\/a><\/p>\n<p><a href=\"https:\/\/www.vorspeisenplatte.de\/speisen\/archiv\/231008_04_Kreszentiastift.jpg\"><img loading=\"lazy\" decoding=\"async\" src=\"https:\/\/www.vorspeisenplatte.de\/speisen\/archiv\/231008_04_Kreszentiastift.jpg\" alt=\"\" width=\"373\" height=\"454\" class=\"alignnone size-full wp-image-91831\" \/><\/a><\/p>\n<p>Einsatz-Adresse war eine gro\u00dfe Klosteranlage, die jetzt als Altenheim fungiert, darin drei Wahlr\u00e4ume. Es dauerte eine Weile, bis wir jemanden gefunden hatten, der uns unseren zeigen und aufsperren konnte: Ein Gruppenraum des Altenheims, den wir schnell beherzt komplett umbauen mussten, damit er Wahl-tauglich war. Irgendwann musste ich mich ausklinken, um den Schriftf\u00fchrungs-Computer f\u00fcrs Protokollieren startklar zu machen. Wir \u00f6ffneten p\u00fcnktlich.<\/p>\n<p>In den folgenden f\u00fcnf Stunden der Schicht war ich sehr froh um meine halbwegs gr\u00fcndliche Vorbereitung: Es traten einige Sonderf\u00e4lle auf, die ich mit vorbereitetem Nachschlagen l\u00f6sen konnte. Ich hatte mit einem super Team zu tun, um das ich mindestens so froh war, denn fast ab der ersten halben Stunde str\u00f6mten W\u00e4hler*innen in den Raum, davor stand durchgehend eine Schlange. Als ich am Vormittag kurz meinen Platz verlie\u00df, um meine Wasserflasche nachzuf\u00fcllen, wurde es schon eng. Zus\u00e4tzlich verabschiedete sich nach ein paar Stunden meine Stimme komplett, ich konnte nur noch fl\u00fcstern. Zusammen mit den seit Tagen andauernden Schluckschmerzen tippe ich dann doch auf Kehlkopfentz\u00fcndung. Zefix.<\/p>\n<p>Schichtwechsel um eins. Da mich diesmal der ebenfalls wahlhelfende Herr Kaltmamsell nicht mit einem Sonntagsbraten bekochen konnte, waren wir auf einen Sabbat-Trick verfallen: Er hatte <a href=\"https:\/\/de.wikipedia.org\/wiki\/Tscholent\" rel=\"noopener\" target=\"_blank\">einen Tscholent<\/a> vorbereitet, der \u00fcber Nacht im Ofen gegart hatte, jetzt nur noch aufgew\u00e4rmt werden musste.<\/p>\n<p><a href=\"https:\/\/www.vorspeisenplatte.de\/speisen\/archiv\/231008_05_Tscholent.jpg\"><img loading=\"lazy\" decoding=\"async\" src=\"https:\/\/www.vorspeisenplatte.de\/speisen\/archiv\/231008_05_Tscholent.jpg\" alt=\"\" width=\"362\" height=\"407\" class=\"alignnone size-full wp-image-91827\" \/><\/a><\/p>\n<p>Obenauf der Kneidel. Schmeckte sehr herz- und nahrhaft.<\/p>\n<p>Den Nachmittag nutzte ich zum Ausruhen: Ich legte mich eine Stunde ins Bett, konnte tats\u00e4chlich schlafen, las danach die Wochenend-<i>S\u00fcddeutsche<\/i>.<\/p>\n<p>Zum Schlie\u00dfen des Wahllokals und zum Ausz\u00e4hlen traten wir wieder an.<\/p>\n<p><a href=\"https:\/\/www.vorspeisenplatte.de\/speisen\/archiv\/231008_09_Westermuehlbach.jpg\"><img loading=\"lazy\" decoding=\"async\" src=\"https:\/\/www.vorspeisenplatte.de\/speisen\/archiv\/231008_09_Westermuehlbach.jpg\" alt=\"\" width=\"531\" height=\"358\" class=\"alignnone size-full \" \/><\/a><\/p>\n<p>Hinweg durchs ganzt\u00e4gig d\u00fcster-warme Wetter am Westerm\u00fchlbach entlang.<\/p>\n<p><a href=\"https:\/\/www.vorspeisenplatte.de\/speisen\/archiv\/231008_10_Kreszentiastift.jpg\"><img loading=\"lazy\" decoding=\"async\" src=\"https:\/\/www.vorspeisenplatte.de\/speisen\/archiv\/231008_10_Kreszentiastift.jpg\" alt=\"\" width=\"404\" height=\"470\" class=\"alignnone size-full wp-image-91829\" \/><\/a><\/p>\n<p>Der komplizierte Weg \u00fcber den Hof zum Wahllokal.<\/p>\n<p>Die Nachmittagsschicht war ebenso gut besch\u00e4ftigt gewesen wie wir am Vormittag &#8211; und die \u00c4rmsten hatten jetzt nicht mal eine Pause.<\/p>\n<p>F\u00fcr das Ausz\u00e4hlen der Erst- und Zweitstimmen bauten wir den Raum wieder um. Die n\u00e4chsten Stunden waren anstrengend weil hochkonzentriert, selbst bei dieser hervorragenden Zusammenarbeit. F\u00fcr mich kam als Schriftf\u00fchrerin erschwerend hinzu, dass ich nicht sprechen konnte, mich also auch nur schwer bemerkbar machen, wenn Abl\u00e4ufe und Reihenfolgen nicht den Vorgaben des erfassenden Computers entsprachen. In wichtigen F\u00e4llen schnappte ich mir einen Kollegen oder eine Kollegin und bat darum, meine gefl\u00fcsterten Hinweise laut zu sprechen. Ich war immer froh, wenn ich gerade nichts zu schriftf\u00fchren hatte und mich am Auswerten und Z\u00e4hlen beteiligen konnte.<\/p>\n<p><a href=\"https:\/\/www.vorspeisenplatte.de\/speisen\/archiv\/231008_11_Kreszentiastift.jpg\"><img loading=\"lazy\" decoding=\"async\" src=\"https:\/\/www.vorspeisenplatte.de\/speisen\/archiv\/231008_11_Kreszentiastift.jpg\" alt=\"\" width=\"349\" height=\"459\" class=\"alignnone size-full wp-image-91830\" \/><\/a><\/p>\n<p>Es wurde sp\u00e4t. Abschlie\u00dfend brachten wir den Raum ann\u00e4hernd zur\u00fcck in Originalzustand.<\/p>\n<p>Zu Hause a\u00df ich v\u00f6llig erschlagen und ohne Appetit einen Teller Apple Crisp, um nachts nicht von Hunger geweckt zu werden, plante den Arbeitsmontag vor mit wahrscheinlicher Krankmeldung. <img loading=\"lazy\" decoding=\"async\" src=\"https:\/\/vg06.met.vgwort.de\/na\/17097373ef634efaaac9bc9af09f2e23\" width=\"1\" height=\"1\" alt=\"\"\/><\/p>\n","protected":false},"excerpt":{"rendered":"<p>Sehr schlechte Nacht mit Halsweh, Husten, verstopfter Nase. Im Halbwachen \u00fcberlegte ich, dass ich unbedingt als Wahlhelferin antreten musste, weil als Schriftf\u00fchrerin besonders schwer zu ersetzen, mir aber Krankmeldung am Montag in der Arbeit vorbehielt. (Weiterhin Corona-negativ.) Das noch fr\u00fchere Weckerklingeln f\u00fchlte sich wie eine Erl\u00f6sung an. Nach schnellem Milchkaffee mit Herrn Kaltmamsell verlie\u00dfen wir [&hellip;]<\/p>\n","protected":false},"author":2,"featured_media":0,"comment_status":"open","ping_status":"closed","sticky":false,"template":"","format":"standard","meta":{"footnotes":""},"categories":[2,1],"tags":[],"class_list":["post-91821","post","type-post","status-publish","format-standard","hentry","category-fotos","category-general"],"_links":{"self":[{"href":"https:\/\/www.vorspeisenplatte.de\/speisen\/wp-json\/wp\/v2\/posts\/91821","targetHints":{"allow":["GET"]}}],"collection":[{"href":"https:\/\/www.vorspeisenplatte.de\/speisen\/wp-json\/wp\/v2\/posts"}],"about":[{"href":"https:\/\/www.vorspeisenplatte.de\/speisen\/wp-json\/wp\/v2\/types\/post"}],"author":[{"embeddable":true,"href":"https:\/\/www.vorspeisenplatte.de\/speisen\/wp-json\/wp\/v2\/users\/2"}],"replies":[{"embeddable":true,"href":"https:\/\/www.vorspeisenplatte.de\/speisen\/wp-json\/wp\/v2\/comments?post=91821"}],"version-history":[{"count":3,"href":"https:\/\/www.vorspeisenplatte.de\/speisen\/wp-json\/wp\/v2\/posts\/91821\/revisions"}],"predecessor-version":[{"id":91841,"href":"https:\/\/www.vorspeisenplatte.de\/speisen\/wp-json\/wp\/v2\/posts\/91821\/revisions\/91841"}],"wp:attachment":[{"href":"https:\/\/www.vorspeisenplatte.de\/speisen\/wp-json\/wp\/v2\/media?parent=91821"}],"wp:term":[{"taxonomy":"category","embeddable":true,"href":"https:\/\/www.vorspeisenplatte.de\/speisen\/wp-json\/wp\/v2\/categories?post=91821"},{"taxonomy":"post_tag","embeddable":true,"href":"https:\/\/www.vorspeisenplatte.de\/speisen\/wp-json\/wp\/v2\/tags?post=91821"}],"curies":[{"name":"wp","href":"https:\/\/api.w.org\/{rel}","templated":true}]}}