{"id":91842,"date":"2023-10-10T09:59:58","date_gmt":"2023-10-10T07:59:58","guid":{"rendered":"https:\/\/www.vorspeisenplatte.de\/speisen\/?p=91842"},"modified":"2023-10-10T11:15:04","modified_gmt":"2023-10-10T09:15:04","slug":"journal-montag-9-oktober-2023-krankmeldung-mit-ansage","status":"publish","type":"post","link":"https:\/\/www.vorspeisenplatte.de\/speisen\/2023\/10\/journal-montag-9-oktober-2023-krankmeldung-mit-ansage.htm","title":{"rendered":"Journal Montag, 9. Oktober 2023 &#8211; Krankmeldung mit Ansage"},"content":{"rendered":"<p>Ich stellte meinen Wecker eine Stunde sp\u00e4ter, aber f\u00fcr die Arbeit: Plan war, im (derzeit allein besetzten) B\u00fcro das Dringendste wegzuarbeiten, mich dann krank zu melden und den Rechner mit heim zu nehmen (nur f\u00fcr den inneren Frieden, dass nichts anbrannte: es ist gerade personell ein sehr ung\u00fcnstiger Moment f\u00fcr Krankwerden). Auf dem Weg nach Hause wollte ich in meiner Hausarztpraxiskette vorbeischauen, ob mich dort zuf\u00e4llig Arzt\/\u00c4rztin kurz untersuchen und mit Tipps versorgen konnte, auch f\u00fcr ein ger\u00f6tetes und schleimig suppendes Auge, ganz neues Feature. Alternativ w\u00fcrde ich mich in einer Apotheke beraten lassen, das verschiebt sich ja seit Jahren bei nicht lebensbedrohlichen Beschwerden.<\/p>\n<p>Die Nacht war ok gewesen, und ich f\u00fchlte mich auch nur mittel krank, doch ohne Stimme bin ich halt original arbeitsunf\u00e4hig. (Teste weiterhin auf Corona, nicht dass sich dieses Virus unter dem Schutz einer anderen Krankheit einschleicht.)<\/p>\n<p>Problemloser Marsch in die Arbeit, aber eine Stunde sp\u00e4ter als gewohnt durch eine andere Welt. Dringendes weggearbeitet, meine Umgebung darauf vorbereitet, dass ich mich nachmittags in den Krankenstand verabschieden w\u00fcrde. Mit Belustigung auf allen Seiten wieder mal erlebt, wie alle mitfl\u00fcstern, wenn man selbst zum Fl\u00fcstern gezwungen ist.<\/p>\n<p>Mittagessen: ein Apfel (<a href=\"https:\/\/de.wikipedia.org\/wiki\/Rubinette\" rel=\"noopener\" target=\"_blank\">Rubinette<\/a> &#8211; gekauft wegen des Namens, doch die Sorte schmeckt mir \u00fcberdurchschnittlich gut: eher auf der s\u00fc\u00dfen Seite, w\u00fcrde ich nicht zum Backen verwenden), eingeweichtes Muesli mit Joghurt. Da ein Teil meines vielteiligen Wesens sich dann doch eingestehen musste, dass dieses K\u00f6rpergef\u00fchl &#8220;Krankheit&#8221; bedeutete, h\u00e4ngte ich mich nochmal ins Terminbuchungssystem meiner Hausarztpraxiskette und erklickte einen Nachmittagstermin in der Filiale im Lehel.<\/p>\n<p>Ich nahm die U-Bahn, stieg aber schon am Stachus aus, um zu ein wenig Luft und Bewegung zu kommen. Die Jacke \u00fcberm Baumwollpulli brauchte ich bald nicht mehr, es war schw\u00fcl unter d\u00fcsterem Himmel.<\/p>\n<p>Die \u00c4rztin diagnostizierte grippalen Infekt, Rachen sehe &#8220;nicht schlimm&#8221; aus (sie gab allerdings zu, dass sie nicht bis zum Kehlkopf sehen konnte), das verschleimte Auge sei ebenfalls Folge der Erk\u00e4ltung. Ich bekam die Hausmittel-Tipps, die auch in <i>Frau im Spiegel<\/i> stehen, lie\u00df mich bis Mittwoch krank schreiben (\u00c4rztin: &#8220;Mindestens!&#8221;, also gutes Gewissen), holte mir das Ok f\u00fcr meinen Erk\u00e4ltungslik\u00f6r vorm Schlafengehen.<\/p>\n<p>Heimweg mit Tram und zu Fu\u00df, unterwegs noch ein wenig Lebensmitteleink\u00e4ufe, es regnete ein wenig.<\/p>\n<p>Daheim ruhige H\u00e4uslichkeiten, wie empfohlen Salbeitee gegurgelt, Lesen, ich legte mich mit den empfohlenen Salbeitee-getr\u00e4nkten Watteb\u00e4uschen auf den Augen ein wenig hin. Kleine Slapstick-Einlage, als das Station\u00e4r-Telefon klingelte, ich sah, dass der Anruf von meinen Eltern kam und ranging &#8211; dabei verga\u00df, dass ich ja keine Stimme habe.<\/p>\n<p>Herr Kaltmamsell war aush\u00e4usig, ich musste selbst f\u00fcr mein Abendessen sorgen. Er hatte extra den Radicchio vom Ernteanteil daf\u00fcr eingeplant, ich machte ihn mit Balsamico-Dressing, Schimmelk\u00e4se und ein paar gebratenen Champignons an.<\/p>\n<p><a href=\"https:\/\/www.vorspeisenplatte.de\/speisen\/archiv\/231009_03_Nachtmahl.jpg\"><img loading=\"lazy\" decoding=\"async\" src=\"https:\/\/www.vorspeisenplatte.de\/speisen\/archiv\/231009_03_Nachtmahl.jpg\" alt=\"\" width=\"333\" height=\"425\" class=\"alignnone size-full wp-image-91856\" \/><\/a><\/p>\n<p>Zum Nachtisch war noch reichlich Schokolade im Haus, diesen Gang nahm ich mit dem eben heimgekehrten Herrn Kaltmamsell ein.<\/p>\n<p>Paradoxe Nebenwirkung des Wahlhelfens: Ich bekomme Ergebnisse deutlich sp\u00e4ter mit als fr\u00fcher, n\u00e4mlich erst nach Dienstende. Gestern versuchte ich bis zur mitt\u00e4glichen Zeitungslekt\u00fcre woanders hinzusehen, verschob den Schmerz. <a href=\"https:\/\/herzbruch.me\/08-10-2023-prognose-update\/\" rel=\"noopener\" target=\"_blank\">Wie Herzbruch hatte ich vergeblich auf ein Wunder von Bern gehofft.<\/a><\/p>\n<p>Fr\u00fch ins Bett, die Erkrankung f\u00fchlte sich <i>nicht<\/i> wie der gewohnte grippale Infekt an mit seinen Schluckschmerzen bis in die Ohren seit f\u00fcnf Tagen &#8211; aber wenn die \u00c4rztin meinte.<\/p>\n<p>\u00a7<\/p>\n<p>Eine der vielen Einordnungen des brutalen und massiven Angriffs der Terrororganisation Hamas gezielt auf die Zivilbev\u00f6lkerung Israels, doch dieses Interview mit Martin Indyk, ehemaliger US-Botschafter in Israel und Experte f\u00fcr Nah-Ost-Politik, fand ich besonders interessant:<br \/>\n<a href=\"https:\/\/www.foreignaffairs.com\/middle-east\/martin-indyk-why-hamas-attacked-and-why-israel-was-taken-surprise\" rel=\"noopener\" target=\"_blank\">&#8220;Why Hamas Attacked\u2014and Why Israel Was Taken by Surprise&#8221;.<\/a><\/p>\n<p>Was ich als Erkl\u00e4rung sehr gut nachvollziehen kann: Die Illusion, dass Menschen\/Organisation sehr wahrscheinlich nicht Dinge tun werden, die ihnen selbst massiv schaden. Weil das verkennt, dass Menschen\/Organisationen auch andere Priorit\u00e4ten haben k\u00f6nnnen. (Brexit anyone? AfD-W\u00e4hler?) <img loading=\"lazy\" decoding=\"async\" src=\"https:\/\/vg06.met.vgwort.de\/na\/67acc696a71e416f9cc2fb446e948941\" width=\"1\" height=\"1\" alt=\"\"\/> <\/p>\n","protected":false},"excerpt":{"rendered":"<p>Ich stellte meinen Wecker eine Stunde sp\u00e4ter, aber f\u00fcr die Arbeit: Plan war, im (derzeit allein besetzten) B\u00fcro das Dringendste wegzuarbeiten, mich dann krank zu melden und den Rechner mit heim zu nehmen (nur f\u00fcr den inneren Frieden, dass nichts anbrannte: es ist gerade personell ein sehr ung\u00fcnstiger Moment f\u00fcr Krankwerden). Auf dem Weg nach [&hellip;]<\/p>\n","protected":false},"author":2,"featured_media":0,"comment_status":"open","ping_status":"closed","sticky":false,"template":"","format":"standard","meta":{"footnotes":""},"categories":[6,1],"tags":[],"class_list":["post-91842","post","type-post","status-publish","format-standard","hentry","category-essen","category-general"],"_links":{"self":[{"href":"https:\/\/www.vorspeisenplatte.de\/speisen\/wp-json\/wp\/v2\/posts\/91842","targetHints":{"allow":["GET"]}}],"collection":[{"href":"https:\/\/www.vorspeisenplatte.de\/speisen\/wp-json\/wp\/v2\/posts"}],"about":[{"href":"https:\/\/www.vorspeisenplatte.de\/speisen\/wp-json\/wp\/v2\/types\/post"}],"author":[{"embeddable":true,"href":"https:\/\/www.vorspeisenplatte.de\/speisen\/wp-json\/wp\/v2\/users\/2"}],"replies":[{"embeddable":true,"href":"https:\/\/www.vorspeisenplatte.de\/speisen\/wp-json\/wp\/v2\/comments?post=91842"}],"version-history":[{"count":3,"href":"https:\/\/www.vorspeisenplatte.de\/speisen\/wp-json\/wp\/v2\/posts\/91842\/revisions"}],"predecessor-version":[{"id":91876,"href":"https:\/\/www.vorspeisenplatte.de\/speisen\/wp-json\/wp\/v2\/posts\/91842\/revisions\/91876"}],"wp:attachment":[{"href":"https:\/\/www.vorspeisenplatte.de\/speisen\/wp-json\/wp\/v2\/media?parent=91842"}],"wp:term":[{"taxonomy":"category","embeddable":true,"href":"https:\/\/www.vorspeisenplatte.de\/speisen\/wp-json\/wp\/v2\/categories?post=91842"},{"taxonomy":"post_tag","embeddable":true,"href":"https:\/\/www.vorspeisenplatte.de\/speisen\/wp-json\/wp\/v2\/tags?post=91842"}],"curies":[{"name":"wp","href":"https:\/\/api.w.org\/{rel}","templated":true}]}}