{"id":91864,"date":"2023-10-11T09:08:32","date_gmt":"2023-10-11T07:08:32","guid":{"rendered":"https:\/\/www.vorspeisenplatte.de\/speisen\/?p=91864"},"modified":"2023-10-11T09:08:32","modified_gmt":"2023-10-11T07:08:32","slug":"journal-dienstag-10-oktober-2023-krank-im-oktobersommer","status":"publish","type":"post","link":"https:\/\/www.vorspeisenplatte.de\/speisen\/2023\/10\/journal-dienstag-10-oktober-2023-krank-im-oktobersommer.htm","title":{"rendered":"Journal Dienstag, 10. Oktober 2023 &#8211; Krank im Oktobersommer"},"content":{"rendered":"<p>Was auch gegen die \u00fcbliche Erk\u00e4ltung sprach: Der Erk\u00e4ltungslik\u00f6r Wick Medinait zeigte keine Wirkung (au\u00dfer vielleicht beim raschen Einschlafen), meine Nacht wurde sehr beeintr\u00e4chtigt durch Schluckschmerzen, morgens auch durch Husten. Ich hatte den Wecker fast so fr\u00fch wie \u00fcblich gestellt, um mit Herrn Kaltmamsell Morgenkaffee zu trinken, stand auch auf. Doch ich servierte nur seine Tasse, selbst legte ich mich nach einer erl\u00f6senden Nasendusche wieder ins Bett.<\/p>\n<p>Am unangenehmsten waren weiterhin die Halsschmerzen, ich bewarf sie mit allem, was mir einfiel: gegurgelter Salbeitee, Lutschtabletten, Ibu. Zusammen bewirkte das zumindest Linderung.<\/p>\n<p>Ich schlief bis halb zehn, dann f\u00fchlte ich mich bereit f\u00fcr den Tag. Als ich den Rollladen hochzog, sah ich die Menschen drau\u00dfen in kurzen \u00c4rmeln: Ein weiterer sonniger Sp\u00e4tsommertag, ich \u00f6ffnete Fenster und Balkont\u00fcren. Das Wetter ist dieses Jahr so durcheinander, dass mich die Gleichzeitigkeit von wunderbarem Sommerwetter und Krankheit nicht mal belastete. Keines von beidem geh\u00f6rt sich f\u00fcr 10. Oktober, aus.<\/p>\n<p>Kurz vor Mittag ging ich raus auf einen Spaziergang (doch, <a href=\"https:\/\/www.ruv.de\/gesundheit\/krankgeschrieben-was-ist-erlaubt\" rel=\"noopener\" target=\"_blank\">das darf man arbeitsrechtlich auch mit Krankschreibung, man darf alles, was zur Genesung beitr\u00e4gt<\/a>) (selbstverst\u00e4ndlich habe ich das schon vor Langem nachgesehen, Paranoia geh\u00f6rt bei uns zur Unternehmenskultur). Ich k\u00fcrzte die geplante Strecke schon nach wenigen Schritten, weil halt sp\u00fcrbar krank. Also spazierte ich lediglich um die Theresienwiese, auf der Oktoberfest abgebaut wurde, und den Bavariapark, erledigte ein paar Eink\u00e4ufe im Vollcorner.<\/p>\n<p><a href=\"https:\/\/www.vorspeisenplatte.de\/speisen\/archiv\/231011_03_Theresienwiese.jpg\"><img loading=\"lazy\" decoding=\"async\" src=\"https:\/\/www.vorspeisenplatte.de\/speisen\/archiv\/231011_03_Theresienwiese.jpg\" alt=\"\" width=\"509\" height=\"458\" class=\"alignnone size-full \" \/><\/a><\/p>\n<p><a href=\"https:\/\/www.vorspeisenplatte.de\/speisen\/archiv\/231011_04_Theresienwiese.jpg\"><img loading=\"lazy\" decoding=\"async\" src=\"https:\/\/www.vorspeisenplatte.de\/speisen\/archiv\/231011_04_Theresienwiese.jpg\" alt=\"\" width=\"512\" height=\"422\" class=\"alignnone size-full \" \/><\/a><\/p>\n<p>Trompe-l\u2018\u0153il 2023: Die Ventilatoren sind aufgemalt (Teil eines abgebauten Oktoberfest-Karussells).<\/p>\n<p><a href=\"https:\/\/www.vorspeisenplatte.de\/speisen\/archiv\/231011_05_Theresienwiese.jpg\"><img loading=\"lazy\" decoding=\"async\" src=\"https:\/\/www.vorspeisenplatte.de\/speisen\/archiv\/231011_05_Theresienwiese.jpg\" alt=\"\" width=\"515\" height=\"382\" class=\"alignnone size-full wp-image-91886\" \/><\/a><\/p>\n<p><a href=\"https:\/\/www.vorspeisenplatte.de\/speisen\/archiv\/231011_06_Bavariapark.jpg\"><img loading=\"lazy\" decoding=\"async\" src=\"https:\/\/www.vorspeisenplatte.de\/speisen\/archiv\/231011_06_Bavariapark.jpg\" alt=\"\" width=\"599\" height=\"334\" class=\"alignnone size-full \" \/><\/a><\/p>\n<p>Im Bavariapark viel Mittagspausen-Spaziervolk mit angeh\u00e4ngtem Firmenausweis, meist in Berufsgespr\u00e4che vertieft.<\/p>\n<p><a href=\"https:\/\/www.vorspeisenplatte.de\/speisen\/archiv\/231011_08_MeyerLemons.jpg\"><img loading=\"lazy\" decoding=\"async\" src=\"https:\/\/www.vorspeisenplatte.de\/speisen\/archiv\/231011_08_MeyerLemons.jpg\" alt=\"\" width=\"359\" height=\"376\" class=\"alignnone size-full wp-image-91888\" \/><\/a><\/p>\n<p>Erfreuliche Entdeckung im Vollcorner: Die Meyer-Lemon-Saison hat begonnen! Ich nahm gleich eine mit, Einsatz wird sich schon finden.<\/p>\n<p><a href=\"https:\/\/www.vorspeisenplatte.de\/speisen\/archiv\/231011_10_Pettenkoferstr.jpg\"><img loading=\"lazy\" decoding=\"async\" src=\"https:\/\/www.vorspeisenplatte.de\/speisen\/archiv\/231011_10_Pettenkoferstr.jpg\" alt=\"\" width=\"463\" height=\"404\" class=\"alignnone size-full wp-image-91889\" \/><\/a><\/p>\n<p>Garantierte Laune-Aufhellung: Knabberndes Einch\u00f6rnchen \u00fcber mir im Baum.<\/p>\n<p>Zum Fr\u00fchst\u00fcck kurz nach zwei kochte ich mir Porridge, dachte &#8220;Porridge for the people&#8221; und mal wieder traurig an das Fr\u00e4ulein, das nun schon \u00fcber vier Jahre nicht mehr lebt.<\/p>\n<p>Herr Kaltmamsell kam aus der Arbeit &#8211; vorl\u00e4ufig, denn er hatte dort einen Abendtermin. Ich legte mich nochmal Schlafen, war halt doch krank.<\/p>\n<p>Nachmittags traf wie angek\u00fcndigt eine Kiste Crowdfarming-Papayas ein, zwei Kilo erwiesen sich als zwei St\u00fcck, noch komplett gr\u00fcn.<\/p>\n<p><a href=\"https:\/\/www.vorspeisenplatte.de\/speisen\/archiv\/231011_12_Balkon.jpg\"><img loading=\"lazy\" decoding=\"async\" src=\"https:\/\/www.vorspeisenplatte.de\/speisen\/archiv\/231011_12_Balkon.jpg\" alt=\"\" width=\"363\" height=\"484\" class=\"alignnone size-full wp-image-91890\" \/><\/a><\/p>\n<p>Zeitunglesen auf dem Balkon, Salbeibonbons lutschend (war mir lieber als das Gurgeln mit dem wirklich greislichen Salbeitee).<\/p>\n<p>Als ich sah, dass die n\u00e4chste Yoga-Folge aus Adrienes Yoga Camp nur 15 Minuten lang war, probierte ich sie, vor allem um dem Zwicken im Kreuz gegenzuarbeiten, wir wollen ja den n\u00e4chsten Krankheitsausfall wegen R\u00fccken verhindern: Ging gut, tat gut.<\/p>\n<p>Abends war Herr Kaltmamsell beruflich unterwegs, zum Essen machte ich ein Restl Tscholent vom Sonntag warm, kochte Nudeln dazu. Nachtisch Schokolade.<\/p>\n<p>Nach einer weiteren Nasendusche und einem Stamperl Erk\u00e4ltungslik\u00f6r ins Bett.<\/p>\n<p>\u00a7<\/p>\n<p>Auf Mastodon <a href=\"https:\/\/hessen.social\/@gruener_skatbruder\/111205974855723464\" rel=\"noopener\" target=\"_blank\">Vorschl\u00e4ge gegen die Hilflosigkeit nach den Wahlergebnissen vom Wochenende<\/a>:<\/p>\n<p><a href=\"https:\/\/www.vorspeisenplatte.de\/speisen\/archiv\/231011_TroetGruenerSkatbruder_1.jpg\"><img loading=\"lazy\" decoding=\"async\" src=\"https:\/\/www.vorspeisenplatte.de\/speisen\/archiv\/231011_TroetGruenerSkatbruder_1.jpg\" alt=\"\" width=\"1110\" height=\"590\" class=\"alignnone size-full wp-image-91891\" srcset=\"https:\/\/www.vorspeisenplatte.de\/speisen\/archiv\/231011_TroetGruenerSkatbruder_1.jpg 1110w, https:\/\/www.vorspeisenplatte.de\/speisen\/archiv\/231011_TroetGruenerSkatbruder_1-600x319.jpg 600w, https:\/\/www.vorspeisenplatte.de\/speisen\/archiv\/231011_TroetGruenerSkatbruder_1-1024x544.jpg 1024w, https:\/\/www.vorspeisenplatte.de\/speisen\/archiv\/231011_TroetGruenerSkatbruder_1-768x408.jpg 768w\" sizes=\"auto, (max-width: 1110px) 100vw, 1110px\" \/><\/a><\/p>\n<p><a href=\"https:\/\/www.vorspeisenplatte.de\/speisen\/archiv\/231011_TroetGruenerSkatbruder_2.jpg\"><img loading=\"lazy\" decoding=\"async\" src=\"https:\/\/www.vorspeisenplatte.de\/speisen\/archiv\/231011_TroetGruenerSkatbruder_2.jpg\" alt=\"\" width=\"1120\" height=\"834\" class=\"alignnone size-full wp-image-91892\" srcset=\"https:\/\/www.vorspeisenplatte.de\/speisen\/archiv\/231011_TroetGruenerSkatbruder_2.jpg 1120w, https:\/\/www.vorspeisenplatte.de\/speisen\/archiv\/231011_TroetGruenerSkatbruder_2-600x447.jpg 600w, https:\/\/www.vorspeisenplatte.de\/speisen\/archiv\/231011_TroetGruenerSkatbruder_2-1024x763.jpg 1024w, https:\/\/www.vorspeisenplatte.de\/speisen\/archiv\/231011_TroetGruenerSkatbruder_2-768x572.jpg 768w\" sizes=\"auto, (max-width: 1120px) 100vw, 1120px\" \/><\/a><\/p>\n<p><a href=\"https:\/\/www.vorspeisenplatte.de\/speisen\/archiv\/231011_TroetGruenerSkatbruder_3.jpg\"><img loading=\"lazy\" decoding=\"async\" src=\"https:\/\/www.vorspeisenplatte.de\/speisen\/archiv\/231011_TroetGruenerSkatbruder_3.jpg\" alt=\"\" width=\"1126\" height=\"780\" class=\"alignnone size-full wp-image-91893\" srcset=\"https:\/\/www.vorspeisenplatte.de\/speisen\/archiv\/231011_TroetGruenerSkatbruder_3.jpg 1126w, https:\/\/www.vorspeisenplatte.de\/speisen\/archiv\/231011_TroetGruenerSkatbruder_3-600x416.jpg 600w, https:\/\/www.vorspeisenplatte.de\/speisen\/archiv\/231011_TroetGruenerSkatbruder_3-1024x709.jpg 1024w, https:\/\/www.vorspeisenplatte.de\/speisen\/archiv\/231011_TroetGruenerSkatbruder_3-768x532.jpg 768w\" sizes=\"auto, (max-width: 1126px) 100vw, 1126px\" \/><\/a><\/p>\n<p><a href=\"https:\/\/www.vorspeisenplatte.de\/speisen\/archiv\/231011_TroetGruenerSkatbruder_4.jpg\"><img loading=\"lazy\" decoding=\"async\" src=\"https:\/\/www.vorspeisenplatte.de\/speisen\/archiv\/231011_TroetGruenerSkatbruder_4.jpg\" alt=\"\" width=\"1122\" height=\"540\" class=\"alignnone size-full wp-image-91894\" srcset=\"https:\/\/www.vorspeisenplatte.de\/speisen\/archiv\/231011_TroetGruenerSkatbruder_4.jpg 1122w, https:\/\/www.vorspeisenplatte.de\/speisen\/archiv\/231011_TroetGruenerSkatbruder_4-600x289.jpg 600w, https:\/\/www.vorspeisenplatte.de\/speisen\/archiv\/231011_TroetGruenerSkatbruder_4-1024x493.jpg 1024w, https:\/\/www.vorspeisenplatte.de\/speisen\/archiv\/231011_TroetGruenerSkatbruder_4-768x370.jpg 768w\" sizes=\"auto, (max-width: 1122px) 100vw, 1122px\" \/><\/a> <img loading=\"lazy\" decoding=\"async\" src=\"https:\/\/vg06.met.vgwort.de\/na\/7c38c1df7cb7451ba51f7a77d187bbb1\" width=\"1\" height=\"1\" alt=\"\"\/><\/p>\n","protected":false},"excerpt":{"rendered":"<p>Was auch gegen die \u00fcbliche Erk\u00e4ltung sprach: Der Erk\u00e4ltungslik\u00f6r Wick Medinait zeigte keine Wirkung (au\u00dfer vielleicht beim raschen Einschlafen), meine Nacht wurde sehr beeintr\u00e4chtigt durch Schluckschmerzen, morgens auch durch Husten. Ich hatte den Wecker fast so fr\u00fch wie \u00fcblich gestellt, um mit Herrn Kaltmamsell Morgenkaffee zu trinken, stand auch auf. Doch ich servierte nur seine [&hellip;]<\/p>\n","protected":false},"author":2,"featured_media":0,"comment_status":"open","ping_status":"closed","sticky":false,"template":"","format":"standard","meta":{"footnotes":""},"categories":[2,1],"tags":[],"class_list":["post-91864","post","type-post","status-publish","format-standard","hentry","category-fotos","category-general"],"_links":{"self":[{"href":"https:\/\/www.vorspeisenplatte.de\/speisen\/wp-json\/wp\/v2\/posts\/91864","targetHints":{"allow":["GET"]}}],"collection":[{"href":"https:\/\/www.vorspeisenplatte.de\/speisen\/wp-json\/wp\/v2\/posts"}],"about":[{"href":"https:\/\/www.vorspeisenplatte.de\/speisen\/wp-json\/wp\/v2\/types\/post"}],"author":[{"embeddable":true,"href":"https:\/\/www.vorspeisenplatte.de\/speisen\/wp-json\/wp\/v2\/users\/2"}],"replies":[{"embeddable":true,"href":"https:\/\/www.vorspeisenplatte.de\/speisen\/wp-json\/wp\/v2\/comments?post=91864"}],"version-history":[{"count":3,"href":"https:\/\/www.vorspeisenplatte.de\/speisen\/wp-json\/wp\/v2\/posts\/91864\/revisions"}],"predecessor-version":[{"id":91900,"href":"https:\/\/www.vorspeisenplatte.de\/speisen\/wp-json\/wp\/v2\/posts\/91864\/revisions\/91900"}],"wp:attachment":[{"href":"https:\/\/www.vorspeisenplatte.de\/speisen\/wp-json\/wp\/v2\/media?parent=91864"}],"wp:term":[{"taxonomy":"category","embeddable":true,"href":"https:\/\/www.vorspeisenplatte.de\/speisen\/wp-json\/wp\/v2\/categories?post=91864"},{"taxonomy":"post_tag","embeddable":true,"href":"https:\/\/www.vorspeisenplatte.de\/speisen\/wp-json\/wp\/v2\/tags?post=91864"}],"curies":[{"name":"wp","href":"https:\/\/api.w.org\/{rel}","templated":true}]}}