{"id":9203,"date":"2010-10-10T07:18:47","date_gmt":"2010-10-10T05:18:47","guid":{"rendered":"https:\/\/www.vorspeisenplatte.de\/speisen\/?p=9203"},"modified":"2012-06-10T17:56:21","modified_gmt":"2012-06-10T15:56:21","slug":"tag-9-das-erste-buch-das-du-je-gelesen-hast","status":"publish","type":"post","link":"https:\/\/www.vorspeisenplatte.de\/speisen\/2010\/10\/tag-9-das-erste-buch-das-du-je-gelesen-hast.htm","title":{"rendered":"Tag 9 \u2013 Das erste Buch, das du je gelesen hast"},"content":{"rendered":"<p><img loading=\"lazy\" decoding=\"async\" src=\"https:\/\/www.vorspeisenplatte.de\/speisen\/archiv\/101009_Langstrumpf_Titel.jpg\" alt=\"\" title=\"101009_Langstrumpf_Titel\" width=\"370\" height=\"458\" class=\"alignnone size-full wp-image-9208\" \/><\/p>\n<p>Astrid Lindgren, C\u00e4cilie Heinig (\u00dcbers.), <i>Pippi Langstrumpf<\/i>. Zumindest habe ich immer behauptet, das sei mein erstes selbst gelesenes Buch &#8211; wird schon so gewesen sein. Auch wenn ich vor der ersten Klasse bereits das Eine oder Andere entziffern konnte, scheine ich eine der wenigen hartgesottenen Leseratten zu sein, die Lesen erst in der Grundschule gelernt haben. Mit Setzkasten, bei der jungen Frau Neugebauer, die mich und mein Temperament klasse fand und es mit \u201eaufgeweckt\u201c und \u201ekreativ\u201c umschrieb. Die erheblich \u00e4ltere Lehrerin in der zweiten Klasse verwendete sp\u00e4ter daf\u00fcr die Bezeichnungen \u201evorlaut\u201c und \u201eaufs\u00e4ssig\u201c.<\/p>\n<p>Das Buch enth\u00e4lt die drei B\u00e4nde <i>Pippi in der Villa Kunderbunt<\/i>, <i>Pippi geht an Bord<\/i> und <i>Pippi in Taka-Tuka-Land<\/i>. Diese fiktive Figur wurde f\u00fcr mich noch am ehesten Vorbild, wenn ich denn jemals eines hatte: Materiell unabh\u00e4ngig, unkonventionell, loyal, impulsiv, ungebunden, physisch so stark, dass sie mit praktisch jeder Situation fertig wurde und dabei noch andere rettete. Diese grenzenlose Autarkie zieht mich bis heute an.<\/p>\n<p>Die Illustrationen von Rolf Rettich haben sich mir tief eingebrannt, und haben meine inneren Bilder erheblich st\u00e4rker gepr\u00e4gt als die Verfilmung. (Hat jemand noch den Schutzumschlag? Meiner war so schnell fort, dass ich mich nicht mal an ihn erinnere.)<\/p>\n<p>Teig f\u00fcr Pfefferkuchen auf dem Boden ausrollen! (Ich lernte zwar erst viele Jahre sp\u00e4ter, was Pfefferkuchen ist, aber dass es sich um einen s\u00fc\u00dfen Knetteig handelte, war mir klar.)<\/p>\n<p><img loading=\"lazy\" decoding=\"async\" src=\"https:\/\/www.vorspeisenplatte.de\/speisen\/archiv\/101009_Langstrumpf_Pfefferkuchen.jpg\" alt=\"\" title=\"101009_Langstrumpf_Pfefferkuchen\" width=\"312\" height=\"377\" class=\"alignnone size-full wp-image-9210\" \/><\/p>\n<p>Kaffekr\u00e4nzchen AUF einem Baum &#8211; wie gro\u00dfartig war das denn? Nach einem Umzug in einen anderen Wohnblock stand mir endlich ein ordentlicher Kletterbaum zur Verf\u00fcgung, in dem ich viel Zeit mit meiner Freundin Iris verbrachte. Wir versuchten auch Picknicks in Astgabeln sitzend, doch mangels einer gr\u00f6\u00dferen Fl\u00e4che war das nicht entfernt so wunderbar, wie es auf diesem Bild aussieht.<\/p>\n<p><img loading=\"lazy\" decoding=\"async\" src=\"https:\/\/www.vorspeisenplatte.de\/speisen\/archiv\/101009_Langstrumpf_Baum.jpg\" alt=\"\" title=\"101009_Langstrumpf_Baum\" width=\"307\" height=\"396\" class=\"alignnone size-full wp-image-9211\" \/><\/p>\n<p>Sogar Putzen konnte spa\u00dfig sein.<\/p>\n<p><img loading=\"lazy\" decoding=\"async\" src=\"https:\/\/www.vorspeisenplatte.de\/speisen\/archiv\/101009_Langstrumpf_Putzen.jpg\" alt=\"\" title=\"101009_Langstrumpf_Putzen\" width=\"310\" height=\"443\" class=\"alignnone size-full wp-image-9213\" \/><\/p>\n<p>So hat man beim Lebenretten auszusehen: Singend, lachend, tanzend &#8211; nicht mit grimmigem Gesicht wie in all den Action-Filmen.<\/p>\n<p><img loading=\"lazy\" decoding=\"async\" src=\"https:\/\/www.vorspeisenplatte.de\/speisen\/archiv\/101009_Langstrumpf_Feuer.jpg\" alt=\"\" title=\"101009_Langstrumpf_Feuer\" width=\"373\" height=\"305\" class=\"alignnone size-full wp-image-9214\" \/><\/p>\n<p>Alle Kinder auf einen Rollgriff im S\u00fc\u00dfigkeitenladen einladen &#8211; ein Traum.<\/p>\n<p><img loading=\"lazy\" decoding=\"async\" src=\"https:\/\/www.vorspeisenplatte.de\/speisen\/archiv\/101009_Langstrumpf_Bonbons.jpg\" alt=\"\" title=\"101009_Langstrumpf_Bonbons\" width=\"626\" height=\"271\" class=\"alignnone size-full wp-image-9215\" srcset=\"https:\/\/www.vorspeisenplatte.de\/speisen\/archiv\/101009_Langstrumpf_Bonbons.jpg 626w, https:\/\/www.vorspeisenplatte.de\/speisen\/archiv\/101009_Langstrumpf_Bonbons-600x259.jpg 600w\" sizes=\"auto, (max-width: 626px) 100vw, 626px\" \/><\/p>\n<p>Genau so h\u00e4tte ich mich mit sechs, sieben Jahren bei freier Auswahl fein gemacht (minus Mieder &#8211; ich wusste nicht, was das war).<\/p>\n<p><img loading=\"lazy\" decoding=\"async\" src=\"https:\/\/www.vorspeisenplatte.de\/speisen\/archiv\/101009_Langstrumpf_Kleid.jpg\" alt=\"\" title=\"101009_Langstrumpf_Kleid\" width=\"266\" height=\"364\" class=\"alignnone size-full wp-image-9216\" \/><\/p>\n<p>Auch dieses Schwungseil in den See: ein Traum. Tats\u00e4chlich kam ich erst als Studentin in den Genuss, an einem klitzekleinen See in der N\u00e4he von Augsburg. Es war gro\u00dfartig.<\/p>\n<p><img loading=\"lazy\" decoding=\"async\" src=\"https:\/\/www.vorspeisenplatte.de\/speisen\/archiv\/101009_Langstrumpf_See.jpg\" alt=\"\" title=\"101009_Langstrumpf_See\" width=\"368\" height=\"288\" class=\"alignnone size-full wp-image-9217\" \/><\/p>\n<p><a href=\"https:\/\/www.vorspeisenplatte.de\/speisen\/2010\/09\/bucher-listenweise.htm\">Zur gesamten Fragenliste.<\/a><\/p>\n","protected":false},"excerpt":{"rendered":"<p>Astrid Lindgren, C\u00e4cilie Heinig (\u00dcbers.), Pippi Langstrumpf. Zumindest habe ich immer behauptet, das sei mein erstes selbst gelesenes Buch &#8211; wird schon so gewesen sein. Auch wenn ich vor der ersten Klasse bereits das Eine oder Andere entziffern konnte, scheine ich eine der wenigen hartgesottenen Leseratten zu sein, die Lesen erst in der Grundschule gelernt [&hellip;]<\/p>\n","protected":false},"author":2,"featured_media":0,"comment_status":"open","ping_status":"closed","sticky":false,"template":"","format":"standard","meta":{"footnotes":""},"categories":[3,2],"tags":[],"class_list":["post-9203","post","type-post","status-publish","format-standard","hentry","category-bucher","category-fotos"],"_links":{"self":[{"href":"https:\/\/www.vorspeisenplatte.de\/speisen\/wp-json\/wp\/v2\/posts\/9203","targetHints":{"allow":["GET"]}}],"collection":[{"href":"https:\/\/www.vorspeisenplatte.de\/speisen\/wp-json\/wp\/v2\/posts"}],"about":[{"href":"https:\/\/www.vorspeisenplatte.de\/speisen\/wp-json\/wp\/v2\/types\/post"}],"author":[{"embeddable":true,"href":"https:\/\/www.vorspeisenplatte.de\/speisen\/wp-json\/wp\/v2\/users\/2"}],"replies":[{"embeddable":true,"href":"https:\/\/www.vorspeisenplatte.de\/speisen\/wp-json\/wp\/v2\/comments?post=9203"}],"version-history":[{"count":0,"href":"https:\/\/www.vorspeisenplatte.de\/speisen\/wp-json\/wp\/v2\/posts\/9203\/revisions"}],"wp:attachment":[{"href":"https:\/\/www.vorspeisenplatte.de\/speisen\/wp-json\/wp\/v2\/media?parent=9203"}],"wp:term":[{"taxonomy":"category","embeddable":true,"href":"https:\/\/www.vorspeisenplatte.de\/speisen\/wp-json\/wp\/v2\/categories?post=9203"},{"taxonomy":"post_tag","embeddable":true,"href":"https:\/\/www.vorspeisenplatte.de\/speisen\/wp-json\/wp\/v2\/tags?post=9203"}],"curies":[{"name":"wp","href":"https:\/\/api.w.org\/{rel}","templated":true}]}}