{"id":92719,"date":"2023-11-11T08:24:51","date_gmt":"2023-11-11T07:24:51","guid":{"rendered":"https:\/\/www.vorspeisenplatte.de\/speisen\/?p=92719"},"modified":"2023-11-22T17:00:12","modified_gmt":"2023-11-22T16:00:12","slug":"journal-freitag-10-november-2023-unwillig","status":"publish","type":"post","link":"https:\/\/www.vorspeisenplatte.de\/speisen\/2023\/11\/journal-freitag-10-november-2023-unwillig.htm","title":{"rendered":"Journal Freitag, 10. November 2023 &#8211; Unwillig"},"content":{"rendered":"<p>Der Wecker holte mich aus tiefem Schlaf, ich war sehr unwillig dar\u00fcber, denn ich hatte gerade nach Langem mal wieder von einem interessanten Geb\u00e4ude getr\u00e4umt: Um einen Kastanien-bestandenen, asphaltierten Hof (\u00e4hnlich dem Schulhof des Reuchlin-Gymnasiums, als ich darin Sch\u00fclerin war) lagen zwei St\u00fcck halbrunde Bauten, h\u00f6chstens zweigescho\u00dfig, in deutlich unterschiedlichem Stand der Erhaltung, und ich \u00fcberlegte, wie ich sie f\u00fcr einen Roman verwenden k\u00f6nnte und wie ich in der Schilderung die Fensterfronten gestalten w\u00fcrde.<\/p>\n<p>Diese Unwilligkeit setzte sich mit der fort, dass ich ins B\u00fcro gehen musste, dort war ich unwillig dar\u00fcber, dass ich arbeiten musste, obwohl die Aufgaben des Tages absehbar und durchaus nicht belastend waren, doch dann fiel mir ein, dass all dieser Unwille ja auf den Grund-Unwillen zur\u00fcckgeht, \u00fcberhaupt leben zu m\u00fcssen, zu atmen, zu denken, zu sein. So rang ich mich zum t\u00e4glichen &#8220;Da muss ich halt durch&#8221; durch.<\/p>\n<p>Ruhige Emsigkeit mit einer gro\u00dfen Tasse Schwarztee (<a href=\"https:\/\/www.tastingtable.com\/1256343\/what-is-builders-tea\/\" rel=\"noopener\" target=\"_blank\"><i>builders tea<\/i><\/a> mit viel Milch und Zucker, der bei mir halt S\u00fc\u00dfstoff ist), dann einer Kanne Kr\u00e4utertee. Nachdem ich beim Querprobieren von Kr\u00e4utertees bislang immer nur Bestandteile entdeckte, die ich <i>nicht<\/i> mag (alles Lakritzige, Minze nur sortenrein, Anisnoten), lerne ich vom aktuellen &#8220;Bl\u00fctenzauber&#8221; vom Wurzelsepp, dass ich Kamille liebgewonnen habe: Mag ich in dieser Mischung, ebenso schnuppere ich in letzter Zeit Kamillenbl\u00fcten beim Wandern wohlig hinterher. Bis vor ein paar Jahren verband ich damit nur Kindheitserinnerungen mit Krankheit.<\/p>\n<p>Trotz regendrohlichem Wetter zog es mich raus auf einen Mittagscappucino. Wurde ein sch\u00f6ner Spaziergang in angenehmer Luft, erst auf dem letzten St\u00fcck des R\u00fcckwegs erwischten mich ein paar Tropfen.<\/p>\n<p><a href=\"https:\/\/www.vorspeisenplatte.de\/speisen\/archiv\/231110_01_Stray.jpg\"><img loading=\"lazy\" decoding=\"async\" src=\"https:\/\/www.vorspeisenplatte.de\/speisen\/archiv\/231110_01_Stray.jpg\" alt=\"\" width=\"444\" height=\"333\" class=\"alignnone size-full wp-image-92734\" \/><\/a><\/p>\n<p>Zu Mittag gab es <a href=\"https:\/\/www.t-online.de\/leben\/essen-und-trinken\/id_78270662\/glockenapfel-verwendung-erntezeit-lagerung.html\" rel=\"noopener\" target=\"_blank\">einen Glockenapfel<\/a>: Eher mehlig (das kegelt die Sorte vermutlich f\u00fcr die meisten raus) daf\u00fcr \u00fcberraschend s\u00e4uerlich, stelle ich mir gut f\u00fcr Apfelmus und Kuchen vor.<br \/>\nDann noch einen Pinova, maximal anders. Zudem gab es Kiwis mit Sojajoghurt. Ich hatte befr\u00fcchtet, dass das als Mittagessen zu wenig substanziell sein k\u00f6nnte, hielt mich aber erstaunlich lange satt.<\/p>\n<p>Nach Feierabend, der Unwille richtete sich mittlerweile auf all die Termine und Verpflichtungen am Wochenende, spazierte ich im Trockenen \u00fcber S\u00fc\u00dfigkeiteneink\u00e4ufe beim Discounter nach Hause, genoss die nicht zu kalte Herbstluft.<\/p>\n<p>Daheim buk ich erst mal <a href=\"https:\/\/www.vorspeisenplatte.de\/rezepte\/amerikanische-apfeltorte.htm\" rel=\"noopener\" target=\"_blank\">gest\u00fcrzten Apfelkuchen<\/a>.<\/p>\n<p><a href=\"https:\/\/www.vorspeisenplatte.de\/speisen\/archiv\/231110_07_AmerikanischerApfelkuchen.jpg\"><img loading=\"lazy\" decoding=\"async\" src=\"https:\/\/www.vorspeisenplatte.de\/speisen\/archiv\/231110_07_AmerikanischerApfelkuchen.jpg\" alt=\"\" width=\"345\" height=\"369\" class=\"alignnone size-full wp-image-92736\" \/><\/a><\/p>\n<p>Die Sorte Pinova stellte sich als doch nicht ideal heraus: Wurde beim Backen gummig statt m\u00fcrbe.<\/p>\n<p>Auf die Runde Yoga-Gymnastik w\u00e4hrend der Backzeit freute ich mich besonders &#8211; und geriet dann an eine besonders schlimme. <a href=\"https:\/\/youtu.be\/VPMqn8OJii8?si=xiPIjbzS8HG0J4bq\" rel=\"noopener\" target=\"_blank\">Folge 10 von Adrienes <i>Home<\/i><\/a> besteht zu 90 Prozent aus beliebig besinnlichem Gelaber (Sie erinnern sich an die Lehrerinnenstimme in <i>Peanuts<\/i>? so kommt das bei mir an), es gibt wenig, was mich so verl\u00e4sslich aggressiv macht (falls Sie mich also mal ganz schnell auf die Palme bringen wollen). Ich spulte vor bis zu den zwei wirklich gymnastischen Bewegungen und war (noch mehr) verstimmt.<\/p>\n<p>Erhoffte Entspannung durch Alkohol: Nochmal Cosmopolitans, diesmal wieder nach unserem Standard-Rezept (f\u00fcr zwei: 12 cl Wodka, 6cl Triple Sec, 2 Teel. Limettensaft, 6cl Cranberry-Saft), aber eben mit Zitronen-Wodka.<\/p>\n<p><a href=\"https:\/\/www.vorspeisenplatte.de\/speisen\/archiv\/231110_03_Freitagabenddrinks.jpg\"><img loading=\"lazy\" decoding=\"async\" src=\"https:\/\/www.vorspeisenplatte.de\/speisen\/archiv\/231110_03_Freitagabenddrinks.jpg\" alt=\"\" width=\"314\" height=\"392\" class=\"alignnone size-full wp-image-92737\" \/><\/a><\/p>\n<p>Undrappiert.<\/p>\n<p>Der Zitronen-Wodka war eine willkommene Abwandlung, doch ich hatte das Bed\u00fcrfnis nach mehr Cranberry-Saft und goss auf.<\/p>\n<p>Zum Nachtmahl teilten wir uns ein wunderbar marmoriertes Kuh-Kotelett, dazu gab es Ernteanteil-Spinat, und ich machte den restlichen Zuckerhut als Salat an. Wein dazu ein <a href=\"https:\/\/wein-geniessen.shop\/produkt\/muskat-ottonel\/\" rel=\"noopener\" target=\"_blank\">Muskat Ottonel von Paul Achs<\/a> &#8211; den wollte ich halt probieren, auch wenn er sehr wahrscheinlich nicht zum dunklen Fleisch passen w\u00fcrde. War dann gar nicht zu deneben mit seiner leichten Bitterkeit hintenraus. Nachtisch lauwarmer Apfelkuchen, Schokolade. Fr\u00fch ins Bett.<\/p>\n<p>\u00a7<\/p>\n<p>Lila \u00fcber die Nachrichtenquellen und -lage in Israel:<br \/>\n<a href=\"https:\/\/rungholt.wordpress.com\/2023\/11\/09\/vom-aus-und-anschalten\/\" rel=\"noopener\" target=\"_blank\">&#8220;Vom Aus- und Anschalten&#8221;.<\/a><\/p>\n<p>\u00a7<\/p>\n<p>Warum auch Bundespr\u00e4sident Frank-Walter Steinmeier es mal lieber gelassen h\u00e4tte, von Arabisch-st\u00e4mmigen als gesamter Bev\u00f6lkerungegruppe eine Distanzierung von der Hamas zu fordern &#8211; <a href=\"https:\/\/twitter.com\/abususu\/status\/1722402584915316845\" rel=\"noopener\" target=\"_blank\">hier erkl\u00e4rt Yassin Musharbasheiner als einer davon, was das bei ihm ausl\u00f6st<\/a>.<br \/>\n(Nicht die Drukos lesen.)<\/p>\n<p>(Entlarvendes Gegenbeispiel: Haben sich schon alle Christ*innen von der sexuellen Gewalt ihrer Priester distanziert?) <img loading=\"lazy\" decoding=\"async\" src=\"https:\/\/vg05.met.vgwort.de\/na\/98c01fae3cac492aaa762f7b4d386a5d\" width=\"1\" height=\"1\" alt=\"\"\/><\/p>\n","protected":false},"excerpt":{"rendered":"<p>Der Wecker holte mich aus tiefem Schlaf, ich war sehr unwillig dar\u00fcber, denn ich hatte gerade nach Langem mal wieder von einem interessanten Geb\u00e4ude getr\u00e4umt: Um einen Kastanien-bestandenen, asphaltierten Hof (\u00e4hnlich dem Schulhof des Reuchlin-Gymnasiums, als ich darin Sch\u00fclerin war) lagen zwei St\u00fcck halbrunde Bauten, h\u00f6chstens zweigescho\u00dfig, in deutlich unterschiedlichem Stand der Erhaltung, und ich [&hellip;]<\/p>\n","protected":false},"author":2,"featured_media":0,"comment_status":"open","ping_status":"closed","sticky":false,"template":"","format":"standard","meta":{"footnotes":""},"categories":[6,2,1],"tags":[],"class_list":["post-92719","post","type-post","status-publish","format-standard","hentry","category-essen","category-fotos","category-general"],"_links":{"self":[{"href":"https:\/\/www.vorspeisenplatte.de\/speisen\/wp-json\/wp\/v2\/posts\/92719","targetHints":{"allow":["GET"]}}],"collection":[{"href":"https:\/\/www.vorspeisenplatte.de\/speisen\/wp-json\/wp\/v2\/posts"}],"about":[{"href":"https:\/\/www.vorspeisenplatte.de\/speisen\/wp-json\/wp\/v2\/types\/post"}],"author":[{"embeddable":true,"href":"https:\/\/www.vorspeisenplatte.de\/speisen\/wp-json\/wp\/v2\/users\/2"}],"replies":[{"embeddable":true,"href":"https:\/\/www.vorspeisenplatte.de\/speisen\/wp-json\/wp\/v2\/comments?post=92719"}],"version-history":[{"count":3,"href":"https:\/\/www.vorspeisenplatte.de\/speisen\/wp-json\/wp\/v2\/posts\/92719\/revisions"}],"predecessor-version":[{"id":92990,"href":"https:\/\/www.vorspeisenplatte.de\/speisen\/wp-json\/wp\/v2\/posts\/92719\/revisions\/92990"}],"wp:attachment":[{"href":"https:\/\/www.vorspeisenplatte.de\/speisen\/wp-json\/wp\/v2\/media?parent=92719"}],"wp:term":[{"taxonomy":"category","embeddable":true,"href":"https:\/\/www.vorspeisenplatte.de\/speisen\/wp-json\/wp\/v2\/categories?post=92719"},{"taxonomy":"post_tag","embeddable":true,"href":"https:\/\/www.vorspeisenplatte.de\/speisen\/wp-json\/wp\/v2\/tags?post=92719"}],"curies":[{"name":"wp","href":"https:\/\/api.w.org\/{rel}","templated":true}]}}