{"id":93146,"date":"2023-11-29T06:32:19","date_gmt":"2023-11-29T05:32:19","guid":{"rendered":"https:\/\/www.vorspeisenplatte.de\/speisen\/?p=93146"},"modified":"2023-11-29T06:32:19","modified_gmt":"2023-11-29T05:32:19","slug":"journal-dienstag-28-november-2023-richtig-greisliches-winterwetter","status":"publish","type":"post","link":"https:\/\/www.vorspeisenplatte.de\/speisen\/2023\/11\/journal-dienstag-28-november-2023-richtig-greisliches-winterwetter.htm","title":{"rendered":"Journal Dienstag, 28. November 2023 &#8211; Richtig greisliches Winterwetter"},"content":{"rendered":"<p>Gut geschlafen, mittelverrotzt aufgewacht.<\/p>\n<p>Das Drau\u00dfen zeigte sich d\u00fcster und nass, auf dem Weg in die Arbeit wurde ich sanft feuchtgeregnet, das war ein wenig erfreulicher Marsch.<\/p>\n<p>Das Wetter blieb sehr regnerisch, ich hatte \u00fcberhaupt keine Lust auf Wege zu meinem Mittagscappuccino. Gleichzeitig war gestern mal wieder ein K\u00fchltag im B\u00fcro, selbst mit Thermo-Unterzieher, Blazer, Wolljacke hatte ich kalte H\u00e4nde, w\u00e4rmte sie immer wieder unter den Achseln. Ohne Sonnenschein sah ich aber auch auf der gegen\u00fcberliegenden Geb\u00e4udeseite die Kolleg*innen im Anorak am Schreibtisch. Sehns\u00fcchtige Gedanken an die vorhergehende Woche mit wirklich geheizten R\u00e4ume.<\/p>\n<p>Um die Mittagszeit verwandelte sich der Regen in nassen Schneefall, das machte die Lage auch nicht besser.<\/p>\n<p>Mittagessen Granatapfel, Orange, H\u00fcttenk\u00e4se.<\/p>\n<p>Das Wetter wurde konsequent ekliger, am Nachmittag trieb auch noch Wind den inzwischen Graupel und Schnee vor sich her. Ich hielt mich am Gedanken an all die Menschen fest, die den dunklen, kalten Winter lieben.<\/p>\n<p>Zu Feierabend schneite es nur noch wenig. Auf dem Heimweg in vorsichtigen Schritten auf schneematschglattem Untergrund kurzer Einkaufsabstecher. Mehrfaches blitzschnelles Ohrenzuhalten wegen zu naher Martinsh\u00f6rner, einmal so schlimm nah und laut, dass ich neben Ohrenzuhalten gegensummen musste (irgendwann habe ich herausgefunden, dass ich gar nicht gegenschreien muss, Hauptsache ich erzeuge ein Gegenger\u00e4usch im Kopf) (das hilft allerdings nicht, wenn ein Martinshorn direkt neben mir loslegt, dann kann ich den Schrei nicht unterdr\u00fccken).<\/p>\n<p>Zu Hause Yoga-Gymnastik und Brotzeitvorbereitung. Als Nachtmahl gab&#8217;s den restlichen Gr\u00fcnkohleintopf, Herr Kaltmamsell hatte dazu Bremer Pinkel gekauft (gibt&#8217;s in der legend\u00e4ren Metzgerei Clasen auf der Ostseite des Rathauses). Diese Wurst stellte sich bei Aufschneiden als eine lockere Fett-Graupen-Mischung heraus, ger\u00e4uchert, und schmeckte hervorragend.<\/p>\n<p>Mit dem Aufw\u00e4rmen des Eintopfs testeten wir die externen Heizplatten, die ich f\u00fcr die Weihnachtsfeier gekauft hatte: Funktionierten tadellos.<\/p>\n<p>Aus Anlass von 1. eine kurze Bestandsaufnahme meiner Ausgaben f\u00fcr Journalismus:<br \/>\n1. Auf eine Bettel-Mail hin erh\u00f6hte ich gestern den Monatsbeitrag f\u00fcr mein <i>Guardian<\/i>-Abo, auf immer noch problemlos zu verkraftende 10 Euro pro Monat.<br \/>\n2. Bei der <i>New York Times<\/i> zahle ich das Basis-Abo f\u00fcr 7 Euro im Monat. Dabei gibt es sogar Monate, in denen ich garnicht dort lese, doch die F\u00f6rderung unabh\u00e4ngigen Journalismus&#8217; ist mir die paar Euro wert.<br \/>\n3. F\u00fcr netzpolitik.org l\u00e4uft eine Spenden-Dauerauftrag \u00fcber 10 Euro im Monat.<br \/>\n4. <em>Krautreporter<\/em> zahle ich 84 Euro j\u00e4hrlich.<br \/>\n5. Und dann ist da seit Beginn meines Studiums die <i>S\u00fcddeutsche Zeitung<\/i>. F\u00fcr die zahle ich sehr gerne und sch\u00e4tze sie hoch &#8211; finde allerdings grenzwertig unversch\u00e4mt, dass in den j\u00e4hrlich \u00fcber 900 Euro f\u00fcrs Print-Abo der Zugriff auf die Online-Version nicht enthalten ist. <img loading=\"lazy\" decoding=\"async\" src=\"https:\/\/vg05.met.vgwort.de\/na\/77ac5bcb7add4fad8f0c31e69042ad7b\" width=\"1\" height=\"1\" alt=\"\"\/><\/p>\n","protected":false},"excerpt":{"rendered":"<p>Gut geschlafen, mittelverrotzt aufgewacht. Das Drau\u00dfen zeigte sich d\u00fcster und nass, auf dem Weg in die Arbeit wurde ich sanft feuchtgeregnet, das war ein wenig erfreulicher Marsch. Das Wetter blieb sehr regnerisch, ich hatte \u00fcberhaupt keine Lust auf Wege zu meinem Mittagscappuccino. Gleichzeitig war gestern mal wieder ein K\u00fchltag im B\u00fcro, selbst mit Thermo-Unterzieher, Blazer, [&hellip;]<\/p>\n","protected":false},"author":2,"featured_media":0,"comment_status":"open","ping_status":"closed","sticky":false,"template":"","format":"standard","meta":{"footnotes":""},"categories":[6,1],"tags":[],"class_list":["post-93146","post","type-post","status-publish","format-standard","hentry","category-essen","category-general"],"_links":{"self":[{"href":"https:\/\/www.vorspeisenplatte.de\/speisen\/wp-json\/wp\/v2\/posts\/93146","targetHints":{"allow":["GET"]}}],"collection":[{"href":"https:\/\/www.vorspeisenplatte.de\/speisen\/wp-json\/wp\/v2\/posts"}],"about":[{"href":"https:\/\/www.vorspeisenplatte.de\/speisen\/wp-json\/wp\/v2\/types\/post"}],"author":[{"embeddable":true,"href":"https:\/\/www.vorspeisenplatte.de\/speisen\/wp-json\/wp\/v2\/users\/2"}],"replies":[{"embeddable":true,"href":"https:\/\/www.vorspeisenplatte.de\/speisen\/wp-json\/wp\/v2\/comments?post=93146"}],"version-history":[{"count":3,"href":"https:\/\/www.vorspeisenplatte.de\/speisen\/wp-json\/wp\/v2\/posts\/93146\/revisions"}],"predecessor-version":[{"id":93172,"href":"https:\/\/www.vorspeisenplatte.de\/speisen\/wp-json\/wp\/v2\/posts\/93146\/revisions\/93172"}],"wp:attachment":[{"href":"https:\/\/www.vorspeisenplatte.de\/speisen\/wp-json\/wp\/v2\/media?parent=93146"}],"wp:term":[{"taxonomy":"category","embeddable":true,"href":"https:\/\/www.vorspeisenplatte.de\/speisen\/wp-json\/wp\/v2\/categories?post=93146"},{"taxonomy":"post_tag","embeddable":true,"href":"https:\/\/www.vorspeisenplatte.de\/speisen\/wp-json\/wp\/v2\/tags?post=93146"}],"curies":[{"name":"wp","href":"https:\/\/api.w.org\/{rel}","templated":true}]}}