{"id":93165,"date":"2023-11-30T06:34:04","date_gmt":"2023-11-30T05:34:04","guid":{"rendered":"https:\/\/www.vorspeisenplatte.de\/speisen\/?p=93165"},"modified":"2023-11-30T13:09:14","modified_gmt":"2023-11-30T12:09:14","slug":"journal-mittwoch-29-november-2023-sich-nicht-aussuchen-koennen-worueber-man-sich-aufregt","status":"publish","type":"post","link":"https:\/\/www.vorspeisenplatte.de\/speisen\/2023\/11\/journal-mittwoch-29-november-2023-sich-nicht-aussuchen-koennen-worueber-man-sich-aufregt.htm","title":{"rendered":"Journal Mittwoch, 29. November 2023 &#8211; Sich nicht aussuchen k\u00f6nnen, wor\u00fcber man sich aufregt"},"content":{"rendered":"<p>Wieder sehr gut geschlafen, h\u00e4tte gern mehr sein d\u00fcrfen als bis Weckerklingeln.<\/p>\n<p>Das Drau\u00dfen wirkte beim Blick aus dem Wohnzimmerfenster trocken, der Himmel nur wenig bew\u00f6lkt. Weg in die Arbeit mit kompletter hoher K\u00f6rperspannung, denn die Wege waren Schnee- und Eis-glatt. Dazu h\u00f6llische Stirnh\u00f6hlenschmerzen links, ich hatte die Ibu am Morgen vergessen.<\/p>\n<p>Im B\u00fcro gleich die Ibu nachgeholt, Wirkung wunderbar. Auch mein Frier-Gemecker zeigte Wirkung: Gestern herrschte Zimmertemperatur.<\/p>\n<p>Kurz vor Mittag &#8220;Dienstgang&#8221;: Besorgungen f\u00fcr Weihnachtsfeier. Die Deko wird sogar halbwegs geschmackvoll: Geschmacklos wirkt meiner Meinung nach nur in gro\u00dfer Menge, unter einer bestimmten Opulenzgrenze sieht es lediglich erb\u00e4rmlich aus. Bei geschmackvoll kann man auf minimalistisch reduzieren.<\/p>\n<p><i>(Nachtrag: Mittagessen der letzte Granatapfel mit Orange, ein Laugenz\u00f6pferl.)<\/i><\/p>\n<p>Sehr fr\u00fcher Feierabend mit Unterstunden: Ich wollte abends mein Theaterabo wahrnehmen, daf\u00fcr habe ich nur nach gek\u00fcrzten Arbeitstagen genug Energie. Erstmal fuhr ich zu Geburtstagsgeschenkbesorgung.<\/p>\n<p><a href=\"https:\/\/www.vorspeisenplatte.de\/speisen\/archiv\/231129_02_Schleusenwaerterhaeusl.jpg\"><img loading=\"lazy\" decoding=\"async\" src=\"https:\/\/www.vorspeisenplatte.de\/speisen\/archiv\/231129_02_Schleusenwaerterhaeusl.jpg\" alt=\"\" width=\"440\" height=\"485\" class=\"alignnone size-full wp-image-93184\" \/><\/a><\/p>\n<p>Daheim Yoga-Gymnastik und H\u00e4uslichkeiten, f\u00fcrs fr\u00fche Nachtmahl ging ich mit Herrn Kaltmamsell auf den Christkindlmarkt am Sendlinger Tor: BRATWURSCHT!<\/p>\n<p><a href=\"https:\/\/www.vorspeisenplatte.de\/speisen\/archiv\/231129_03_RegensburgerSpezial.jpg\"><img loading=\"lazy\" decoding=\"async\" src=\"https:\/\/www.vorspeisenplatte.de\/speisen\/archiv\/231129_03_RegensburgerSpezial.jpg\" alt=\"\" width=\"315\" height=\"415\" class=\"alignnone size-full wp-image-93185\" \/><\/a><\/p>\n<p>Erster Gang Rengschburger spezial. Die hat ja praktisch Gem\u00fcsebeilage.<\/p>\n<p><a href=\"https:\/\/www.vorspeisenplatte.de\/speisen\/archiv\/231129_04_WeisseBratwurst.jpg\"><img loading=\"lazy\" decoding=\"async\" src=\"https:\/\/www.vorspeisenplatte.de\/speisen\/archiv\/231129_04_WeisseBratwurst.jpg\" alt=\"\" width=\"382\" height=\"289\" class=\"alignnone size-full wp-image-93186\" \/><\/a><\/p>\n<p>Zweiter Gang eine wei\u00dfe Bratwurscht &#8211; auch die endlich richtig gut, geschmacklich (Thymian, Majoran) und weil sie frisch, knusprig und durchgebraten war, das hatte ich schon sehr lang nicht mehr.<\/p>\n<p>Auch die Temperatur fand ich perfekt: Kalt genug f\u00fcr dampfende Bratwurst, f\u00fcr M\u00fctze und Handschuhe &#8211; aber auch nicht k\u00e4lter. Nachtisch gebrannte Mandeln.<\/p>\n<p>Daheim ruhte ich mich nur kurz aus, dann Abmarsch zur Therese-Giehse-Halle der Kammerspiele, dort <a href=\"https:\/\/www.muenchner-kammerspiele.de\/de\/programm\/22311-wow-word-on-wirecard\" rel=\"noopener\" target=\"_blank\"><i>WoW &#8211; Word on Wirecard<\/i><\/a>.<\/p>\n<p><a href=\"https:\/\/www.vorspeisenplatte.de\/speisen\/archiv\/231129_06_SendlingerTorStr.jpg\"><img loading=\"lazy\" decoding=\"async\" src=\"https:\/\/www.vorspeisenplatte.de\/speisen\/archiv\/231129_06_SendlingerTorStr.jpg\" alt=\"\" width=\"409\" height=\"505\" class=\"alignnone size-full wp-image-93188\" \/><\/a><\/p>\n<p>Auf dem Weg Rathaus mit diesigem Gerade-mal-nicht-mehr-Vollmond.<\/p>\n<p>\u00dcber den Theaterabend morgen mehr, der interessante Inhalt und die Erz\u00e4hltechnik \u00fcberschattet von der \u00fcber die fast drei Stunden St\u00fcck immer dominantere Frage, wie weit k\u00f6rperliche Folter das Publikums bei Inszenierungen gehen darf.<\/p>\n<p>V\u00f6llig erledigte Heimkehr kurz vor elf.<\/p>\n<p>\u00a7<\/p>\n<p>Eine Freundin erz\u00e4hlte k\u00fcrzlich von ihrem mittelkleinen Sohn, den sie von klein auf nicht so leicht verstanden habe wie seinen \u00e4lteren Bruder: Er kommuniziere viel weniger, ziehe sich immer wieder in sich zur\u00fcck, wirke oft gereizt und schlecht gelaunt. Sie macht ihm das keineswegs zum Vorwurf (wenigstens mir gegen\u00fcber nicht), versucht ihn zu sehen, hat daf\u00fcr auch schon professionelle Hilfe in Anspruch genommen. Als Beispiel f\u00fcr die inneren Vorg\u00e4nge des Buben erz\u00e4hlte sie von einem Morgen vor der Schule, an dem dieser Sohn beim Fr\u00fchst\u00fcck besonders gereizt und unleidlich gewirkt habe. In einer ruhigen Minute habe sie versucht, mit ihm den Anlass herauszufinden. Und es erwies sich: Sie hatte versehentlich seine Lieblingstasse dem \u00e4lteren Bruder vorgesetzt. Doch der Kleine hatte nicht protestiert, weil ihm klar gewesen sei, dass sein Unwille v\u00f6llig \u00fcbertrieben war, der Ausl\u00f6ser komplett l\u00e4cherlich.<\/p>\n<p>Und ich verstand den Buben zu hundert Prozent, mir wurde schlagartig klar: IT ME! Seit ich denken kann, st\u00f6re und \u00e4rgere ich mich st\u00e4ndig an komplett Irrelevantem, muss mir von dieser St\u00f6rung die Laune und die Situation verhageln lassen. Doch ich bitte nicht um \u00c4nderung oder R\u00fccksicht darauf, weil ich doch selbst wei\u00df, DASS DAS WIRKLICH IRRELEVANT UND KOMPLETT L\u00c4CHERLICH IST! Das hat zwei existenzielle Folgen: Erstens trainierte ich mich schon fr\u00fch darauf, die meisten meiner Impulse und Bed\u00fcrfnisse zu ignorieren, denn es w\u00e4re viel zu aufw\u00e4ndig und zeitraubend, sie erstmal auf echte Relevanz zu checken, objektiv und subjektiv, daf\u00fcr bin ich ein viel zu schnell getakteter Mensch. Zweitens erleichterte ich mir das Leben \u00fcber die Jahre, indem ich mich immer weniger in die knifflichsten solchen Situationen brachte, n\u00e4mlich die mit anderen Menschen, die mich mit diesem l\u00e4cherlichen \u00c4rger ertragen m\u00fcssen. Daher auch mein Neid auf Menschen, die sich offensichtlich frei entscheiden k\u00f6nnen, was sie aufregt\/\u00e4rgert und was nicht (&#8220;lohnt sich doch eh nicht&#8221;), ich hatte noch nie die Wahl.<\/p>\n<p>Das erz\u00e4hle ich zum einen, weil ich hier erz\u00e4hlen kann, was ich will, und mich das besch\u00e4figt. Zum anderen um zu demonstrieren, in welchen inneren anstrengenden Zwickm\u00fchlen schon Neuronormale leben k\u00f6nnen &#8211; das l\u00e4sst mich ahnen, wie viel schlimmer Neurodiverse k\u00e4mpfen m\u00fcssen, <a href=\"https:\/\/donnerhallen.de\/2023\/11\/28\/noel\/\" rel=\"noopener\" target=\"_blank\">ein Beispiel bei Donnerhall(en).<\/a> <img loading=\"lazy\" decoding=\"async\" src=\"https:\/\/vg05.met.vgwort.de\/na\/ee276b6633bf4d2a93f587dd53e8343a\" width=\"1\" height=\"1\" alt=\"\"\/><\/p>\n","protected":false},"excerpt":{"rendered":"<p>Wieder sehr gut geschlafen, h\u00e4tte gern mehr sein d\u00fcrfen als bis Weckerklingeln. Das Drau\u00dfen wirkte beim Blick aus dem Wohnzimmerfenster trocken, der Himmel nur wenig bew\u00f6lkt. Weg in die Arbeit mit kompletter hoher K\u00f6rperspannung, denn die Wege waren Schnee- und Eis-glatt. Dazu h\u00f6llische Stirnh\u00f6hlenschmerzen links, ich hatte die Ibu am Morgen vergessen. Im B\u00fcro gleich [&hellip;]<\/p>\n","protected":false},"author":2,"featured_media":0,"comment_status":"open","ping_status":"closed","sticky":false,"template":"","format":"standard","meta":{"footnotes":""},"categories":[6,2,1,12],"tags":[],"class_list":["post-93165","post","type-post","status-publish","format-standard","hentry","category-essen","category-fotos","category-general","category-theater"],"_links":{"self":[{"href":"https:\/\/www.vorspeisenplatte.de\/speisen\/wp-json\/wp\/v2\/posts\/93165","targetHints":{"allow":["GET"]}}],"collection":[{"href":"https:\/\/www.vorspeisenplatte.de\/speisen\/wp-json\/wp\/v2\/posts"}],"about":[{"href":"https:\/\/www.vorspeisenplatte.de\/speisen\/wp-json\/wp\/v2\/types\/post"}],"author":[{"embeddable":true,"href":"https:\/\/www.vorspeisenplatte.de\/speisen\/wp-json\/wp\/v2\/users\/2"}],"replies":[{"embeddable":true,"href":"https:\/\/www.vorspeisenplatte.de\/speisen\/wp-json\/wp\/v2\/comments?post=93165"}],"version-history":[{"count":3,"href":"https:\/\/www.vorspeisenplatte.de\/speisen\/wp-json\/wp\/v2\/posts\/93165\/revisions"}],"predecessor-version":[{"id":93205,"href":"https:\/\/www.vorspeisenplatte.de\/speisen\/wp-json\/wp\/v2\/posts\/93165\/revisions\/93205"}],"wp:attachment":[{"href":"https:\/\/www.vorspeisenplatte.de\/speisen\/wp-json\/wp\/v2\/media?parent=93165"}],"wp:term":[{"taxonomy":"category","embeddable":true,"href":"https:\/\/www.vorspeisenplatte.de\/speisen\/wp-json\/wp\/v2\/categories?post=93165"},{"taxonomy":"post_tag","embeddable":true,"href":"https:\/\/www.vorspeisenplatte.de\/speisen\/wp-json\/wp\/v2\/tags?post=93165"}],"curies":[{"name":"wp","href":"https:\/\/api.w.org\/{rel}","templated":true}]}}