{"id":93388,"date":"2023-12-06T06:29:10","date_gmt":"2023-12-06T05:29:10","guid":{"rendered":"https:\/\/www.vorspeisenplatte.de\/speisen\/?p=93388"},"modified":"2023-12-06T06:29:10","modified_gmt":"2023-12-06T05:29:10","slug":"journal-dienstag-5-dezember-2023-vicki-baum-menschen-im-hotel-weiterhin-winternotfall","status":"publish","type":"post","link":"https:\/\/www.vorspeisenplatte.de\/speisen\/2023\/12\/journal-dienstag-5-dezember-2023-vicki-baum-menschen-im-hotel-weiterhin-winternotfall.htm","title":{"rendered":"Journal Dienstag, 5. Dezember 2023 &#8211; Vicki Baum, <i>Menschen im Hotel<\/i> \/ Weiterhin Winternotfall"},"content":{"rendered":"<p><a href=\"https:\/\/www.vorspeisenplatte.de\/speisen\/archiv\/buch_baumhotel.jpg\"><img loading=\"lazy\" decoding=\"async\" class=\"alignnone size-full wp-image-93114\" src=\"https:\/\/www.vorspeisenplatte.de\/speisen\/archiv\/buch_baumhotel.jpg\" alt=\"\" width=\"150\" height=\"228\" \/><\/a><\/p>\n<p>In Vicki Baums Roman von 1929 ist genau das drin, was drauf steht: Menschen im Hotel. Er erz\u00e4hlt zum einen Geschichten die ganze Hierarchie der Angestellten durch, vom kleinsten Pagen bis zum Hotelleiter, nimmt sie alle ernst.<\/p>\n<p>Zum anderen die Geschichten der G\u00e4ste, im Mittelpunkt steht aber nicht etwa eine der mond\u00e4nen Gestalten: Herr Kringelein ist die am reichsten ausgebaute Figur (f\u00fcr die es auch am besten ausgeht). Der kleine Buchhalter aus der Provinz wei\u00df, dass er nicht mehr lang zu leben hat und m\u00f6chte von seinen Ersparnissen, die er bald eh nicht mehr braucht, &#8220;endlich leben&#8221;. Der Roman l\u00e4sst ihn viel erleben und lernen, neckt ihn zwar hin und wieder, macht sich aber nie \u00fcber ihn lustig.<\/p>\n<p>Einen richtigen B\u00f6sewicht gibt es unter all den Menschen nicht, mit jedem und jeder hat die Erz\u00e4hlung Erbarmen &#8211; freut sich an der Vielschichtigkeit und den Widerspr\u00fcchen von Charakteren.<br \/>\nIch mochte auch die vergn\u00fcgte Opulenz der Sprache, die sich nach einer Erz\u00e4hlstimme las, die niemandem irgendwas beweisen muss.<\/p>\n<p>Durch die Szenerie der Handlung lernte ich zudem viel \u00fcber l\u00e4ngst vergangenen Alltag, seine Mechanik (Hotels mit Schreibzimmer, der Luxus von flie\u00dfend warmem Wasser, nachmitt\u00e4glicher Tanztee) und seine Technik (u.a. Aufz\u00fcge mit Fahrer, neu installierte elektrische Au\u00dfenbeleuchtung).<\/p>\n<p>Richtig gut gemachte Unterhaltung ist selten &#8211; und eine, die sich auch fast hundert Jahre sp\u00e4ter noch verkauft, muss eine erst mal schreiben.<\/p>\n<p>\u00a7<\/p>\n<p>Als mein Wecker gestern wie gew\u00f6hnlich um 5:45 Uhr klingelte, war Herr Kaltmamsell schon aus dem Haus und auf der Jagd nach einer Fahrt in die Arbeit (die dann deutlich z\u00fcgiger klappte als am Montag).<\/p>\n<p>Meinen Arbeitsweg wiederum trat ich ordentlich beladen mit Hardware f\u00fcr die Weihnachtsfeier an. Zum Gl\u00fcck hatte es in M\u00fcnchens Mitte kein neues Eis durch Eisregen gegeben, die festgetretenen, aber zum Gro\u00dfteil gestreuten Wege waren nicht rutschiger als am Montag, ich kam gut voran.<\/p>\n<p>Der Morgen graute hell, vormittags auf der Tonspur vorm B\u00fcro das Tropfen schmelzenden Schnees.<\/p>\n<p>Die Beschwernisse des M\u00fcnchner \u00d6ffentlichen Verkehrs hielten an, es taten sich immer mehr Abgr\u00fcnde auf:<\/p>\n<blockquote><p>Nachdem Gleis- R\u00e4umfahrzeuge entgleist sind, m\u00fcssen Mitarbeiter der M\u00fcnchner Verkehrsgesellschaft (MVG) die Rillen der Trambahnschienen jetzt m\u00fchsam per Hand von Schnee und Eis befreien.<\/p><\/blockquote>\n<p><a href=\"https:\/\/www.br.de\/nachrichten\/bayern\/schnee-chaos-bayern-verkehr-glatteis-warnungen-news-im-ticker,TxRp2et\" target=\"_blank\" rel=\"noopener\">Hie\u00df es in den BR-Nachrichten.<\/a><\/p>\n<p>Mehr Hintergrunddetails hatte die <i>Abendzeitung<\/i>:<br \/>\n<a href=\"https:\/\/www.abendzeitung-muenchen.de\/muenchen\/schneechaos-in-muenchen-dieser-oldtimer-raeumt-fuer-die-mvg-die-tramgleise-art-944670\" target=\"_blank\" rel=\"noopener\">&#8220;Schneechaos in M\u00fcnchen: Ein Oldtimer r\u00e4umt die Tramgleise f\u00fcr die MVG&#8221;.<\/a><br \/>\nvia <a href=\"https:\/\/mastodon.social\/@CucinaCasalinga\/111526981109565670\" target=\"_blank\" rel=\"noopener\">@CucinaCasalinga<\/a><\/p>\n<blockquote><p>Laut Pro Bahn waren bei der Tram fr\u00fcher bei Schneefall die \u00e4lteren und unempfindlicheren Hochflurstra\u00dfenbahnen die ganze Nacht im Einsatz, um ein Einfrieren der Infrastruktur zu vermeiden. Die fr\u00fcher \u00fcblichen Schneepfl\u00fcge vor Trambahnen sind demnach verkauft oder verschrottet, die Ersatzkonzepte mit Unimog f\u00fchrten nicht zu ger\u00e4umten Strecken.<\/p><\/blockquote>\n<p>In diesem Artikel auch interessant: Nach welcher Priorit\u00e4t der R\u00e4um- und Streudienst des Baureferats seine Dienstleister in Eins\u00e4tze schickt.<\/p>\n<p>Dann wiederum erfreute mich ein unverwechselbarer Pfiff vorm B\u00fcrofenster: <a href=\"https:\/\/bayerisches-eisenbahnmuseum.de\/index.php?option=com_easyblog&amp;view=entry&amp;id=135&amp;lang=de&amp;Itemid=103\" target=\"_blank\" rel=\"noopener\">Die Weihnachtslok war unterwegs!<\/a><\/p>\n<p>Mittags eine weitere und jetzt wohl letzte Einkaufsrunde f\u00fcr die Weihnachtsfeier. Beim Verlassen des Hauses sah ich eine mittelgro\u00dfe Ratte im Geb\u00fcsch kruschen und beobachtete sie eine Weile. Beim Zur\u00fcckgehen durch die U-Bahn-Unterf\u00fchrung sah ich dann ein kugeliges M\u00e4uslein huschen &#8211; so niedlich!<\/p>\n<p>Mittagessen eingeweichtes M\u00fcesli mit Joghurt, Orangen.<\/p>\n<p>Emsiger Nachmittag, \u00fcberschattet von Kreuz-\/Unterleibsschmerzen.<\/p>\n<p>Auf dem Heimweg war es weiterhin tauend mild, ich ging \u00fcber S\u00fc\u00dfigkeiten-Eink\u00e4ufe beim Edeka. Zu Hause sa\u00df Herr Kaltmamsell in einem Elternsprechabend: Anders als der Unterricht war dieser Termin wegen der Witterungsbedingungen auf online umgewidmet worden.<\/p>\n<p>Ich machte derweil Yoga-Gymnastik: Nachdem ich gemerkt hatte, dass die n\u00e4chste Folge nur aus Schnaufen und Liegen mit besinnlichem Geplapper bestand (mittlerweile verschaffe ich mir vorsichtshalber immer vorher einen \u00dcberblick), \u00fcbersprang ich sie und turnte eine Folge mit Bewegung.<\/p>\n<p>Herr Kaltmamsell war fertig mit Elternsprechen, er kochte uns schnelle Muschelnudeln mit scharfer Tomatensauce, sehr gut. Nachtisch Schokolade.<\/p>\n<p>Meine neue Lekt\u00fcre gab&#8217;s diesmal wieder in der Stadtb\u00fccherei: Grete Weil, <i>Der Weg zur Grenze<\/i>.<\/p>\n<p>\u00a7<\/p>\n<p><a href=\"https:\/\/archive.is\/55h3a\" target=\"_blank\" rel=\"noopener\">&#8220;&#8216;Der Trend zur Autofiktion ist eine Antwort auf die Macht der Verlage'&#8221;.<\/a><\/p>\n<blockquote><p>Erfolgreiche Romane sind zunehmend das Ergebnis gro\u00dfer Teams. Der Literaturwissenschaftler Dan Sinykin erkl\u00e4rt, wie Verlagskonzerne derzeit den Buchmarkt ver\u00e4ndern.<\/p><\/blockquote>\n<p>Hochgradig spannend in meinen Augen, wie nicht nur in der bildenden Kunst, sondern auch in der schreibenden Marktmechanismen den Wert bestimmen. Und interessant, dass sich die Literaturwissenschaft damit besch\u00e4ftigt. <img loading=\"lazy\" decoding=\"async\" src=\"https:\/\/vg05.met.vgwort.de\/na\/d763791e93c74d318483ee39dfb0db95\" width=\"1\" height=\"1\" alt=\"\"\/><\/p>\n","protected":false},"excerpt":{"rendered":"<p>In Vicki Baums Roman von 1929 ist genau das drin, was drauf steht: Menschen im Hotel. Er erz\u00e4hlt zum einen Geschichten die ganze Hierarchie der Angestellten durch, vom kleinsten Pagen bis zum Hotelleiter, nimmt sie alle ernst. Zum anderen die Geschichten der G\u00e4ste, im Mittelpunkt steht aber nicht etwa eine der mond\u00e4nen Gestalten: Herr Kringelein [&hellip;]<\/p>\n","protected":false},"author":2,"featured_media":0,"comment_status":"open","ping_status":"closed","sticky":false,"template":"","format":"standard","meta":{"footnotes":""},"categories":[3,1],"tags":[],"class_list":["post-93388","post","type-post","status-publish","format-standard","hentry","category-bucher","category-general"],"_links":{"self":[{"href":"https:\/\/www.vorspeisenplatte.de\/speisen\/wp-json\/wp\/v2\/posts\/93388","targetHints":{"allow":["GET"]}}],"collection":[{"href":"https:\/\/www.vorspeisenplatte.de\/speisen\/wp-json\/wp\/v2\/posts"}],"about":[{"href":"https:\/\/www.vorspeisenplatte.de\/speisen\/wp-json\/wp\/v2\/types\/post"}],"author":[{"embeddable":true,"href":"https:\/\/www.vorspeisenplatte.de\/speisen\/wp-json\/wp\/v2\/users\/2"}],"replies":[{"embeddable":true,"href":"https:\/\/www.vorspeisenplatte.de\/speisen\/wp-json\/wp\/v2\/comments?post=93388"}],"version-history":[{"count":3,"href":"https:\/\/www.vorspeisenplatte.de\/speisen\/wp-json\/wp\/v2\/posts\/93388\/revisions"}],"predecessor-version":[{"id":93412,"href":"https:\/\/www.vorspeisenplatte.de\/speisen\/wp-json\/wp\/v2\/posts\/93388\/revisions\/93412"}],"wp:attachment":[{"href":"https:\/\/www.vorspeisenplatte.de\/speisen\/wp-json\/wp\/v2\/media?parent=93388"}],"wp:term":[{"taxonomy":"category","embeddable":true,"href":"https:\/\/www.vorspeisenplatte.de\/speisen\/wp-json\/wp\/v2\/categories?post=93388"},{"taxonomy":"post_tag","embeddable":true,"href":"https:\/\/www.vorspeisenplatte.de\/speisen\/wp-json\/wp\/v2\/tags?post=93388"}],"curies":[{"name":"wp","href":"https:\/\/api.w.org\/{rel}","templated":true}]}}