{"id":94236,"date":"2024-01-09T06:28:20","date_gmt":"2024-01-09T05:28:20","guid":{"rendered":"https:\/\/www.vorspeisenplatte.de\/speisen\/?p=94236"},"modified":"2024-01-31T16:54:51","modified_gmt":"2024-01-31T15:54:51","slug":"journal-montag-8-januar-2024-eisiger-start-ins-neue-arbeitsjahr","status":"publish","type":"post","link":"https:\/\/www.vorspeisenplatte.de\/speisen\/2024\/01\/journal-montag-8-januar-2024-eisiger-start-ins-neue-arbeitsjahr.htm","title":{"rendered":"Journal Montag, 8. Januar 2024 &#8211; Eisiger Start ins neue Arbeitsjahr"},"content":{"rendered":"<p>Wie angek\u00fcndigt war es \u00fcber Nacht eisig und frostig geworden. Nach einer mittelunruhigen Nacht (Rippenschmerzen beim Liegen auf der linken Seite, laute Unterhaltung vorm Fenster) schl\u00fcpfte ich f\u00fcr den ersten Gang in die Arbeit 2024 in meine Schneestiefel: Die haben das griffigste Sohlenprofil, das ich je unter meinen F\u00fc\u00dfen hatte, Bewunderung f\u00fcr die Entwickler*innen. <\/p>\n<p><a href=\"https:\/\/www.vorspeisenplatte.de\/speisen\/archiv\/240108_03_Schneestiefel.jpg\"><img loading=\"lazy\" decoding=\"async\" src=\"https:\/\/www.vorspeisenplatte.de\/speisen\/archiv\/240108_03_Schneestiefel.jpg\" alt=\"\" width=\"451\" height=\"327\" class=\"alignnone size-full wp-image-94247\" \/><\/a><\/p>\n<p>Damit kam ich problemlos \u00fcber Eis und spiegelnd festen Schnee. (Nur dass sich leider schon nach einem Jahr das Innenfutter verabschiedet und zu Reibestellen f\u00fchrt, sich au\u00dferdem die Verklebung der Sohle mit dem Oberteil l\u00f6st.) In der Luft hingen vereinzelt und unentschlossen kleine Schneeflocken.<\/p>\n<p><a href=\"https:\/\/www.vorspeisenplatte.de\/speisen\/archiv\/240108_02_Theresienwiese.jpg\"><img loading=\"lazy\" decoding=\"async\" src=\"https:\/\/www.vorspeisenplatte.de\/speisen\/archiv\/240108_02_Theresienwiese.jpg\" alt=\"\" width=\"474\" height=\"463\" class=\"alignnone size-full wp-image-94248\" \/><\/a><\/p>\n<p>Vor diesem ersten Arbeitstag hatte ich nicht mal ins berufliche E-Mail-Postfach gesehen: Weihnachtsferien mag ich ganz besonders, weil das Bewusstsein, dass NIX passiert sein kann (au\u00dfer ich h\u00e4tte es in den Nachrichten mitbekommen), mich wirklich entspannt. Im B\u00fcro dann auch nichts, worauf ich nicht gefasst gewesen w\u00e4re, ich arbeitete es flei\u00dfig und konzentriert ab.<\/p>\n<p>Kein Mittagscappuccino bei Nachbars: Ich hatte zwar mit einer Preiserh\u00f6hung zum Jahreswechsel gerechnet und mehr Geld mitgenommen (weil diese Cafeteria eigentlich nicht auf Barzahlung eingerichtet ist, denn die eigentlichen Mitarbeitenden laden ihren Firmenausweis auf und zahlen dar\u00fcber, habe ich den Betrag immer passend dabei), doch so viel dann auch wieder nicht, dass eine Preissteigerung von 20 Prozent abgedeckt wurde.<\/p>\n<p>Zu Mittag gab es Mango mit Sojajoghurt und eine Scheibe selbstgebackenes Brot. Richtig warm war das B\u00fcro gestern nicht, ich setze darauf, dass die Heizsysteme erst wieder hochfahren m\u00fcssen.<\/p>\n<p>Emsiger Nachmittag mit Dauerkunstlicht, denn drau\u00dfen blieb es d\u00fcster und grau. Als ich das B\u00fcrohaus verlie\u00df, war es immer noch knackig kalt. Auf dem Heimweg Eink\u00e4ufe im Vollcorner.<\/p>\n<p>Heimgekommen in eine endlich wieder professionell geputzte Wohnung &#8211; so sch\u00f6n! Meine Liebe zu sauberem Wohnen wird nur \u00fcbertroffen von meiner Abneigung gegen Putzen, eine ungl\u00fcckliche Kombination. Das Ergebnis: Niemand zahlt vermutlich lieber f\u00fcrs Putzen als ich.<\/p>\n<p>N\u00e4chste Folge Yoga-Gymnastik &#8211; bei ihrem diesj\u00e4hrigen 30-Tage-Programm &#8220;Flow&#8221; wirkt Adriene ohnehin nicht so ganz bei der Sache, in Folge 4 vergisst sie bei einer Abfolge die andere Seite. Absolut verzeihlich, warum sollte sie nicht auch mal einen Durchh\u00e4nger haben.<\/p>\n<p>Das Nachtmahl zauberte Herr Kaltmamsell aus Vorhandenem (Spinat, Kartoffeln, Eier), ich hatte Salat dazugekauft, den ich mit klassischer Vinaigrette anmachte.<\/p>\n<p><a href=\"https:\/\/www.vorspeisenplatte.de\/speisen\/archiv\/240108_05_Nachtmahl.jpg\"><img loading=\"lazy\" decoding=\"async\" src=\"https:\/\/www.vorspeisenplatte.de\/speisen\/archiv\/240108_05_Nachtmahl.jpg\" alt=\"\" width=\"332\" height=\"415\" class=\"alignnone size-full wp-image-94249\" \/><\/a><\/p>\n<p>Nachtisch: Christstollen und Schokolade.<\/p>\n<p>Im Bett Start einer neuen Lekt\u00fcre: Nach vielen Jahren ohne hatte ich mir mal wieder Friedrich Torbergs <i>Die Tante Jolesch oder Der Untergang des Abendlandes in Anekdoten<\/i> gegriffen. Da ich es schon so oft gelesen habe, kann ich die wichtigsten Zitate nat\u00fcrlich auswendig und setze sie regelm\u00e4\u00dfig ein, doch ich bin gespannt, wie sich die Herleitungen dazwischen gehalten haben. Das Buch gibt es immer noch neu zu kaufen, <a href=\"https:\/\/www.dtv.de\/buch\/die-tante-jolesch-1266\" rel=\"noopener\" target=\"_blank\">in der mittlerweile 42. Auflage<\/a>.<\/p>\n<p>\u00a7<\/p>\n<p>Frau Nessy war im Urlaub im gro\u00dfen Schnee von D\u00e4nemark und berichtet dar\u00fcber mit gro\u00dfartigen Fotos.<br \/>\n<a href=\"https:\/\/fraunessy.vanessagiese.de\/2024\/01\/07\/eine-reise-in-den-schneesturm-von-aarhus\/\" rel=\"noopener\" target=\"_blank\">&#8220;Eine Reise in den Schneesturm von Aarhus&#8221;.<\/a><\/p>\n<p>Au\u00dferdem hat sie sich in dem Post die gro\u00dfe M\u00fche gemacht, zu der ich am Sonntag ansetzte und dann doch zu faul war: Sie hat sich in die Hintergr\u00fcnde der Landwirtschaftsproteste eingelesen und Material gesammelt (unter dem Stichpunkt &#8220;Gelesen&#8221;). Die Missst\u00e4nde in der Landwirtschaft decken sich leider nur wenig mit den vordergr\u00fcndigen Forderungen des aktuellen Protests.<\/p>\n<p>Hier zum Thema Landwirtschaft ein weiterer, gut lesbarer Hintergrundartikel:<br \/>\n<a href=\"https:\/\/uedio.substack.com\/p\/warum-die-bauernschaft-wutend-ist\" rel=\"noopener\" target=\"_blank\">&#8220;Warum die Bauernschaft w\u00fctend ist&#8221;.<\/a><\/p>\n<p>Und nein: Auch mir als Kartoffelkombinats-Genossenschaftlerin, Crowdfarming-Bezieherin und mit meinen ziemlich (n\u00e4mlich genau bis zu der Grenze, an der es sich f\u00fcr mich &#8211; ! &#8211; anstrengend und \u00fcbertrieben anf\u00fchlt) bewussten und gezielten Lebensmitteleink\u00e4ufen kann das nicht egal sein: Landwirtschaft ist ein zentraler Einfluss auf Boden, Umwelt, Nachhaltigkeit, und in Deutschland ist die Landwirtschaft immer noch vor allem industriell angelegt, um rentabel zu sein. Ich habe nicht wirklich den Eindruck, dass die Subventionspolitik der EU und der Republik das verbessern.<\/p>\n<p>(Doch wer sich Landwirtschaft ohne EU ansehen will, muss ja nur nach Gro\u00dfbritannien schauen. Oder als Verbraucherin in die Schweiz und zu den dortigen Preisen f\u00fcr landwirtschaftliche Produkte.)<\/p>\n<p>\u00a7<\/p>\n<p>Eine wichtige Liste:<br \/>\n<a href=\"https:\/\/blog.campact.de\/2023\/12\/aufgedeckt-10-antisemitische-mythen\/\" rel=\"noopener\" target=\"_blank\">&#8220;Aufgedeckt: 10 antisemitische Mythen&#8221;.<\/a><\/p>\n<p>via <a href=\"https:\/\/hmbl.blog\/7-1-2024-its-beifang-time\/\" rel=\"noopener\" target=\"_blank\">hmbl<\/a> <img loading=\"lazy\" decoding=\"async\" src=\"https:\/\/vg05.met.vgwort.de\/na\/23b9b8ed2a7c43a3b25db6c4f06ad2e9\" width=\"1\" height=\"1\" alt=\"\"\/><\/p>\n","protected":false},"excerpt":{"rendered":"<p>Wie angek\u00fcndigt war es \u00fcber Nacht eisig und frostig geworden. Nach einer mittelunruhigen Nacht (Rippenschmerzen beim Liegen auf der linken Seite, laute Unterhaltung vorm Fenster) schl\u00fcpfte ich f\u00fcr den ersten Gang in die Arbeit 2024 in meine Schneestiefel: Die haben das griffigste Sohlenprofil, das ich je unter meinen F\u00fc\u00dfen hatte, Bewunderung f\u00fcr die Entwickler*innen. Damit [&hellip;]<\/p>\n","protected":false},"author":2,"featured_media":0,"comment_status":"open","ping_status":"closed","sticky":false,"template":"","format":"standard","meta":{"footnotes":""},"categories":[3,2,1],"tags":[],"class_list":["post-94236","post","type-post","status-publish","format-standard","hentry","category-bucher","category-fotos","category-general"],"_links":{"self":[{"href":"https:\/\/www.vorspeisenplatte.de\/speisen\/wp-json\/wp\/v2\/posts\/94236","targetHints":{"allow":["GET"]}}],"collection":[{"href":"https:\/\/www.vorspeisenplatte.de\/speisen\/wp-json\/wp\/v2\/posts"}],"about":[{"href":"https:\/\/www.vorspeisenplatte.de\/speisen\/wp-json\/wp\/v2\/types\/post"}],"author":[{"embeddable":true,"href":"https:\/\/www.vorspeisenplatte.de\/speisen\/wp-json\/wp\/v2\/users\/2"}],"replies":[{"embeddable":true,"href":"https:\/\/www.vorspeisenplatte.de\/speisen\/wp-json\/wp\/v2\/comments?post=94236"}],"version-history":[{"count":3,"href":"https:\/\/www.vorspeisenplatte.de\/speisen\/wp-json\/wp\/v2\/posts\/94236\/revisions"}],"predecessor-version":[{"id":94887,"href":"https:\/\/www.vorspeisenplatte.de\/speisen\/wp-json\/wp\/v2\/posts\/94236\/revisions\/94887"}],"wp:attachment":[{"href":"https:\/\/www.vorspeisenplatte.de\/speisen\/wp-json\/wp\/v2\/media?parent=94236"}],"wp:term":[{"taxonomy":"category","embeddable":true,"href":"https:\/\/www.vorspeisenplatte.de\/speisen\/wp-json\/wp\/v2\/categories?post=94236"},{"taxonomy":"post_tag","embeddable":true,"href":"https:\/\/www.vorspeisenplatte.de\/speisen\/wp-json\/wp\/v2\/tags?post=94236"}],"curies":[{"name":"wp","href":"https:\/\/api.w.org\/{rel}","templated":true}]}}