{"id":94726,"date":"2024-01-27T08:01:29","date_gmt":"2024-01-27T07:01:29","guid":{"rendered":"https:\/\/www.vorspeisenplatte.de\/speisen\/?p=94726"},"modified":"2024-01-27T08:01:29","modified_gmt":"2024-01-27T07:01:29","slug":"journal-freitag-26-januar-2024-ereignisarmer-wochenabschluss","status":"publish","type":"post","link":"https:\/\/www.vorspeisenplatte.de\/speisen\/2024\/01\/journal-freitag-26-januar-2024-ereignisarmer-wochenabschluss.htm","title":{"rendered":"Journal Freitag, 26. Januar 2024 &#8211; Ereignisarmer Wochenabschluss"},"content":{"rendered":"<p>Bei diesem Weckerklingeln konnte ich mich endlich \u00fcber &#8220;Freitag!&#8221; freuen, die Woche hatte sich arg gezogen.<\/p>\n<p>Im E-Mail-Postfach die Best\u00e4tigung der Ferienwohnungsbuchung f\u00fcr Berlin zur re:publica mit ein paar Tagen Berlin drumrum (wieder Charlottenburg): Gro\u00dfe Erleichterung, ich bin einfach so viel entspannter an einem Urlaubsmorgen, der mit Rumschlumpfen an Milchkaffee beginnen kann, in einer Unterkunft, die mich unabh\u00e4ngig von Hotel-Rhythmus l\u00e4sst, mir die Verarbeitung von Lebensmittel-Eink\u00e4ufen erm\u00f6glicht, in der ich wohnen kann, nicht nur \u00fcbernachten. Dann zahle ich halt in Berlin mehr daf\u00fcr als f\u00fcr ein Hotelzimmer.<\/p>\n<p>Im B\u00fcro br\u00fchte ich mir einen interessanten Tee vom Kr\u00e4uter-Paradies auf, den ich erstmals ausprobierte.<\/p>\n<p><a href=\"https:\/\/www.vorspeisenplatte.de\/speisen\/archiv\/240126_01_Energietee.jpg\"><img loading=\"lazy\" decoding=\"async\" src=\"https:\/\/www.vorspeisenplatte.de\/speisen\/archiv\/240126_01_Energietee.jpg\" alt=\"\" width=\"293\" height=\"360\" class=\"alignnone size-full wp-image-94754\" \/><\/a><\/p>\n<p>Nach der zweiten Tasse stand fest: Mag ich. (Ich w\u00e4hle ja eher nach Ausschlussprinzip: Ohne irgendwas Lakritziges, also kein S\u00fc\u00dfholz, keine Brombeerbl\u00e4tter; Minze in Mischungen nur gering).<\/p>\n<p>Drau\u00dfen verd\u00fcsterte sich das Wetter, hin und wieder regnete es. Nach viel hochkonzentrierter Datenbankarbeit also Mittagscappuccino nur bei Nachbars.<\/p>\n<p>Mittagessen war wieder eingeweichtes Muesli mit Sojajoghurt, eine Orange.<\/p>\n<p>Jetzt regnete es immer st\u00e4rker, meine Datenbankarbeiten wurden von Prasseln gegen Fenster begleitet.<\/p>\n<p>P\u00fcnktlicher Feierabend. Durch den jetzt nur wenig Regen kam ich gut mit hochgeschlagener Kapuze. Unterwegs Eink\u00e4ufe beim Vollcorner, vor allem K\u00f6rperpflegeprodukte.<\/p>\n<p>Herr Kaltmamsell hatte darauf hingewiesen, wie lange es schon keine Bagels mehr gegeben hatte. Daheim machte ich mich also <a href=\"https:\/\/www.vorspeisenplatte.de\/rezepte\/die-besseren-bagels.htm\" rel=\"noopener\" target=\"_blank\">an die Umsetzung dieses Rezepts<\/a>.<\/p>\n<p>W\u00e4hrend des ersten Hefe-Aufweckens hakte ich einen weiteren Schritt Richtung zweite Charge Rentenpunkte ab, dieser verlief einfacher und schneller als gedacht. Teigkneten. Die n\u00e4chste Folge Yoga-Gymnastik startete mit einer so langen Phase besinnlichen Rumliegens (\u00fcber 5 Minuten), dass ich zu fr\u00f6steln begann.<\/p>\n<p>Offizieller Start des Wochenendes, seit Tagen hatte ich mich auf ein Glas Bubbly zum Ansto\u00dfen gefreut und \u00f6ffnete glitzernden Prinzen-Prosecco:<\/p>\n<p><a href=\"https:\/\/www.vorspeisenplatte.de\/speisen\/archiv\/240126_04a_Prinzenprosecco.jpg\"><img loading=\"lazy\" decoding=\"async\" src=\"https:\/\/www.vorspeisenplatte.de\/speisen\/archiv\/240126_04a_Prinzenprosecco.jpg\" alt=\"\" width=\"333\" height=\"416\" class=\"alignnone size-full wp-image-94755\" \/><\/a><\/p>\n<p>Wunderbar aromatisch, passte gut zu den dazu gereichten libanesischen N\u00fcsschen, aber nur ein Glas, Rest verpl\u00f6ppelt in den K\u00fchlschrank, denn zum Essen sollte es burgenl\u00e4ndischen Rotwein geben.<\/p>\n<p><a href=\"https:\/\/www.vorspeisenplatte.de\/speisen\/archiv\/240126_05_Nachtmahl.jpg\"><img loading=\"lazy\" decoding=\"async\" src=\"https:\/\/www.vorspeisenplatte.de\/speisen\/archiv\/240126_05_Nachtmahl.jpg\" alt=\"\" width=\"333\" height=\"444\" class=\"alignnone size-full wp-image-94756\" \/><\/a><\/p>\n<p>Herr Kaltmamsell servierte Freitagsfleisch (Entrec\u00f4te) mit Guacamole (Crowdfarming-Avocados) und Ofen-Pastinaken (Ernteanteil), k\u00f6stlich. Dazu Paul Achs Blaufr\u00e4nkisch Heideboden, der f\u00fcr meinen Geschmack eine zu spitze saure Note hatte. Zum Nachtisch reichlich Schokolade.<\/p>\n<p>Im Fernsehen lie\u00dfen wir einen der neuere <i>Star-Wars<\/i>-Kinofilme (ich habe schon lang keinen \u00dcberblick mehr \u00fcber die verschiedenen Generationen) laufen. Ich freute mich zwar, Carrie Fisher nochmal zu sehen, kann aber weiterhin mit dieser Art Heldenwelt wenig anfangen (im Gegensatz zur philosophisch gepr\u00e4gten Science Fiction von <i>Start Trek<\/i>), Menschen sind verschieden.<\/p>\n<p>\u00a7<\/p>\n<p>Marina Weisband im Radio-Interview beim SWR, Thema ist erstarkender Rechtsextremismus und der Protest dagegen:<br \/>\n<a href=\"https:\/\/www.swr.de\/swr2\/leben-und-gesellschaft\/marina-weisband-zum-holocaust-gedenktag-ich-muss-mich-aufs-kaempfen-einstellen-100.html\" rel=\"noopener\" target=\"_blank\">&#8220;Marina Weisband: &#8216;Ich muss mich aufs K\u00e4mpfen einstellen'&#8221;.<\/a><\/p>\n<p>Ich empfehle ihre klugen Worte, zum Beispiel zu falsch verstandenem Neutralit\u00e4tsbem\u00fchen \u00f6ffentlich-rechtlicher Medien:<\/p>\n<blockquote><p>Die Wahrheit aber ist: Unsere Verfassung ist antifaschistisch, und Antfaschismus ist eine Haltung, diese Haltung ist nicht neutral.<\/p><\/blockquote>\n<p>Oder:<\/p>\n<blockquote><p>Ganz ehrlich: AfD-W\u00e4hler sind mir egal. Es gibt in Deutschland 20 bis 25 Prozent latente Antisemiten; das ist bekannt, das ist schon lange so. Meine Aufgabe ist nicht, sie davon zu \u00fcberzeugen, dass ich kein schlimmer Mensch bin. Meine Aufgabe ist, sie von der Regierungsbank fern zu halten.<\/p><\/blockquote>\n<p>Ab Minute 17:11 prognosiziert Marina Weisband, was ein Verbotsverfahren gegen die AfD ihrer Meinung nach ausl\u00f6sen wird &#8211; wie der Moderator (Markus Brock?) abschlie\u00dfend kommentiert, das \u00fcberzeugendste Pl\u00e4doyer daf\u00fcr, das ich je geh\u00f6rt habe. <img loading=\"lazy\" decoding=\"async\" src=\"https:\/\/vg05.met.vgwort.de\/na\/813e98bc597148aeb717338a52bb37d2\" width=\"1\" height=\"1\" alt=\"\"\/><\/p>\n","protected":false},"excerpt":{"rendered":"<p>Bei diesem Weckerklingeln konnte ich mich endlich \u00fcber &#8220;Freitag!&#8221; freuen, die Woche hatte sich arg gezogen. Im E-Mail-Postfach die Best\u00e4tigung der Ferienwohnungsbuchung f\u00fcr Berlin zur re:publica mit ein paar Tagen Berlin drumrum (wieder Charlottenburg): Gro\u00dfe Erleichterung, ich bin einfach so viel entspannter an einem Urlaubsmorgen, der mit Rumschlumpfen an Milchkaffee beginnen kann, in einer Unterkunft, [&hellip;]<\/p>\n","protected":false},"author":2,"featured_media":0,"comment_status":"open","ping_status":"closed","sticky":false,"template":"","format":"standard","meta":{"footnotes":""},"categories":[6,1],"tags":[],"class_list":["post-94726","post","type-post","status-publish","format-standard","hentry","category-essen","category-general"],"_links":{"self":[{"href":"https:\/\/www.vorspeisenplatte.de\/speisen\/wp-json\/wp\/v2\/posts\/94726","targetHints":{"allow":["GET"]}}],"collection":[{"href":"https:\/\/www.vorspeisenplatte.de\/speisen\/wp-json\/wp\/v2\/posts"}],"about":[{"href":"https:\/\/www.vorspeisenplatte.de\/speisen\/wp-json\/wp\/v2\/types\/post"}],"author":[{"embeddable":true,"href":"https:\/\/www.vorspeisenplatte.de\/speisen\/wp-json\/wp\/v2\/users\/2"}],"replies":[{"embeddable":true,"href":"https:\/\/www.vorspeisenplatte.de\/speisen\/wp-json\/wp\/v2\/comments?post=94726"}],"version-history":[{"count":3,"href":"https:\/\/www.vorspeisenplatte.de\/speisen\/wp-json\/wp\/v2\/posts\/94726\/revisions"}],"predecessor-version":[{"id":94764,"href":"https:\/\/www.vorspeisenplatte.de\/speisen\/wp-json\/wp\/v2\/posts\/94726\/revisions\/94764"}],"wp:attachment":[{"href":"https:\/\/www.vorspeisenplatte.de\/speisen\/wp-json\/wp\/v2\/media?parent=94726"}],"wp:term":[{"taxonomy":"category","embeddable":true,"href":"https:\/\/www.vorspeisenplatte.de\/speisen\/wp-json\/wp\/v2\/categories?post=94726"},{"taxonomy":"post_tag","embeddable":true,"href":"https:\/\/www.vorspeisenplatte.de\/speisen\/wp-json\/wp\/v2\/tags?post=94726"}],"curies":[{"name":"wp","href":"https:\/\/api.w.org\/{rel}","templated":true}]}}