{"id":94967,"date":"2024-02-04T08:48:42","date_gmt":"2024-02-04T07:48:42","guid":{"rendered":"https:\/\/www.vorspeisenplatte.de\/speisen\/?p=94967"},"modified":"2024-02-04T08:48:42","modified_gmt":"2024-02-04T07:48:42","slug":"journal-samstag-3-februar-2024-durchgenossenes-fruehlings-intermezzo","status":"publish","type":"post","link":"https:\/\/www.vorspeisenplatte.de\/speisen\/2024\/02\/journal-samstag-3-februar-2024-durchgenossenes-fruehlings-intermezzo.htm","title":{"rendered":"Journal Samstag, 3. Februar 2024 &#8211; Durchgenossenes Fr\u00fchlings-Intermezzo"},"content":{"rendered":"<p>Mit wenig Ger\u00e4uschst\u00f6rung ausgeschlafen, zum 7-Uhr-L\u00e4uten von St. Matth\u00e4us war der Himmel schon deutlich morgendlich.<\/p>\n<p><a href=\"https:\/\/www.vorspeisenplatte.de\/speisen\/archiv\/240203_01_Bettblick.jpg\"><img loading=\"lazy\" decoding=\"async\" src=\"https:\/\/www.vorspeisenplatte.de\/speisen\/archiv\/240203_01_Bettblick.jpg\" alt=\"\" width=\"487\" height=\"347\" class=\"alignnone size-full wp-image-94983\" \/><\/a><\/p>\n<p>Plan war wieder Schwimmen gewesen, doch als ich nach Bloggen, Milchkaffee, Wasser, Tee, Mastodonlesen kurz vor zehn den Rechner zuklappen wollte, kam ich auf die Idee, einfach mal <i>nicht<\/i> zu schwimmen. Nach kurzem Panikanflug wegen selbstverst\u00e4ndlich umgehend zerbr\u00f6selnder Fitness freute ich mich \u00fcber die resultierenden neuen M\u00f6glichkeiten bei wolkenlos sonnigem Wetter (Herr Kaltmamsell war mit einem &#8220;zu warm&#8221; von seiner Laufrunde heimgekommen) und begann umgehend zu gammeln.<\/p>\n<p>Um halb zw\u00f6lf war ich dann aber doch sauber, desodoriert, geschminkt, gekleidet und startklar. Erster Anlass f\u00fcrs Losspazieren: Espressobohnenkauf im maxvorst\u00e4dter San Lucas.<\/p>\n<p><a href=\"https:\/\/www.vorspeisenplatte.de\/speisen\/archiv\/240203_04_Schillerstr.jpg\"><img loading=\"lazy\" decoding=\"async\" src=\"https:\/\/www.vorspeisenplatte.de\/speisen\/archiv\/240203_04_Schillerstr.jpg\" alt=\"\" width=\"546\" height=\"408\" class=\"alignnone size-full \" \/><\/a><\/p>\n<p><a href=\"https:\/\/www.vorspeisenplatte.de\/speisen\/archiv\/240203_06_Schillerstr.jpg\"><img loading=\"lazy\" decoding=\"async\" src=\"https:\/\/www.vorspeisenplatte.de\/speisen\/archiv\/240203_06_Schillerstr.jpg\" alt=\"\" width=\"525\" height=\"445\" class=\"alignnone size-full \" \/><\/a><\/p>\n<p>Unterwegs sah ich nach der gr\u00f6\u00dfer werdenen Baul\u00fccke in der Schillerstra\u00dfe, <a href=\"https:\/\/www.lmu.de\/de\/newsroom\/newsuebersicht\/news\/neubau-fuer-die-geo-und-umweltwissenschaften.html\" rel=\"noopener\" target=\"_blank\">die mit dem Campus f\u00fcr Geo- und Umweltwissenschaften gef\u00fcllt werden soll<\/a>.<\/p>\n<p><a href=\"https:\/\/www.vorspeisenplatte.de\/speisen\/archiv\/240203_08_SanLucas.jpg\"><img loading=\"lazy\" decoding=\"async\" src=\"https:\/\/www.vorspeisenplatte.de\/speisen\/archiv\/240203_08_SanLucas.jpg\" alt=\"\" width=\"393\" height=\"524\" class=\"alignnone size-full wp-image-94988\" \/><\/a><\/p>\n<p>Diesmal trank ich im San Lucas auch einen Mittagscappuccino.<\/p>\n<p>\u00dcber Umwege nach Hause, Entz\u00fccken \u00fcber die dicht besetzten Au\u00dfenpl\u00e4tze der Gastronomie, Sonnebrillenquote bei mindestens 90 Prozent, wir sind hier schlie\u00dflich in M\u00fcnchen.<\/p>\n<p><a href=\"https:\/\/www.vorspeisenplatte.de\/speisen\/archiv\/240203_09_Koenigspl.jpg\"><img loading=\"lazy\" decoding=\"async\" src=\"https:\/\/www.vorspeisenplatte.de\/speisen\/archiv\/240203_09_Koenigspl.jpg\" alt=\"\" width=\"384\" height=\"480\" class=\"alignnone size-full wp-image-94989\" \/><\/a><\/p>\n<p><a href=\"https:\/\/www.vorspeisenplatte.de\/speisen\/archiv\/240203_11_Koenigspl.jpg\"><img loading=\"lazy\" decoding=\"async\" src=\"https:\/\/www.vorspeisenplatte.de\/speisen\/archiv\/240203_11_Koenigspl.jpg\" alt=\"\" width=\"618\" height=\"406\" class=\"alignnone size-full \" \/><\/a><\/p>\n<p><a href=\"https:\/\/www.vorspeisenplatte.de\/speisen\/archiv\/240203_12_AlterBotanischerGarten.jpg\"><img loading=\"lazy\" decoding=\"async\" src=\"https:\/\/www.vorspeisenplatte.de\/speisen\/archiv\/240203_12_AlterBotanischerGarten.jpg\" alt=\"\" width=\"385\" height=\"491\" class=\"alignnone size-full wp-image-94991\" \/><\/a><\/p>\n<p>Fr\u00fchst\u00fcck um halb zwei: Bananen, viele. N\u00e4mlich alle restlichen kanarischen, die letzte Hand des Pakets hatte angefangen, von oben schimmlig durchzufaulen. Was mag ich nur bei der Lagerung falsch gemacht haben? Au\u00dferdem gab es selbstgebackenes Brot aus der Gefriere (das letzte Viertel 7-Pf\u00fcnder), eine Scheibe mit G\u00e4nseschmalz, eine mit Butter und Orangenmarmelade.<\/p>\n<p>Anlass f\u00fcr ein weiteres Losspazieren: Erwerbung eines K\u00fcchen-Thermometers f\u00fcr Fl\u00fcssigkeiten (z.B. Wasser f\u00fcrs Brotbacken, Zucker, Lemon-Curd). Das High-end-Thermometer, das Herr Kaltmamsell zuletzt f\u00fcr teuer Geld gekauft hatte, erwies sich als Montags-Modell, funktionierte von Anfang an nicht richtig, wackelte, fiel dann auseinander. Im Kustermann, den auch ich ansteuerte, schimpfte die Verk\u00e4uferin, weil er es nicht zur\u00fcckgebracht und reklamiert hatte. Ich lie\u00df mir ein anderes, nur halb so teures emfehlen (das die K\u00fcchenger\u00e4te-Abteilung auch selbst benutzt).<\/p>\n<p><a href=\"https:\/\/www.vorspeisenplatte.de\/speisen\/archiv\/240203_13_Marienpl.jpg\"><img loading=\"lazy\" decoding=\"async\" src=\"https:\/\/www.vorspeisenplatte.de\/speisen\/archiv\/240203_13_Marienpl.jpg\" alt=\"\" width=\"488\" height=\"420\" class=\"alignnone size-full wp-image-94992\" \/><\/a><\/p>\n<p><a href=\"https:\/\/www.vorspeisenplatte.de\/speisen\/archiv\/240203_14_Rindermarkt.jpg\"><img loading=\"lazy\" decoding=\"async\" src=\"https:\/\/www.vorspeisenplatte.de\/speisen\/archiv\/240203_14_Rindermarkt.jpg\" alt=\"\" width=\"575\" height=\"352\" class=\"alignnone size-full \" \/><\/a><\/p>\n<p>Das Thermometer am Juwelier Fridrich in der Sendlinger Stra\u00dfe zeigte um halb drei 13 Grad im Schatten an.<\/p>\n<p><a href=\"https:\/\/www.vorspeisenplatte.de\/speisen\/archiv\/240203_15_WinterlingeStMatthaeus.jpg\"><img loading=\"lazy\" decoding=\"async\" src=\"https:\/\/www.vorspeisenplatte.de\/speisen\/archiv\/240203_15_WinterlingeStMatthaeus.jpg\" alt=\"\" width=\"298\" height=\"437\" class=\"alignnone size-full wp-image-94994\" \/><\/a><\/p>\n<p>Im Nussbaumpark meine ersten Winterlinge des Jahres.<\/p>\n<p>Den Nachmittag \u00fcber hatte ich bei Zeitung- und Buchlesen Mu\u00dfe, immer wieder aus den Fenstern zu schauen, durch die Zimmer voller Sonnenlicht zu spazieren. Die Miete f\u00fcr diese wundersch\u00f6ne Wohnung mit ihren sensationellen Ausblicken ist zwar trotzdem zu hoch, aber ich freue mich immer wieder und sehr daran. (Kr\u00e4henschw\u00e4rme vor Abendrosa hinter kahlen alten B\u00e4umen!)<\/p>\n<p>Derzeit sehe ich wieder regelm\u00e4\u00dfig <a href=\"https:\/\/www.youtube.com\/live\/ydYDqZQpim8?si=Wwvb8k_uX5JppgHK\" rel=\"noopener\" target=\"_blank\">auf die Live-Kamera am namibischen Wasserloch<\/a> (<a href=\"https:\/\/puntarella.party\/@NamibDesertBot\/111868320712010985\" rel=\"noopener\" target=\"_blank\">ein automatischer Account auf Mastodon, @NamibDesertBot,<\/a> postet immer wieder Fotos und erinnert mich daran).<\/p>\n<p><a href=\"https:\/\/www.vorspeisenplatte.de\/speisen\/archiv\/240203_ScreenshotNamibia.jpg\"><img loading=\"lazy\" decoding=\"async\" src=\"https:\/\/www.vorspeisenplatte.de\/speisen\/archiv\/240203_ScreenshotNamibia.jpg\" alt=\"\" width=\"488\" height=\"284\" class=\"alignnone size-full \" \/><\/a><\/p>\n<p>Gestern die Sensation: Ich sah zum ersten Mal einen Sekret\u00e4r (ein Greifvogel) am Wasserloch, den ich im Berliner Tierpark kennengelernt hatte.<\/p>\n<p>Vorgezogene Yoga-Gymnastik, denn gestern war ich f\u00fcrs Nachtmahl verantwortlich: Es gab nach Jahren mal wieder <a href=\"https:\/\/www.esskultur.at\/unsichtbarer-salat\/\" rel=\"noopener\" target=\"_blank\">Unsichtbaren Salat<\/a> (merken: Zubereitung dauert etwas mehr als eine Stunde). Da ich immer wieder damit gehadert hatte, dass sich der Honig nicht recht in der Vinaigrette l\u00f6sen m\u00f6chte, drehte ich die Zubereitungsreihenfolge um und startete damit; w\u00e4hrend ich die anderen Zutaten putzte und schnippelte, hatte er genug Zeit daf\u00fcr. Und ich nehme nur vier statt der sechs angegebenen Datteln: Die guten Medjool-Datteln vom Vollcorner oder Verdi sind so riesig, dass sechs davon alles andere mit S\u00fc\u00dfe erschlagen w\u00fcrden (und nicht mehr unsichtbar blieben).<\/p>\n<p><a href=\"https:\/\/www.vorspeisenplatte.de\/speisen\/archiv\/240203_17_Nachtmahl.jpg\"><img loading=\"lazy\" decoding=\"async\" src=\"https:\/\/www.vorspeisenplatte.de\/speisen\/archiv\/240203_17_Nachtmahl.jpg\" alt=\"\" width=\"403\" height=\"302\" class=\"alignnone size-full wp-image-94998\" \/><\/a><\/p>\n<p>Dazu einen Orange Wine vom Claus Preisinger, Giesinger Berg 2022, der so brutal orangig war, dass er mich an ein gutes IPA erinnerte, also an Bier.<\/p>\n<p>Die S\u00fc\u00dfigkeiten zum Nachtisch waren zu viel, ich lerne es nie.<\/p>\n<p>\u00a7<\/p>\n<p>Warum naturwissenschaftliche Methodik f\u00fcr die Beurteilung komplexer gesellschaftspolitischer Probleme ungeeignet ist: Florian Aigner schreibt \u00fcber<br \/>\n<a href=\"https:\/\/futurezone.at\/meinung\/florian-aigner-kolumne-wissenschaft-studie\/402764422\" rel=\"noopener\" target=\"_blank\">&#8220;&#8216;Aber eine Studie hat gesagt!&#8217; \u2013 die Scheinwissenschafts-Falle&#8221;.<\/a><\/p>\n<blockquote><p>Bei komplexen Themen l\u00e4sst sich fast jede Meinung mit irgendwelchen Studien belegen \u2013 auch wenn die Meinung gef\u00e4hrlicher Unsinn ist.<\/p><\/blockquote>\n<p>(&#8230;)<\/p>\n<blockquote><p>Auch mit Fakten kann man l\u00fcgen \u2013 wenn man einen kleinen Teil der Fakten isoliert betrachtet, obwohl sich nur im Kontext mit vielen anderen Fakten ein sinnvolles Gesamtbild ergeben w\u00fcrde.<\/p><\/blockquote>\n<p>\u00a7<\/p>\n<p>Ein herrlich nerdiger Artikel \u00fcber das Verschwinden der grafischen Unterscheidung <i>checkbox<\/i> \/ <i>radio button<\/i>:<br \/>\n<a href=\"https:\/\/tonsky.me\/blog\/checkbox\/\" rel=\"noopener\" target=\"_blank\">&#8220;In Loving Memory of Square Checkbox&#8221;.<\/a> <img loading=\"lazy\" decoding=\"async\" src=\"https:\/\/vg08.met.vgwort.de\/na\/f6e8115edc5248b09ee7a303bb915581\" width=\"1\" height=\"1\" alt=\"\"\/><\/p>\n","protected":false},"excerpt":{"rendered":"<p>Mit wenig Ger\u00e4uschst\u00f6rung ausgeschlafen, zum 7-Uhr-L\u00e4uten von St. Matth\u00e4us war der Himmel schon deutlich morgendlich. Plan war wieder Schwimmen gewesen, doch als ich nach Bloggen, Milchkaffee, Wasser, Tee, Mastodonlesen kurz vor zehn den Rechner zuklappen wollte, kam ich auf die Idee, einfach mal nicht zu schwimmen. Nach kurzem Panikanflug wegen selbstverst\u00e4ndlich umgehend zerbr\u00f6selnder Fitness freute [&hellip;]<\/p>\n","protected":false},"author":2,"featured_media":0,"comment_status":"open","ping_status":"closed","sticky":false,"template":"","format":"standard","meta":{"footnotes":""},"categories":[6,2,1],"tags":[],"class_list":["post-94967","post","type-post","status-publish","format-standard","hentry","category-essen","category-fotos","category-general"],"_links":{"self":[{"href":"https:\/\/www.vorspeisenplatte.de\/speisen\/wp-json\/wp\/v2\/posts\/94967","targetHints":{"allow":["GET"]}}],"collection":[{"href":"https:\/\/www.vorspeisenplatte.de\/speisen\/wp-json\/wp\/v2\/posts"}],"about":[{"href":"https:\/\/www.vorspeisenplatte.de\/speisen\/wp-json\/wp\/v2\/types\/post"}],"author":[{"embeddable":true,"href":"https:\/\/www.vorspeisenplatte.de\/speisen\/wp-json\/wp\/v2\/users\/2"}],"replies":[{"embeddable":true,"href":"https:\/\/www.vorspeisenplatte.de\/speisen\/wp-json\/wp\/v2\/comments?post=94967"}],"version-history":[{"count":3,"href":"https:\/\/www.vorspeisenplatte.de\/speisen\/wp-json\/wp\/v2\/posts\/94967\/revisions"}],"predecessor-version":[{"id":95000,"href":"https:\/\/www.vorspeisenplatte.de\/speisen\/wp-json\/wp\/v2\/posts\/94967\/revisions\/95000"}],"wp:attachment":[{"href":"https:\/\/www.vorspeisenplatte.de\/speisen\/wp-json\/wp\/v2\/media?parent=94967"}],"wp:term":[{"taxonomy":"category","embeddable":true,"href":"https:\/\/www.vorspeisenplatte.de\/speisen\/wp-json\/wp\/v2\/categories?post=94967"},{"taxonomy":"post_tag","embeddable":true,"href":"https:\/\/www.vorspeisenplatte.de\/speisen\/wp-json\/wp\/v2\/tags?post=94967"}],"curies":[{"name":"wp","href":"https:\/\/api.w.org\/{rel}","templated":true}]}}