{"id":95042,"date":"2024-02-06T06:21:25","date_gmt":"2024-02-06T05:21:25","guid":{"rendered":"https:\/\/www.vorspeisenplatte.de\/speisen\/?p=95042"},"modified":"2024-02-06T12:44:05","modified_gmt":"2024-02-06T11:44:05","slug":"journal-montag-5-februar-2024-arbeitstag-mit-sonne","status":"publish","type":"post","link":"https:\/\/www.vorspeisenplatte.de\/speisen\/2024\/02\/journal-montag-5-februar-2024-arbeitstag-mit-sonne.htm","title":{"rendered":"Journal Montag, 5. Februar 2024 &#8211; Arbeitstag mit Sonne"},"content":{"rendered":"<p>Gut geschlafen, zehn Minuten vor Wecker aufgewacht. Der Tag brach mit sch\u00f6nsten Blaut\u00f6nen an (und einer dekorativen Mondsichel).<\/p>\n<p><a href=\"https:\/\/www.vorspeisenplatte.de\/speisen\/archiv\/240205_01_Nussbaumpark.jpg\"><img loading=\"lazy\" decoding=\"async\" src=\"https:\/\/www.vorspeisenplatte.de\/speisen\/archiv\/240205_01_Nussbaumpark.jpg\" alt=\"\" width=\"524\" height=\"393\" class=\"alignnone size-full wp-image-95048\" \/><\/a><\/p>\n<p>Ein emsiger Arbeitstag, das gefiel mir gut. Mittagscappuccino bei Nachbars, f\u00fcrs R\u00fcberspazieren unter blauem Himmel und in Sonnenschein lie\u00df ich den Ledermantel an seinem B\u00fcrohaken. Leichtfertig, wie sich herausstellte, so warm war es (eigentlich zum Gl\u00fcck) dann doch nicht.<\/p>\n<p>Mittagessen Avocados mit rosa Grapefruit, k\u00f6stlich.<\/p>\n<p>Nachmittags mehr Emsigkeit, dennoch sah ich links von mir vor weiterhin strahlend blauem Himmel drei Falken ums Nachbarhochhaus fliegen.<\/p>\n<p>Zu Feierabend packte ich meinen Arbeitsrechner ein: Am Dienstag w\u00fcrde ich daheim arbeiten m\u00fcssen, da in unsere Wohnung jemand zum Austausch der Rauchmelder vorbeikommen w\u00fcrde. Ich hasste schon jetzt alles daran (angefangen von fehlendem Arbeitsplatz) und hatte mich den ganzen Nachmittag gesorgt, ich w\u00fcrde irgendein ben\u00f6tigtes Ausstattungsteil im B\u00fcro vergessen.<\/p>\n<p>Auf dem Heimweg Eink\u00e4ufe im Vollcorner. Sch\u00f6nstes Abendpink \u00fcber dem Westrand der Theresienwiese inklusive Silhouette der Bavaria, und in einem Villengarten am Bavariaring sah ich die ersten Schneegl\u00f6ckchen der Saison.<\/p>\n<p>Zu Hause die n\u00e4chste Folge Yoga-Gymnastik, diese \u00fcberraschend zackig und erstmals durchgehend das, was ich unter dem Titel des diesj\u00e4hrigen Programms eigentlich verstehe: Flow, also bei jedem Ein- und Ausatmen eine Bewegung.<\/p>\n<p>Um dem Arbeiten von daheim aus etwas Positives abzugewinnen, plante ich am Dienstag Brotbacken: Gestern setzte ich Vorteig und Sauerteig <a href=\"https:\/\/www.ploetzblog.de\/rezepte\/im-schoko-rausch-schokoladenbrot-sechzig-prozent-roggenbrot\/id=622087d5bc8f7e40a2857ff0\" rel=\"noopener\" target=\"_blank\">f\u00fcr Schokoladen-Roggenbrot<\/a> an.<\/p>\n<p>In der Gefriere hatten wir noch eine Portion Quiche-Teig gehabt, der Ernteanteil hatte Rosenkohl gebracht: Auf dieser Basis machte Herr Kaltmamsell zum Abendessen <a href=\"https:\/\/fbia.daskochrezept.de\/rezepte\/rosenkohl-quiche\" rel=\"noopener\" target=\"_blank\">Rosenkohl-Quiche mit Apfel und Haselnuss<\/a>.<\/p>\n<p><a href=\"https:\/\/www.vorspeisenplatte.de\/speisen\/archiv\/240205_03_Nachtmahl.jpg\"><img loading=\"lazy\" decoding=\"async\" src=\"https:\/\/www.vorspeisenplatte.de\/speisen\/archiv\/240205_03_Nachtmahl.jpg\" alt=\"\" width=\"363\" height=\"357\" class=\"alignnone size-full wp-image-95050\" \/><\/a><\/p>\n<p>Schmeckte sehr gut, zumal Herr Kaltmamsell deutlich mehr Zitronenschale in die F\u00fcllung gerieben hatte.<\/p>\n<p>Abends bekam ich mit: Es ist die n\u00e4chste Demo gegen Rechtsextremismus in M\u00fcnchen terminiert: Sonntagabend auf der Theresienwiese.<br \/>\n<a href=\"https:\/\/www.sueddeutsche.de\/muenchen\/muenchen-demonstration-lichtermeer-rechtsextremismus-rassismus-theresienwiese-1.6344370\" rel=\"noopener\" target=\"_blank\">&#8220;Kundgebung gegen Rechtsextremismus:<br \/>\nM\u00fcnchen plant ein &#8216;Lichtermeer&#8217; f\u00fcr die Demokratie&#8221;<\/a><\/p>\n<p>Demokratietechnisch wohne ich wirklich ausgesprochen praktisch. (Ich gehe von Handylampen aus statt der Kerzen wie 1992?) <img loading=\"lazy\" decoding=\"async\" src=\"https:\/\/vg08.met.vgwort.de\/na\/fe5f9ea069b349e88a18edf67f42f2c5\" width=\"1\" height=\"1\" alt=\"\"\/><\/p>\n","protected":false},"excerpt":{"rendered":"<p>Gut geschlafen, zehn Minuten vor Wecker aufgewacht. Der Tag brach mit sch\u00f6nsten Blaut\u00f6nen an (und einer dekorativen Mondsichel). Ein emsiger Arbeitstag, das gefiel mir gut. Mittagscappuccino bei Nachbars, f\u00fcrs R\u00fcberspazieren unter blauem Himmel und in Sonnenschein lie\u00df ich den Ledermantel an seinem B\u00fcrohaken. Leichtfertig, wie sich herausstellte, so warm war es (eigentlich zum Gl\u00fcck) dann [&hellip;]<\/p>\n","protected":false},"author":2,"featured_media":0,"comment_status":"open","ping_status":"closed","sticky":false,"template":"","format":"standard","meta":{"footnotes":""},"categories":[6,1],"tags":[],"class_list":["post-95042","post","type-post","status-publish","format-standard","hentry","category-essen","category-general"],"_links":{"self":[{"href":"https:\/\/www.vorspeisenplatte.de\/speisen\/wp-json\/wp\/v2\/posts\/95042","targetHints":{"allow":["GET"]}}],"collection":[{"href":"https:\/\/www.vorspeisenplatte.de\/speisen\/wp-json\/wp\/v2\/posts"}],"about":[{"href":"https:\/\/www.vorspeisenplatte.de\/speisen\/wp-json\/wp\/v2\/types\/post"}],"author":[{"embeddable":true,"href":"https:\/\/www.vorspeisenplatte.de\/speisen\/wp-json\/wp\/v2\/users\/2"}],"replies":[{"embeddable":true,"href":"https:\/\/www.vorspeisenplatte.de\/speisen\/wp-json\/wp\/v2\/comments?post=95042"}],"version-history":[{"count":3,"href":"https:\/\/www.vorspeisenplatte.de\/speisen\/wp-json\/wp\/v2\/posts\/95042\/revisions"}],"predecessor-version":[{"id":95071,"href":"https:\/\/www.vorspeisenplatte.de\/speisen\/wp-json\/wp\/v2\/posts\/95042\/revisions\/95071"}],"wp:attachment":[{"href":"https:\/\/www.vorspeisenplatte.de\/speisen\/wp-json\/wp\/v2\/media?parent=95042"}],"wp:term":[{"taxonomy":"category","embeddable":true,"href":"https:\/\/www.vorspeisenplatte.de\/speisen\/wp-json\/wp\/v2\/categories?post=95042"},{"taxonomy":"post_tag","embeddable":true,"href":"https:\/\/www.vorspeisenplatte.de\/speisen\/wp-json\/wp\/v2\/tags?post=95042"}],"curies":[{"name":"wp","href":"https:\/\/api.w.org\/{rel}","templated":true}]}}