{"id":95093,"date":"2024-02-09T06:16:04","date_gmt":"2024-02-09T05:16:04","guid":{"rendered":"https:\/\/www.vorspeisenplatte.de\/speisen\/?p=95093"},"modified":"2024-02-09T11:06:38","modified_gmt":"2024-02-09T10:06:38","slug":"journal-donnerstag-8-februar-2024-unanbrachte-gefuehlsachterbahn","status":"publish","type":"post","link":"https:\/\/www.vorspeisenplatte.de\/speisen\/2024\/02\/journal-donnerstag-8-februar-2024-unanbrachte-gefuehlsachterbahn.htm","title":{"rendered":"Journal Donnerstag, 8. Februar 2024 &#8211; Unangebrachte Gef\u00fchlsachterbahn"},"content":{"rendered":"<p>Guter Schlaf, erfrischt kurz vor Weckerl\u00e4uten aufgewacht. Herrn Kaltmamsell in aller Schnelle und K\u00fcrze Eindr\u00fccke des Theaterabends <i>Der Sturm \/ Das D\u00e4mmern der Welt<\/i> geschildert, \u00fcberraschende Zusatzinfos bekommen.<\/p>\n<p>Das Drau\u00dfen war d\u00fcster und regnerisch, in milder Luft kam ich aber trocken ins B\u00fcro.<\/p>\n<p>Beim Check meiner E-Mails festgestellt, dass einige (!) vom Mittwoch von anderen Absendern kamen, als ich es in Erinnerung hatte &#8211; das war dann vielleicht doch eine leichte Migr\u00e4ne, diese Art von Wahrnehmungsverschiebung kenne ich sonst nicht.<\/p>\n<p>Sehr aufregendes Online-Meeting am Vormittag &#8211; es ist ganz erstaunlich, wie lange es dauerte, bis mein Adrenalinpegel danach wieder auf Normal stand. Das killte auch den Mittagscappuccino, zum sp\u00e4ten Mittagessen gab es eingeweichtes Muesli mit Joghurt, au\u00dferdem gelbe Kiwi (habe mal ausprobiert, ob man die Schale mitessen kann: Nur wenn man sehr gern intensiv kaut. Und nichts gegen einen anschlie\u00dfenden Klotz im Bauch hat) und Clementine. Espresso holte ich um zwei mit einer Abteilungs-eigenen Maschine nach. (Herz so: H\u00d6NNNNNN! H\u00d6NNNH\u00d6NNN!)<\/p>\n<p>Doppelt wach war ich nachmittags, weil ich entdeckte, dass ich Mist gebaut hatte (in einem PDF nicht weit genug gescrollt). Mal sehen, wie viel und welche Art \u00c4rger ich dadurch verursacht habe. Aber dass mich gestern alles emotional unverh\u00e4ltnism\u00e4\u00dfig mitnahm, machte mich inzwischen misstrauisch: Konnte das ebenfalls ein Migr\u00e4ne-Symptom sein? Irgendwas an meinem Gesamtsystem war offensichtlich au\u00dfer Balance. (Also: Noch mehr als sonst eh.)<\/p>\n<p>Kurz vor Feierabend erlebte ich einen Faschingsausbruch an v\u00f6llig unerwarteter Stelle. Ich finde ja Verkleiden super. Ich finde Faschingsb\u00e4lle super. (Think Spatzl im Monaco Franze.) Und doch habe ich vor Jahrzehnten das letzte Mal M\u00fcnchner Fasching mit seinen B\u00e4llen gefeiert. Vielleicht, so dachte ich, fehlt mir einfach nur die Freundin, die mich endlich mal wieder in einen Faschingsball mitzieht. Doch k\u00f6nnte, so lernte ich gestern, der Rempler aus ganz anderer Richtung kommen.<\/p>\n<p>Auf dem Heimweg kaufte ich schlimmes Industriegem\u00fcse f\u00fcrs Abendessen, doch wir hatten beide SOLCHE Lust auf Salat und ich wollte in nicht mehr als einen Supermarkt einbiegen. Zu Hause H\u00e4uslichkeiten, dann eine Runde Yoga-Gymnastik, die haupts\u00e4chlich aus laaangen Dehnhaltungen f\u00fcr die H\u00fcfte bestand. Zum Nachtmahl machte ich Romana-Salat, rote Paprika und eine Crowdfarming-Avocado (immerhin!) mit einem Kirschbalsamico-Walnuss\u00f6l-Dressing an. Au\u00dferdem gab&#8217;s K\u00e4se, danach S\u00fc\u00dfigkeiten.<\/p>\n<p>Vorfreude aufs lange Faschingswochenende mit vier arbeitsfreien Tagen am St\u00fcck. <img loading=\"lazy\" decoding=\"async\" src=\"https:\/\/vg08.met.vgwort.de\/na\/268562eb965d46cbac6e9bcea4ea58ee\" width=\"1\" height=\"1\" alt=\"\"\/><\/p>\n","protected":false},"excerpt":{"rendered":"<p>Guter Schlaf, erfrischt kurz vor Weckerl\u00e4uten aufgewacht. Herrn Kaltmamsell in aller Schnelle und K\u00fcrze Eindr\u00fccke des Theaterabends Der Sturm \/ Das D\u00e4mmern der Welt geschildert, \u00fcberraschende Zusatzinfos bekommen. Das Drau\u00dfen war d\u00fcster und regnerisch, in milder Luft kam ich aber trocken ins B\u00fcro. Beim Check meiner E-Mails festgestellt, dass einige (!) vom Mittwoch von anderen [&hellip;]<\/p>\n","protected":false},"author":2,"featured_media":0,"comment_status":"open","ping_status":"closed","sticky":false,"template":"","format":"standard","meta":{"footnotes":""},"categories":[1],"tags":[],"class_list":["post-95093","post","type-post","status-publish","format-standard","hentry","category-general"],"_links":{"self":[{"href":"https:\/\/www.vorspeisenplatte.de\/speisen\/wp-json\/wp\/v2\/posts\/95093","targetHints":{"allow":["GET"]}}],"collection":[{"href":"https:\/\/www.vorspeisenplatte.de\/speisen\/wp-json\/wp\/v2\/posts"}],"about":[{"href":"https:\/\/www.vorspeisenplatte.de\/speisen\/wp-json\/wp\/v2\/types\/post"}],"author":[{"embeddable":true,"href":"https:\/\/www.vorspeisenplatte.de\/speisen\/wp-json\/wp\/v2\/users\/2"}],"replies":[{"embeddable":true,"href":"https:\/\/www.vorspeisenplatte.de\/speisen\/wp-json\/wp\/v2\/comments?post=95093"}],"version-history":[{"count":3,"href":"https:\/\/www.vorspeisenplatte.de\/speisen\/wp-json\/wp\/v2\/posts\/95093\/revisions"}],"predecessor-version":[{"id":95133,"href":"https:\/\/www.vorspeisenplatte.de\/speisen\/wp-json\/wp\/v2\/posts\/95093\/revisions\/95133"}],"wp:attachment":[{"href":"https:\/\/www.vorspeisenplatte.de\/speisen\/wp-json\/wp\/v2\/media?parent=95093"}],"wp:term":[{"taxonomy":"category","embeddable":true,"href":"https:\/\/www.vorspeisenplatte.de\/speisen\/wp-json\/wp\/v2\/categories?post=95093"},{"taxonomy":"post_tag","embeddable":true,"href":"https:\/\/www.vorspeisenplatte.de\/speisen\/wp-json\/wp\/v2\/tags?post=95093"}],"curies":[{"name":"wp","href":"https:\/\/api.w.org\/{rel}","templated":true}]}}