{"id":954,"date":"2005-07-25T16:19:42","date_gmt":"2005-07-25T14:19:42","guid":{"rendered":"https:\/\/www.vorspeisenplatte.de\/speisen\/?p=954"},"modified":"2005-07-25T16:19:48","modified_gmt":"2005-07-25T14:19:48","slug":"konzentriertes-arbeiten","status":"publish","type":"post","link":"https:\/\/www.vorspeisenplatte.de\/speisen\/2005\/07\/konzentriertes-arbeiten.htm","title":{"rendered":"Konzentriertes Arbeiten?"},"content":{"rendered":"<p>Ich schreibe gern, wirklich. Wenn ich eine Idee f\u00fcr die Vorspeisenplatte habe, lasse ich alles liegen und stehen, um sie schriftlich in Worte zu fassen. Manchmal unterbreche ich mich kurz, wenn ich an einer Formulierung stecken bleibe, aber meist geht so ein Textlein in einem Rutsch durch. Je sch\u00f6ner die Grundidee, desto rutsch.<\/p>\n<p>Wieso zum Teufel stelle ich mich dann bitte so an, wenn ich professionell schreibe? Auch das tue ich sehr gerne \u2013 an sich. Vor allem wenn ich ein solch wunderbares buntes und menschelndes Thema auf dem Tisch habe wie eben jetzt \u2013 eigentlich. Aber selten schaffe ich mehr als drei S\u00e4tze am St\u00fcck, dann muss ich mal wieder ins Internet schauen oder in einer Fachzeitschrift bl\u00e4ttern oder ins Internet schauen oder Tee machen oder ins Internet schauen oder Tee einschenken oder ins Internet schauen oder mehr Wasser besorgen oder ins Internet schauen oder endlich die Post \u00f6ffnen. Deswegen habe ich fr\u00fcher ja auch so entsetzlich viel geraucht, wenn ich an meinem Arbeitsplatz rauchen durfte: Weil ich statt all dem da oben jedesmal eine Zigarette anz\u00fcndete. Ich \u00fcberrasche mich immer wieder aufs Neue, welche Ausweichman\u00f6ver ich veranstalte, um nur nicht weiterschreiben zu m\u00fcssen. Zum Beispiel indem ich einen Metatext verfasse.<br \/>\nBei jedem beruflichen Text bringe ich es aufs Neue fertig, die Fertigstellung so lange zu schieben, bis ich unter h\u00f6chsten Zeitdruck gerate und dann aus lauter Panik nicht weiterschreiben kann. Erst wenn ich \u00fcberhaupt keinen Ausweg mehr habe, komme ich in die P\u00f6tte.<\/p>\n<p>Zur H\u00f6chstform lief ich deshalb auch seinerzeit im Tageszeitungsgesch\u00e4ft auf: Praktisch jeder Artikel musste noch am selben Tag fertig werden, und zwar presto wegen Redaktionsschluss. Dieses Zeitkorsett bestimmte auch die Tiefe der Recherche: Amtsleiter nicht sofort zu erreichen? Tja, kein ausgleichendes Statement des Amtsleiters. Es gab einfach von Vorneherein keinen Ausweg, denn die Geschichte war eingeplant, vielleicht auch noch als lokaler Aufmacher, und wenn keine Geschichte, dann keine Zeitung. Damals f\u00fchlte ich mich nicht mal besonders unter Druck; mancher Artikel wurde halt nicht so \u00fcberragend, aber das konnte ich ja mit den n\u00e4chsten gleich wieder ausb\u00fcgeln.<\/p>\n<p>Jetzt habe ich grade noch eine gute Stunde, um eine nette, runde Lesegeschichte zu schreiben. Mal sehen, ob die Panik schon gro\u00df genug ist.<\/p>\n","protected":false},"excerpt":{"rendered":"<p>Ich schreibe gern, wirklich. Wenn ich eine Idee f\u00fcr die Vorspeisenplatte habe, lasse ich alles liegen und stehen, um sie schriftlich in Worte zu fassen. Manchmal unterbreche ich mich kurz, wenn ich an einer Formulierung stecken bleibe, aber meist geht so ein Textlein in einem Rutsch durch. Je sch\u00f6ner die Grundidee, desto rutsch. Wieso zum [&hellip;]<\/p>\n","protected":false},"author":2,"featured_media":0,"comment_status":"open","ping_status":"closed","sticky":false,"template":"","format":"standard","meta":{"footnotes":""},"categories":[1],"tags":[],"class_list":["post-954","post","type-post","status-publish","format-standard","hentry","category-general"],"_links":{"self":[{"href":"https:\/\/www.vorspeisenplatte.de\/speisen\/wp-json\/wp\/v2\/posts\/954","targetHints":{"allow":["GET"]}}],"collection":[{"href":"https:\/\/www.vorspeisenplatte.de\/speisen\/wp-json\/wp\/v2\/posts"}],"about":[{"href":"https:\/\/www.vorspeisenplatte.de\/speisen\/wp-json\/wp\/v2\/types\/post"}],"author":[{"embeddable":true,"href":"https:\/\/www.vorspeisenplatte.de\/speisen\/wp-json\/wp\/v2\/users\/2"}],"replies":[{"embeddable":true,"href":"https:\/\/www.vorspeisenplatte.de\/speisen\/wp-json\/wp\/v2\/comments?post=954"}],"version-history":[{"count":0,"href":"https:\/\/www.vorspeisenplatte.de\/speisen\/wp-json\/wp\/v2\/posts\/954\/revisions"}],"wp:attachment":[{"href":"https:\/\/www.vorspeisenplatte.de\/speisen\/wp-json\/wp\/v2\/media?parent=954"}],"wp:term":[{"taxonomy":"category","embeddable":true,"href":"https:\/\/www.vorspeisenplatte.de\/speisen\/wp-json\/wp\/v2\/categories?post=954"},{"taxonomy":"post_tag","embeddable":true,"href":"https:\/\/www.vorspeisenplatte.de\/speisen\/wp-json\/wp\/v2\/tags?post=954"}],"curies":[{"name":"wp","href":"https:\/\/api.w.org\/{rel}","templated":true}]}}