{"id":95534,"date":"2024-02-27T06:21:37","date_gmt":"2024-02-27T05:21:37","guid":{"rendered":"https:\/\/www.vorspeisenplatte.de\/speisen\/?p=95534"},"modified":"2024-02-27T12:33:41","modified_gmt":"2024-02-27T11:33:41","slug":"journal-montag-26-februar-2024-hetzerei-nach-feierabend","status":"publish","type":"post","link":"https:\/\/www.vorspeisenplatte.de\/speisen\/2024\/02\/journal-montag-26-februar-2024-hetzerei-nach-feierabend.htm","title":{"rendered":"Journal Montag, 26. Februar 2024 &#8211; Hetzerei nach Feierabend"},"content":{"rendered":"<p>Dann halt wieder eine eher unruhige Nacht, war aber auch schon schlimmer. Doch ich bekam ein wundersch\u00f6nes Morgenpink.<\/p>\n<p><a href=\"https:\/\/www.vorspeisenplatte.de\/speisen\/archiv\/240226_01_StMatthaeus.jpg\"><img loading=\"lazy\" decoding=\"async\" class=\"alignnone size-full wp-image-95548\" src=\"https:\/\/www.vorspeisenplatte.de\/speisen\/archiv\/240226_01_StMatthaeus.jpg\" alt=\"\" width=\"337\" height=\"487\" \/><\/a><\/p>\n<p>Innige Verabschiedung Herrn Kaltmamsells in seinen ersten Arbeitstag an neuer Stelle. Ich wiederum marschierte in k\u00fchler, aber angenehmer Luft zu meiner bisherigen Arbeitsstelle.<\/p>\n<p><a href=\"https:\/\/www.vorspeisenplatte.de\/speisen\/archiv\/240226_02_Theresienwiese.jpg\"><img loading=\"lazy\" decoding=\"async\" class=\"alignnone size-full wp-image-95549\" src=\"https:\/\/www.vorspeisenplatte.de\/speisen\/archiv\/240226_02_Theresienwiese.jpg\" alt=\"\" width=\"396\" height=\"464\" \/><\/a><\/p>\n<p>Eine besonders arbeitsreiche Arbeitswoche lag vor mir, doch die meisten Jobs darin interessant und spannend. Entsprechend kurz getaktet verlief der Vormittag, dennoch ging ich auf einen Mittagscappuccino zu Nachbars &#8211; und hatte drau\u00dfen echte Fr\u00fchlingsger\u00fcche in der Nase!<\/p>\n<p>Mittagessen eingeweichtes Muesli mit Joghurt, Orangen.<\/p>\n<p>Ein freundlicher Tag, aber doch recht frisch, das &#8220;f\u00fcr die Jahreszeit zu mild&#8221; verursachte mal kein schlechtes Gewissen.<\/p>\n<p>Wegen dringender Dinge gegen Ende wurde der Feierabend sp\u00e4ter als geplant &#8211; besonders doof, da ich zu einem Termin musste: <a href=\"https:\/\/www.kartoffelkombinat.de\/blog\/\" target=\"_blank\" rel=\"noopener\">\u00dcber unser Kartoffelkombinat<\/a> hatte ich zus\u00e4tzliche landwirtschaftliche Produkte bestellt (Projekt &#8220;Fairzeugnisse&#8221;), diese Polenta, schwarze Bohnen, gr\u00fcne Linsen, Sonnenblumen\u00f6l musste ich an einem Verteilerpunkt nicht zu sp\u00e4t abholen. Ich hastete also direkt zur angegebenen Privatadresse in der Innenstadt, Milch- und Milchprodukteinkauf verschob ich auf danach.<\/p>\n<p>Doch als ich mit bereits gut gef\u00fclltem Rucksack am Basitsch in der M\u00fcllerstra\u00dfe ankam, stand ich vor verschlossenen T\u00fcren: Es gab hier keinen Basitsch mehr, der Laden wird gerade umgebaut und macht am 1. M\u00e4rz als Tegut wieder auf.<\/p>\n<p>Daheim traf ich auf einen ersch\u00f6pften und gleichzeitig aufgekratzten Herrn Kaltmamsell, der aber schon wieder auf dem Sprung zu einer Infoveranstaltung an der neuen Schule war.<\/p>\n<p>Ich f\u00fcllte eine Maschine W\u00e4sche, turnte eine Runde Yoga-Gymnastik, holte mir f\u00fcrs Abendessen eine weitere Dose aus den Vorr\u00e4ten, die wir vor zwei Jahren f\u00fcr den Fall angelegt hatten, dass wir beide gleichzeitig von Corona ans Haus gefesselt w\u00fcrden. Es gab Bohneneintopf (den legend\u00e4ren &#8220;Feuertopf&#8221;), allerdings w\u00fcrfelte ich eine Ernteanteil-Petersilienwurzel und kochte sie, mischte sie als Frischgem\u00fcse unter. Schmeckte, wie ich diesen Doseneintopf in Erinnerung hatte &#8211; allerdings vermisste ich die eingelegten Pepperoni, <i>guindillas<\/i>, die mein Vater in meiner Kindheit immer dazu a\u00df und die wirklich sehr gut passen. Nachtisch Schokolade.<\/p>\n<p>Noch w\u00e4hrend des ersten Tellers Eintopf kam Herr Kaltmamsell \u00fcberraschend fr\u00fch zur\u00fcck: Er sei auf der Infoveranstaltung derart offensichtlich \u00fcberfl\u00fcssig gewesen, dass er gleich wieder eine Tram zur\u00fcck genommen habe. (Was bei mir vor allem ankam: Die neue Schule liegt so nah, dass er innerhalb einer Stunde hin- und zur\u00fcckkommt. Das h\u00e4tte man bislang mal drei nehmen m\u00fcssen &#8211; <i>wenn<\/i> die S-Bahn funktionierte.)<\/p>\n<p>Oktoberfestflucht nach Mallorca Ende September gebucht. Jetzt muss ich noch auf die Best\u00e4tigung der organisierenden Agentur warten, dass meine Routen- und Tagesaufteilungsw\u00fcnsche klappen, dann wird losgefreut.<\/p>\n<p>\u00a7<\/p>\n<p>M\u00f6gen Sie Geschichten von Paaren, wie sie sich kennengelernt haben? Ich wurde auf einen instagram-Kanal hingewiesen, der sie sammelt:<br \/>\n<a href=\"https:\/\/www.instagram.com\/meetcutesnyc\/\" target=\"_blank\" rel=\"noopener\">Meet Cutes NYC.<\/a><\/p>\n<p>via <a href=\"https:\/\/mastodon.social\/@CucinaCasalinga\/111998024221322033\" target=\"_blank\" rel=\"noopener\">@CucinaCasalinga<\/a><\/p>\n<p>\u00a7<\/p>\n<p>Bleiben wir doch beim Gute-Laune-Thema Alter. Iris Radisch schrieb letztes Jahr ausf\u00fchrlich in der <i>Zeit<\/i><br \/>\n<a href=\"https:\/\/archive.is\/T0QQ2\" target=\"_blank\" rel=\"noopener\">&#8220;Und pl\u00f6tzlich bin ich alt&#8221;.<\/a><\/p>\n<p>Wobei ich \u00fcber den Untertitel stolperte:<\/p>\n<blockquote><p>Alle tr\u00e4umen von ewiger Jugend, weshalb es f\u00fcr Frauen nur wenige Vorbilder f\u00fcr ein Altern in W\u00fcrde gibt.<\/p><\/blockquote>\n<p>Stolperte zum einen wegen des vorausgesetzten Ideals des ersten Satzteils (nein), zum anderen wegen des implizierten Ideals des zweiten: &#8220;Altern in W\u00fcrde&#8221;. Es war mir nie klar, was das \u00fcberhaupt sein soll, und mittlerweile habe ich den b\u00f6sen Verdacht, dass damit schlicht Unsichtbarkeit gemeint ist: Eine &#8220;w\u00fcrdige&#8221; Alte f\u00e4llt nicht auf, steht nicht im Vordergrund, st\u00f6rt nicht. Zum Gl\u00fcck verl\u00e4uft der Artikel selbst dann ganz anders.<\/p>\n<blockquote><p>Die verstorbene Queen, das aktuell un\u00fcbertroffene Modell weiblicher Alterssouver\u00e4nit\u00e4t, erlangte ihren legend\u00e4ren Ruf demgegen\u00fcber durch das millimetergenaue Verweilen im weiblichen Sicherheitsbereich gut angezogener Wortkargheit.<\/p><\/blockquote>\n<p>Die durchgespielte &#8220;nervige alte Schreckschraube&#8221; hingegen liest sich eigentlich als Vorbild nicht schlecht. Doch von all den alten Frauen, die in Radischs Text auftauchen, w\u00e4re ich am liebsten Hannah Arendt. Schon mal h\u00e4tte ich gerne ihr Hirn und ihre Brillanz &#8211; aber ich schaue mir SO gerne <a href=\"https:\/\/youtu.be\/J9SyTEUi6Kw?si=X6ZrYKzs6qauuftb\" rel=\"noopener\" target=\"_blank\">das legend\u00e4re Gespr\u00e4ch mit G\u00fcnter Gaus an<\/a>: Wie laut und sicher sie spricht! Wie weit sie gestikuliert, wie viel Raum sie sich nimmt!<\/p>\n<p>Die eigentliche Errungenschaft w\u00e4re in meinen Augen, wenn Frauen auch im Alter vielf\u00e4ltig sein d\u00fcrften. Dick oder d\u00fcnn, bunt oder beige, laut oder leise, k\u00f6rperbetont oder vergeistigt, durchgestrafft oder gef\u00e4ltelt &#8211; wenn sie sich dabei vor allem nicht dreinreden lassen w\u00fcrden, was f\u00fcr sie &#8220;w\u00fcrdig&#8221; oder angemessen ist. Und dass diese Vielfalt auch in den Medien abgebildet und ernst genommen w\u00fcrde. <img loading=\"lazy\" decoding=\"async\" src=\"https:\/\/vg08.met.vgwort.de\/na\/539ccb2e8dd144bb8ea4bc4c58687d98\" width=\"1\" height=\"1\" alt=\"\"\/><\/p>\n","protected":false},"excerpt":{"rendered":"<p>Dann halt wieder eine eher unruhige Nacht, war aber auch schon schlimmer. Doch ich bekam ein wundersch\u00f6nes Morgenpink. Innige Verabschiedung Herrn Kaltmamsells in seinen ersten Arbeitstag an neuer Stelle. Ich wiederum marschierte in k\u00fchler, aber angenehmer Luft zu meiner bisherigen Arbeitsstelle. Eine besonders arbeitsreiche Arbeitswoche lag vor mir, doch die meisten Jobs darin interessant und [&hellip;]<\/p>\n","protected":false},"author":2,"featured_media":0,"comment_status":"open","ping_status":"closed","sticky":false,"template":"","format":"standard","meta":{"footnotes":""},"categories":[2,1],"tags":[],"class_list":["post-95534","post","type-post","status-publish","format-standard","hentry","category-fotos","category-general"],"_links":{"self":[{"href":"https:\/\/www.vorspeisenplatte.de\/speisen\/wp-json\/wp\/v2\/posts\/95534","targetHints":{"allow":["GET"]}}],"collection":[{"href":"https:\/\/www.vorspeisenplatte.de\/speisen\/wp-json\/wp\/v2\/posts"}],"about":[{"href":"https:\/\/www.vorspeisenplatte.de\/speisen\/wp-json\/wp\/v2\/types\/post"}],"author":[{"embeddable":true,"href":"https:\/\/www.vorspeisenplatte.de\/speisen\/wp-json\/wp\/v2\/users\/2"}],"replies":[{"embeddable":true,"href":"https:\/\/www.vorspeisenplatte.de\/speisen\/wp-json\/wp\/v2\/comments?post=95534"}],"version-history":[{"count":3,"href":"https:\/\/www.vorspeisenplatte.de\/speisen\/wp-json\/wp\/v2\/posts\/95534\/revisions"}],"predecessor-version":[{"id":95572,"href":"https:\/\/www.vorspeisenplatte.de\/speisen\/wp-json\/wp\/v2\/posts\/95534\/revisions\/95572"}],"wp:attachment":[{"href":"https:\/\/www.vorspeisenplatte.de\/speisen\/wp-json\/wp\/v2\/media?parent=95534"}],"wp:term":[{"taxonomy":"category","embeddable":true,"href":"https:\/\/www.vorspeisenplatte.de\/speisen\/wp-json\/wp\/v2\/categories?post=95534"},{"taxonomy":"post_tag","embeddable":true,"href":"https:\/\/www.vorspeisenplatte.de\/speisen\/wp-json\/wp\/v2\/tags?post=95534"}],"curies":[{"name":"wp","href":"https:\/\/api.w.org\/{rel}","templated":true}]}}