{"id":956,"date":"2005-07-26T21:49:16","date_gmt":"2005-07-26T19:49:16","guid":{"rendered":"https:\/\/www.vorspeisenplatte.de\/speisen\/?p=956"},"modified":"2009-10-27T16:05:53","modified_gmt":"2009-10-27T14:05:53","slug":"nachtrag-zur-hehren-kunst","status":"publish","type":"post","link":"https:\/\/www.vorspeisenplatte.de\/speisen\/2005\/07\/nachtrag-zur-hehren-kunst.htm","title":{"rendered":"Nachtrag zur hehren Kunst"},"content":{"rendered":"<p><img src='https:\/\/www.vorspeisenplatte.de\/speisen\/archiv\/Querfloete.jpg' alt='' \/><\/p>\n<p>Und dann fiel mir ein, dass es da noch dieses Foto geben m\u00fcsste. Die mit der Querfl\u00f6te ist die 17-j\u00e4hrige Kaltmamsell 1985 beim Schulkonzert (in einem Kleid, dass mir meine Mutter nach einem Kleid aus der Fernsehwerbung f\u00fcr das Parfum White Linen gen\u00e4ht hatte). Es ert\u00f6nte ein Harfen-Fl\u00f6ten-Duett, ganz links und ganz rechts sitzen zwei Mitsch\u00fcler zum Umbl\u00e4ttern.<\/p>\n","protected":false},"excerpt":{"rendered":"<p>Und dann fiel mir ein, dass es da noch dieses Foto geben m\u00fcsste. Die mit der Querfl\u00f6te ist die 17-j\u00e4hrige Kaltmamsell 1985 beim Schulkonzert (in einem Kleid, dass mir meine Mutter nach einem Kleid aus der Fernsehwerbung f\u00fcr das Parfum White Linen gen\u00e4ht hatte). Es ert\u00f6nte ein Harfen-Fl\u00f6ten-Duett, ganz links und ganz rechts sitzen zwei [&hellip;]<\/p>\n","protected":false},"author":2,"featured_media":0,"comment_status":"open","ping_status":"closed","sticky":false,"template":"","format":"standard","meta":{"footnotes":""},"categories":[2,1],"tags":[],"class_list":["post-956","post","type-post","status-publish","format-standard","hentry","category-fotos","category-general"],"_links":{"self":[{"href":"https:\/\/www.vorspeisenplatte.de\/speisen\/wp-json\/wp\/v2\/posts\/956","targetHints":{"allow":["GET"]}}],"collection":[{"href":"https:\/\/www.vorspeisenplatte.de\/speisen\/wp-json\/wp\/v2\/posts"}],"about":[{"href":"https:\/\/www.vorspeisenplatte.de\/speisen\/wp-json\/wp\/v2\/types\/post"}],"author":[{"embeddable":true,"href":"https:\/\/www.vorspeisenplatte.de\/speisen\/wp-json\/wp\/v2\/users\/2"}],"replies":[{"embeddable":true,"href":"https:\/\/www.vorspeisenplatte.de\/speisen\/wp-json\/wp\/v2\/comments?post=956"}],"version-history":[{"count":0,"href":"https:\/\/www.vorspeisenplatte.de\/speisen\/wp-json\/wp\/v2\/posts\/956\/revisions"}],"wp:attachment":[{"href":"https:\/\/www.vorspeisenplatte.de\/speisen\/wp-json\/wp\/v2\/media?parent=956"}],"wp:term":[{"taxonomy":"category","embeddable":true,"href":"https:\/\/www.vorspeisenplatte.de\/speisen\/wp-json\/wp\/v2\/categories?post=956"},{"taxonomy":"post_tag","embeddable":true,"href":"https:\/\/www.vorspeisenplatte.de\/speisen\/wp-json\/wp\/v2\/tags?post=956"}],"curies":[{"name":"wp","href":"https:\/\/api.w.org\/{rel}","templated":true}]}}