{"id":96268,"date":"2024-03-24T08:40:54","date_gmt":"2024-03-24T07:40:54","guid":{"rendered":"https:\/\/www.vorspeisenplatte.de\/speisen\/?p=96268"},"modified":"2025-06-08T08:43:05","modified_gmt":"2025-06-08T06:43:05","slug":"journal-samstag-23-maerz-2024-abgesoffene-wanderung-durch-die-maisinger-schlucht","status":"publish","type":"post","link":"https:\/\/www.vorspeisenplatte.de\/speisen\/2024\/03\/journal-samstag-23-maerz-2024-abgesoffene-wanderung-durch-die-maisinger-schlucht.htm","title":{"rendered":"Journal Samstag, 23. M\u00e4rz 2024 &#8211; Abgesoffene Wanderung durch die Maisinger Schlucht"},"content":{"rendered":"<p>Gut und lang geschlafen, ich zog den Rollladen zu einem sonnigen Morgen hoch.<\/p>\n<p>Doch wie angek\u00fcndigt bedeckte sich der Himmel bald. Ich merkte, dass meine Wanderlust auch eine Wanderung in Regen und Sturm einschloss, au\u00dferdem war f\u00fcr die Nacht zum Sonntag eine R\u00fcckkehr des Winters vorhergesagt, Regen erschien mir immer noch besser als Schnee und Graupel, also los nach Starnberg und durch die Maisinger Schlucht.<\/p>\n<p>Ich nehme vorweg: Da hatte ich mich insgesamt versch\u00e4tzt. Es regnete energisch. Die superduper Wanderjacke sch\u00fctzte zwar vor nassem Oberk\u00f6rper und Kopf, doch die Wanderhose ist im Gegensatz zur Jacke nicht dazu gedacht, Regen abzuhalten: Sie zeichnet sich lediglich dadurch aus, dass sie besonders schnell trocknet. Wof\u00fcr es aber wenigstens hin und wieder eine Regenpause braucht. Bl\u00f6derweise regnete es durch, und das heftig. Nach einer Stunde, ich war gerade am Ende der Maisinger Schlucht, hatte ich nasse Socken, gegen Wasser aus nasser Hose helfen auch keine ziemlich dichten Lederwanderstiefel. Und nach anderthalb Stunden sp\u00fcrte ich, wie sich meine Unterhose aus der Wanderhose nass sog, jetzt wollte ich wirklich einfach nur heim.<\/p>\n<p>Angefangen hatte das Ganze mit Durcheinander im S-Bahn-Verkehr: Notarzteinsatz auf der Stammstrecke (es ist unwahrscheinlich, dass ich die Inbetriebnahme der zweiten Stammstrecke noch erlebe, die solche Durcheinander reduziert).<\/p>\n<p><a href=\"https:\/\/www.vorspeisenplatte.de\/speisen\/archiv\/240323_03_Starnberg.jpg\"><img loading=\"lazy\" decoding=\"async\" class=\"alignnone size-full \" src=\"https:\/\/www.vorspeisenplatte.de\/speisen\/archiv\/240323_03_Starnberg.jpg\" alt=\"\" width=\"529\" height=\"378\" \/><\/a><\/p>\n<p>Ankunft in Starnberg. Aussicht war aus.<\/p>\n<p><a href=\"https:\/\/www.vorspeisenplatte.de\/speisen\/archiv\/240323_07_Starnberg.jpg\"><img loading=\"lazy\" decoding=\"async\" class=\"alignnone size-full \" src=\"https:\/\/www.vorspeisenplatte.de\/speisen\/archiv\/240323_07_Starnberg.jpg\" alt=\"\" width=\"564\" height=\"423\" \/><\/a><\/p>\n<p><a href=\"https:\/\/www.vorspeisenplatte.de\/speisen\/archiv\/240323_09_Starnberg.jpg\"><img loading=\"lazy\" decoding=\"async\" class=\"alignnone size-full wp-image-96288\" src=\"https:\/\/www.vorspeisenplatte.de\/speisen\/archiv\/240323_09_Starnberg.jpg\" alt=\"\" width=\"409\" height=\"483\" \/><\/a><\/p>\n<p><a href=\"https:\/\/www.vorspeisenplatte.de\/speisen\/archiv\/240323_10_MaisingerSchlucht.jpg\"><img loading=\"lazy\" decoding=\"async\" class=\"alignnone size-full wp-image-96289\" src=\"https:\/\/www.vorspeisenplatte.de\/speisen\/archiv\/240323_10_MaisingerSchlucht.jpg\" alt=\"\" width=\"371\" height=\"510\" \/><\/a><\/p>\n<p><a href=\"https:\/\/www.vorspeisenplatte.de\/speisen\/archiv\/240323_11_MaisingerSchlucht.jpg\"><img loading=\"lazy\" decoding=\"async\" class=\"alignnone size-full wp-image-96290\" src=\"https:\/\/www.vorspeisenplatte.de\/speisen\/archiv\/240323_11_MaisingerSchlucht.jpg\" alt=\"\" width=\"363\" height=\"484\" \/><\/a><\/p>\n<p>Nachdem mein Weg sich mit dem zweier anderer Wanderer mehrfach gekreuzt hatte (es waren f\u00fcr das Sauwetter \u00fcberhaupt erstaunlich viele Wandernde unterwegs, ich begegnete f\u00fcnf weiteren), sprachen sie mich an: Ob ich auch nach Andechs ginge? So erfuhr ich, dass es eine Wanderung Starnberg-Andechs gibt. Wir waren uns einig, dass eine halbe Stunde ohne Regen unserer Kleidung gut t\u00e4te.<\/p>\n<p><a href=\"https:\/\/www.vorspeisenplatte.de\/speisen\/archiv\/240323_13_MaisingerSchlucht.jpg\"><img loading=\"lazy\" decoding=\"async\" class=\"alignnone size-full wp-image-96291\" src=\"https:\/\/www.vorspeisenplatte.de\/speisen\/archiv\/240323_13_MaisingerSchlucht.jpg\" alt=\"\" width=\"393\" height=\"524\" \/><\/a><\/p>\n<p><a href=\"https:\/\/www.vorspeisenplatte.de\/speisen\/archiv\/240323_14_MaisingerSee.jpg\"><img loading=\"lazy\" decoding=\"async\" class=\"alignnone size-full \" src=\"https:\/\/www.vorspeisenplatte.de\/speisen\/archiv\/240323_14_MaisingerSee.jpg\" alt=\"\" width=\"524\" height=\"393\" \/><\/a><\/p>\n<p>Da das Vergn\u00fcgen der Drau\u00dfenbewegung im Regenstr\u00f6men weniger lang anhielt als vorhergesehen, plante ich um auf R\u00fcckfahrt bereits vom S-Bahnhof Possenhofen und strich den R\u00fcckweg nach Starnberg \u00fcber Prinzenweg. Am Bahnhof informierte mich die Anzeige, dass die n\u00e4chste S-Bahn erst in einer halben Stunde kommen w\u00fcrde, also dreht ich eine Runde durch P\u00f6cking, um nicht zu frieren. Als ich zur\u00fcck zum Bahnhof kam, war diese S-Bahn gestrichen. Nun verlegte ich mich auf die n\u00e4chste S-Bahn in die Gegenrichtung nach Tutzing, von dort w\u00fcrde es neben S-Bahnen auch Regionalz\u00fcge nach M\u00fcnchen geben.<\/p>\n<p><a href=\"https:\/\/www.vorspeisenplatte.de\/speisen\/archiv\/240323_16_SBahnSelfie.jpg\"><img loading=\"lazy\" decoding=\"async\" class=\"alignnone size-full wp-image-96293\" src=\"https:\/\/www.vorspeisenplatte.de\/speisen\/archiv\/240323_16_SBahnSelfie.jpg\" alt=\"\" width=\"255\" height=\"340\" \/><\/a><\/p>\n<p>Es war schlie\u00dflich dieselbe S-Bahn, die mich zum Stachus brachte: Weder Fahrpl\u00e4ne noch Angaben in der MVV-App stimmten, das war die n\u00e4chste Verbindung. Obwohl der Wagen geheizt war, f\u00fchlte ich mich durch und durch kalt, die mitgenommene Zeitung war nass und unlesbar, meine klammen Finger konnten eh nicht bl\u00e4ttern.<\/p>\n<p><a href=\"https:\/\/www.vorspeisenplatte.de\/speisen\/archiv\/240323_19_Pasing.jpg\"><img loading=\"lazy\" decoding=\"async\" class=\"alignnone size-full wp-image-96294\" src=\"https:\/\/www.vorspeisenplatte.de\/speisen\/archiv\/240323_19_Pasing.jpg\" alt=\"\" width=\"305\" height=\"440\" \/><\/a><\/p>\n<p><a href=\"https:\/\/www.vorspeisenplatte.de\/speisen\/archiv\/240323_21_Hackerbr.jpg\"><img loading=\"lazy\" decoding=\"async\" class=\"alignnone size-full wp-image-96295\" src=\"https:\/\/www.vorspeisenplatte.de\/speisen\/archiv\/240323_21_Hackerbr.jpg\" alt=\"\" width=\"395\" height=\"431\" \/><\/a><\/p>\n<p>In M\u00fcnchen hatte es aufgeh\u00f6rt zu regnen, ich ging schnell nach Hause und lie\u00df mir ein Bad ein: Ah, das hei\u00dfe Wasser brachte Gef\u00fchl in F\u00fc\u00dfe und H\u00e4nde zur\u00fcck. Die armen nassen Wanderstiefel stopfte ich mit (trockenem) Zeitungspapier aus, genau daf\u00fcr (und f\u00fcr Umz\u00fcge) hat man ein Print-Abo. Fr\u00fchst\u00fcck um halb drei war dann die eigentlich als Wanderbrotzeit besorgte Nussschnecke, davor ein Apfel. Kurz darauf prasselte es schon wieder gegen die Fenster.<\/p>\n<p>B\u00fcgeln unter erschwerten Bedingungen: Eigentlich ist die Haltung am B\u00fcgelbrett genau die, in der mein Kreuz derzeit br\u00fcllend schmerzt. Ich versuchte also mal B\u00fcgeln im Sitzen, gibt genug Menschen, die das immer so tun. Oah, nee, komplexere St\u00fccke wie Blusen kriege ich so nicht in den Griff. Ich wechselte also mehrfach zwischen Stehen und Sitzen. Dabei h\u00f6rte ich ein BBC-St\u00fcck von 2018, zum 40. Jahrestag des H\u00f6rspielstarts von <i>Hitchhiker&#8217;s Guide Through the Galaxy<\/i>:<br \/>\n<a href=\"https:\/\/www.bbc.co.uk\/sounds\/play\/b09tbl2s\" target=\"_blank\" rel=\"noopener\">&#8220;Don&#8217;t Panic! It&#8217;s The Douglas Adams Papers&#8221;.<\/a><br \/>\nAm meisten lernte ich daraus \u00fcber die damalige BBC (z.B. taucht genau eine Frauenstimme in der Doku auf).<\/p>\n<p>Erdnusskeksteig gekneten f\u00fcr ein Treffen in der Arbeit, Yoga-Gymnastik mit nur Dehnen. Zum Abendessen gab es nach ein paar libanesischen N\u00fcsschen Rahmspinat mit Kartoffeln &#8211; irgendwas fehlte, es schmeckte sehr beilagig. Aber ich wurde angenehm satt. Dann noch Schokolade.<\/p>\n<p>\u00a7<\/p>\n<p>Hatte ich verpasst: <a href=\"https:\/\/substack.com\/@andreadiener\" target=\"_blank\" rel=\"noopener\">Andrea Diener bloggt wieder!<\/a> Das darf sie &#8220;Newsletter&#8221; nennen, so lang sie m\u00f6chte.<\/p>\n<p>In <a href=\"https:\/\/streetletter.substack.com\/p\/streetletter-8\" target=\"_blank\" rel=\"noopener\">&#8220;Aufblasflamingos und andere Obsessionen&#8221;<\/a> schreibt Andrea:<\/p>\n<blockquote><p>Auf Urlaubsfotos, die ich mag, m\u00fcssen Menschen abgebildet sein, nicht nur Sehensw\u00fcrdigkeiten. Und zwar alle Menschen. Solche, die man kennt, wegen der pers\u00f6nlichen Erinnerungsfunktion. Aber auch solche, die nur zuf\u00e4llig im Bild sind.<\/p><\/blockquote>\n<p>Nicht nur bei Urlaubsfotos. Ich m\u00f6chte mich sehr <i>nicht<\/i> in eine Reihe mit Fotografinnen des Kalibers von Andrea Diener stellen, ich knipse wirklich einfach nur herum, doch wenn m\u00f6glich warte ich mittlerweile immer darauf, dass mir jemand ins Bild l\u00e4uft, f\u00e4hrt, radelt &#8211; weil Menschen und Ger\u00e4te das Foto zeitlich verankern. Auch das ein Beitrag zu <a href=\"https:\/\/techniktagebuch.tumblr.com\/\" target=\"_blank\" rel=\"noopener\">&#8220;Ja, jetzt ist das langweilig. Aber in zwanzig Jahren!&#8221;<\/a><\/p>\n<p>An den beschriebenen &#8220;trigger&#8221; kommen bei mir fotografierende Menschen heran, die halte ich besonders gern fotografisch fest &#8211; mit dem Problem, dass ich mich eigentlich nicht traue, fremde Menschen ohne ihre Einwilligung zu fotografieren. Wenn ich mich das traue, traue ich mich wiederum nicht, das Foto zu ver\u00f6ffentlichen &#8211; zumindest ist der Augenblick festgehalten.<\/p>\n<p>\u00a7<\/p>\n<p>Die \u00dcbertragung von Literatur ins Medium Film ist immer spannend. Hier l\u00e4sst sich Fatih Akin zu seiner Verfilmung von <i>Tschick<\/i> ausfragen &#8211; ich habe eine Menge gelernt.<\/p>\n<div class=\"video-wrapped\" style=\"width: 500px; height: 281px; background-image: url('https:\/\/www.vorspeisenplatte.de\/speisen\/wp-content\/plugins\/video-embed-privacy\/preview\/eSm1FqDyUX0.jpg')\" data-embed-frame=\"&lt;iframe title=&quot;Fatih Akins Tschick. Wie funktioniert Tschick als Film?&quot; width=&quot;500&quot; height=&quot;281&quot; src=&quot;https:\/\/www.youtube.com\/embed\/eSm1FqDyUX0?feature=oembed&quot; frameborder=&quot;0&quot; allow=&quot;accelerometer; autoplay; clipboard-write; encrypted-media; gyroscope; picture-in-picture; web-share&quot; referrerpolicy=&quot;strict-origin-when-cross-origin&quot; allowfullscreen&gt;&lt;\/iframe&gt;\" data-embed-play=\"Abspielen&lt;div class=&quot;small&quot;&gt;Das Video wird von Youtube eingebettet abespielt. Es gilt die &lt;a href=&quot;https:\/\/www.google.com\/intl\/de\/policies\/privacy\/&quot; target=&quot;_blank&quot;&gt;Datenschutzerkl\u00e4rung von Google&lt;\/a&gt;&lt;\/div&gt;\">\n<div class=\"video-wrapped-nojs\">Aktivieren Sie JavaScript um das Video zu sehen.<br \/><a href=\"https:\/\/youtu.be\/eSm1FqDyUX0?si=UMrbtwxmmqWMwS9c\">https:\/\/youtu.be\/eSm1FqDyUX0?si=UMrbtwxmmqWMwS9c<\/a><\/div>\n<\/div>\n<p>Nebeninformation: Es gibt <a href=\"http:\/\/www.tschickucation.de\" target=\"_blank\" rel=\"noopener\">eine Website Tschickucation<\/a>, eine Initiative der Familie Herrndorf, mit Schulmaterial zum Thema:<\/p>\n<blockquote><p>Du liest \u201eTschick\u201c im Deutschunterricht? Dann kann dir diese Seite helfen, den Roman besser zu verstehen.<\/p><\/blockquote>\n<p>\u00a7<\/p>\n<p>Abschlie\u00dfend eine Durchsage der Sprach-Hausmeisterin (ich glaube, die kommt jetzt \u00f6fter vorbei und der ist deskriptive Linguistik total wurscht):<br \/>\nEs hei\u00dft &#8220;Mundpropaganda&#8221;.<br \/>\nIn den vergangenenen Monaten begegnet mir immer wieder &#8220;Mund-zu-Mund-Propaganda&#8221; &#8211; was soll das bitte sein? Tr\u00f6pfcheninfektion?<br \/>\nNein, der Duden kennt auch nur &#8220;Mundpropaganda&#8221;.<br \/>\n<i>(Sie d\u00fcrfen mich hier \u00fcbrigens jederzeit auch hausmeistern. Vielleicht k\u00f6nnen wir sogar streiten! Mit solchen Nebensachen k\u00f6nnten wir Streiten \u00fcben.)<\/i> <img loading=\"lazy\" decoding=\"async\" src=\"https:\/\/vg08.met.vgwort.de\/na\/44dad86baab946e4b9103c5f2b87af41\" alt=\"\" width=\"1\" height=\"1\" \/><\/p>\n","protected":false},"excerpt":{"rendered":"<p>Gut und lang geschlafen, ich zog den Rollladen zu einem sonnigen Morgen hoch. Doch wie angek\u00fcndigt bedeckte sich der Himmel bald. Ich merkte, dass meine Wanderlust auch eine Wanderung in Regen und Sturm einschloss, au\u00dferdem war f\u00fcr die Nacht zum Sonntag eine R\u00fcckkehr des Winters vorhergesagt, Regen erschien mir immer noch besser als Schnee und [&hellip;]<\/p>\n","protected":false},"author":2,"featured_media":0,"comment_status":"open","ping_status":"closed","sticky":false,"template":"","format":"standard","meta":{"footnotes":""},"categories":[2,1,15],"tags":[],"class_list":["post-96268","post","type-post","status-publish","format-standard","hentry","category-fotos","category-general","category-wandern"],"_links":{"self":[{"href":"https:\/\/www.vorspeisenplatte.de\/speisen\/wp-json\/wp\/v2\/posts\/96268","targetHints":{"allow":["GET"]}}],"collection":[{"href":"https:\/\/www.vorspeisenplatte.de\/speisen\/wp-json\/wp\/v2\/posts"}],"about":[{"href":"https:\/\/www.vorspeisenplatte.de\/speisen\/wp-json\/wp\/v2\/types\/post"}],"author":[{"embeddable":true,"href":"https:\/\/www.vorspeisenplatte.de\/speisen\/wp-json\/wp\/v2\/users\/2"}],"replies":[{"embeddable":true,"href":"https:\/\/www.vorspeisenplatte.de\/speisen\/wp-json\/wp\/v2\/comments?post=96268"}],"version-history":[{"count":3,"href":"https:\/\/www.vorspeisenplatte.de\/speisen\/wp-json\/wp\/v2\/posts\/96268\/revisions"}],"predecessor-version":[{"id":96310,"href":"https:\/\/www.vorspeisenplatte.de\/speisen\/wp-json\/wp\/v2\/posts\/96268\/revisions\/96310"}],"wp:attachment":[{"href":"https:\/\/www.vorspeisenplatte.de\/speisen\/wp-json\/wp\/v2\/media?parent=96268"}],"wp:term":[{"taxonomy":"category","embeddable":true,"href":"https:\/\/www.vorspeisenplatte.de\/speisen\/wp-json\/wp\/v2\/categories?post=96268"},{"taxonomy":"post_tag","embeddable":true,"href":"https:\/\/www.vorspeisenplatte.de\/speisen\/wp-json\/wp\/v2\/tags?post=96268"}],"curies":[{"name":"wp","href":"https:\/\/api.w.org\/{rel}","templated":true}]}}