{"id":96774,"date":"2024-04-11T06:24:28","date_gmt":"2024-04-11T04:24:28","guid":{"rendered":"https:\/\/www.vorspeisenplatte.de\/speisen\/?p=96774"},"modified":"2024-04-11T09:28:09","modified_gmt":"2024-04-11T07:28:09","slug":"journal-mittwoch-10-april-2024-robert-menasse-die-vertreibung-aus-der-hoelle","status":"publish","type":"post","link":"https:\/\/www.vorspeisenplatte.de\/speisen\/2024\/04\/journal-mittwoch-10-april-2024-robert-menasse-die-vertreibung-aus-der-hoelle.htm","title":{"rendered":"Journal Mittwoch, 10. April 2024 &#8211; Robert Menasse, <i>Die Vertreibung aus der H\u00f6lle<\/i>"},"content":{"rendered":"<p>Eine gute Nacht, wunderbar. Allerdings begleitet beim Einschlafen und n\u00e4chtlichem Klogang von wiederholtem Motoraufheulen eines (mehrerer?) Autos vorm Schlafzimmer. Ein neues Signal der Drogendealer vom Park? (Und auch etwas, was mit Verbrennungsmotor-Pkw aussterben wird, h\u00e4h\u00e4h\u00e4).<\/p>\n<p>Ein kalter Morgen, ein kalter Tag, ich marschierte in dicker Jacke in die Arbeit, vermisste eine M\u00fctze und ging noch schneller als eh, damit mir warm wurde. Ich begegnete glitzernd aufgebrezelten Menschen &#8211; erster Hinweis auf den gestrigen Start des Zuckerfests.<\/p>\n<p>Zackiges Wegarbeiten am Morgen, denn um 9 Uhr startete eine Info-Veranstaltung online, die mich sehr interessierte. In einer Pause ging ich schnell auf einen Cappuccino bei Nachbars.<\/p>\n<p><a href=\"https:\/\/www.vorspeisenplatte.de\/speisen\/archiv\/240410_01_ADAC.jpg\"><img loading=\"lazy\" decoding=\"async\" src=\"https:\/\/www.vorspeisenplatte.de\/speisen\/archiv\/240410_01_ADAC.jpg\" alt=\"\" width=\"309\" height=\"444\" class=\"alignnone size-full wp-image-96844\" \/><\/a><\/p>\n<p>Dort wahrte eine neue Barista auch bei langer Schlange ihre Berufsehre.<\/p>\n<p>Mehr interessante Info aus der Veranstaltung, nebenher die eine oder andere Anfrage aufgefangen. Zu Mittag gab es Apfel, Orangen, dann noch eine Mango (endlich mal wieder eine richtig gute) mit Sojajoghurt.<\/p>\n<p>Am Nachmittag Veranstaltungsabschluss, dann berufliches Hantieren mit Heikelkeiten (meine Nerven &#8211; doch die sollten sich besser mal daran gew\u00f6hnen, das wird ab 1. Mai Tagesgesch\u00e4ft). Doch unterm Strich, also bei Feierabend (am Ende des Tages, thihi) f\u00fchlte sich der Tag produktiv an.<\/p>\n<p>Heimweg \u00fcber Lebensmitteleink\u00e4ufe f\u00fcr die n\u00e4chsten Tage beim Vollcorner und unter dunkel drohendem Himmel &#8211; doch ich kam trocken nach Hause.<\/p>\n<p>Dort H\u00e4uslichkeiten und Yoga-Gymnastik. Zum Nachtmahl erf\u00fcllte Herr Kaltmamsell mir wieder einen Wunsch: Ich hatte im Magazin <i>brandeins<\/i> von dem <a href=\"https:\/\/www.brandeins.de\/magazine\/brand-eins-wirtschaftsmagazin\/2024\/naehe\/wieviel-naehe-ist-gesund\" rel=\"noopener\" target=\"_blank\">rum\u00e4nischen Polenta-Gericht M\u0103m\u0103lig\u0103<\/a> gelesen, und wir hatten ja bayerische Polenta <a href=\"https:\/\/biohof-lex.de\/\" rel=\"noopener\" target=\"_blank\">vom Biohof Lex<\/a> im Schrank. Dazu stellte ich mir gebratenen Chicoree vor.<\/p>\n<p><a href=\"https:\/\/www.vorspeisenplatte.de\/speisen\/archiv\/240410_02_Nachtmahl.jpg\"><img loading=\"lazy\" decoding=\"async\" src=\"https:\/\/www.vorspeisenplatte.de\/speisen\/archiv\/240410_02_Nachtmahl.jpg\" alt=\"\" width=\"403\" height=\"332\" class=\"alignnone size-full wp-image-96845\" \/><\/a><\/p>\n<p>Wurde noch besser als erwartet: Die grobe Polenta schmeckte mehr nach Mais als die gewohnte feine und biss sich interessant, der gebratene Chicoree passte hervorragend zum Wermuth, mit dem er abgel\u00f6scht worden war und zum schwarzen Sesam.<\/p>\n<p>Fr\u00fch ins Bett zum Lesen, Reinhard Kaiser-M\u00fchleckers <i>Wilderer<\/i> nahm mich mit aufs \u00f6sterreichische Dorf und in den unromantischen Alltag zeitgen\u00f6ssischer Landwirtschaft.<\/p>\n<p>\u00a7<\/p>\n<p><a href=\"https:\/\/www.vorspeisenplatte.de\/speisen\/archiv\/buch_Menassevertreibung.jpg\"><img loading=\"lazy\" decoding=\"async\" src=\"https:\/\/www.vorspeisenplatte.de\/speisen\/archiv\/buch_Menassevertreibung.jpg\" alt=\"\" width=\"150\" height=\"239\" class=\"alignnone size-full wp-image-96489\" \/><\/a><\/p>\n<p>Robert Menasse, <i>Die Vertreibung aus der H\u00f6lle<\/i><\/p>\n<p>Ich las das Buch angeregt und gern, tue mich dennoch schwer, dazu etwas zu schreiben.<\/p>\n<p>Der Roman verl\u00e4uft auf drei Erz\u00e4hlebenen:<br \/>\nDie erste spielt Ende der 1990er, als Viktor auf einem Klassentreffen (25 Jahre nach dem Abitur) statt etwas \u00fcber seinen eigenen Werdegang zu erz\u00e4hlen, die Namen einiger der fr\u00fcheren Lehrer nennt und ihre NSDAP-Mitgliedsnummer. Umgehender Eklat, emp\u00f6rte Abg\u00e4nge, nur er und eine Klassenkameradin bleiben zur\u00fcck. Sie unterhalten sich, erinnern sich an ihre Schul- und revolution\u00e4re Uni-Zeit.<\/p>\n<p>Der zweite, damit verwobene Strang erz\u00e4hlt von Viktors Kindheit, Schulzeit und Jugend als Scheidungskind in den fr\u00fchen 1960ern und Enkel von j\u00fcdischen Holocaust-\u00dcberlebenden in Wien.<\/p>\n<p>Und dann die weite, in gro\u00dfen Kapiteln eingeschobene dritte Ebene: Die historische Geschichte des Rabbiners Samuel Manasseh ben Israel, geboren 1604 in Lissabon, aufgewachsen als vermeintlicher Christ, dessen Eltern von der Inquisition gefangen und gefoltert wurden, mit denen und seiner Schwester er nach Amsterdam floh.<\/p>\n<p>Alle drei Handlungen werden personal und sehr nah am jeweiligen Protagonisten erz\u00e4hlt, vielschichtig und mit vielen Details in pr\u00e4zise-poetischer Sprache geschildert, nachvollziehbar und erlebbar gemacht.<\/p>\n<p>Das las ich gefesselt, und doch. Sehr wahrscheinlich habe ich derzeit ein Problem mit Fiktionalisierung von geschichtlichen Epochen, je l\u00e4nger her, desto mehr (vielleicht eine Nebenentwicklung meiner Abneigung gegen <i>based on a true story<\/i>). St\u00e4ndig stehen mir historisch fragw\u00fcrdige Spielszenen aus popul\u00e4ren Fernseh-Geschichtsdokus vor Augen. Aber das kann ich ja wirklich nicht dem Roman vorwerfen.<\/p>\n<p>Denn: Ganz hervorragend erz\u00e4hlt fand ich das Gro\u00dfwerden von Viktor, der weder aus seinen Gro\u00dfeltern herausbekam, wie sie die Verfolgung im Dritten Reich \u00fcberlebten, noch aus seinem Vater, deren Sohn, Details seines Kindertransports nach England. Sie schoben diese Schrecklichkeiten weit von sich, wollten nicht dar\u00fcber sprechen. Erst am Schluss des Romans, bei seinen Gro\u00dfeltern erst nach deren Tod, erf\u00e4hrt er durch Begr\u00e4bnisw\u00fcnsche Details dieser Vergangenheit.<\/p>\n<p>\u00c4hnlich das unermessliche Leid, das die Inquisition unter den verbliebenen Juden auf der iberischen Halbinsel im 17. Jahrhundert anrichtete (und das zu diesem wunderbaren Romantitel f\u00fchrte). In relativer Sicherheit nach der Flucht taten sie den Teufel, die erlittenen Grausamkeiten zu reflektieren, sondern konzentrierten sich einzig auf ihr Fortkommen und die Zukunft.<\/p>\n<p>\u00a7<\/p>\n<p>Manche Menschen freut es, ihre Ausdrucksweise zu verbessern. Wenn Sie dazu geh\u00f6ren, vielleicht regelm\u00e4\u00dfig beruflich sprechen, m\u00f6gen Sie dies hier lesen:<br \/>\n<a href=\"https:\/\/www.elbetext.blog\/?p=1156\" rel=\"noopener\" target=\"_blank\">&#8220;Beeindruckungsrhetorik&#8221;.<\/a><\/p>\n<p>Oder die aufgeschwurbelte Version (ich lerne ja von den besten): Manche Menschen holen sich positive Erlebnisse, wenn sie auf bessere Formulierungen hinarbeiten k\u00f6nnen. Sollten Sie sich mit dieser Gruppe identifizieren, in gewisser Regelm\u00e4\u00dfigkeit auch in beruflicher Umgebung als Sprecher oder Sprecherin auftreten, wollen Sie sich hier vielleicht Tipps f\u00fcr Verbesserungsm\u00f6glichkeiten holen.<\/p>\n<p>\u00a7<\/p>\n<p><a href=\"https:\/\/www.instagram.com\/p\/C5jXSd1yGha\/\" rel=\"noopener\" target=\"_blank\">Celeste Barber demonstriert<\/a> den Unterschied zwischen Menschen, die an &#8220;Beauty Routine&#8221; glauben und die Kosmetikindustrie (Arbeitspl\u00e4tze!) am Leben halten (nicht ich) und Menschen ohne (ich). <img loading=\"lazy\" decoding=\"async\" src=\"https:\/\/vg08.met.vgwort.de\/na\/6dc3ddf65fb94bc8b1fa912314e2cb1f\" width=\"1\" height=\"1\" alt=\"\"\/><\/p>\n","protected":false},"excerpt":{"rendered":"<p>Eine gute Nacht, wunderbar. Allerdings begleitet beim Einschlafen und n\u00e4chtlichem Klogang von wiederholtem Motoraufheulen eines (mehrerer?) Autos vorm Schlafzimmer. Ein neues Signal der Drogendealer vom Park? (Und auch etwas, was mit Verbrennungsmotor-Pkw aussterben wird, h\u00e4h\u00e4h\u00e4). Ein kalter Morgen, ein kalter Tag, ich marschierte in dicker Jacke in die Arbeit, vermisste eine M\u00fctze und ging noch [&hellip;]<\/p>\n","protected":false},"author":2,"featured_media":0,"comment_status":"open","ping_status":"closed","sticky":false,"template":"","format":"standard","meta":{"footnotes":""},"categories":[3,6,1],"tags":[],"class_list":["post-96774","post","type-post","status-publish","format-standard","hentry","category-bucher","category-essen","category-general"],"_links":{"self":[{"href":"https:\/\/www.vorspeisenplatte.de\/speisen\/wp-json\/wp\/v2\/posts\/96774","targetHints":{"allow":["GET"]}}],"collection":[{"href":"https:\/\/www.vorspeisenplatte.de\/speisen\/wp-json\/wp\/v2\/posts"}],"about":[{"href":"https:\/\/www.vorspeisenplatte.de\/speisen\/wp-json\/wp\/v2\/types\/post"}],"author":[{"embeddable":true,"href":"https:\/\/www.vorspeisenplatte.de\/speisen\/wp-json\/wp\/v2\/users\/2"}],"replies":[{"embeddable":true,"href":"https:\/\/www.vorspeisenplatte.de\/speisen\/wp-json\/wp\/v2\/comments?post=96774"}],"version-history":[{"count":3,"href":"https:\/\/www.vorspeisenplatte.de\/speisen\/wp-json\/wp\/v2\/posts\/96774\/revisions"}],"predecessor-version":[{"id":96855,"href":"https:\/\/www.vorspeisenplatte.de\/speisen\/wp-json\/wp\/v2\/posts\/96774\/revisions\/96855"}],"wp:attachment":[{"href":"https:\/\/www.vorspeisenplatte.de\/speisen\/wp-json\/wp\/v2\/media?parent=96774"}],"wp:term":[{"taxonomy":"category","embeddable":true,"href":"https:\/\/www.vorspeisenplatte.de\/speisen\/wp-json\/wp\/v2\/categories?post=96774"},{"taxonomy":"post_tag","embeddable":true,"href":"https:\/\/www.vorspeisenplatte.de\/speisen\/wp-json\/wp\/v2\/tags?post=96774"}],"curies":[{"name":"wp","href":"https:\/\/api.w.org\/{rel}","templated":true}]}}