{"id":96853,"date":"2024-04-12T06:21:41","date_gmt":"2024-04-12T04:21:41","guid":{"rendered":"https:\/\/www.vorspeisenplatte.de\/speisen\/?p=96853"},"modified":"2024-04-12T10:55:17","modified_gmt":"2024-04-12T08:55:17","slug":"journal-donnerstag-11-april-2024-endlich-wieder-durchatmen","status":"publish","type":"post","link":"https:\/\/www.vorspeisenplatte.de\/speisen\/2024\/04\/journal-donnerstag-11-april-2024-endlich-wieder-durchatmen.htm","title":{"rendered":"Journal Donnerstag, 11. April 2024 &#8211; Endlich wieder durchatmen"},"content":{"rendered":"<p>Gute Nacht, lediglich unterbrochen von unruhigem Motoraufheulen eines Autos &#8211; als ich dann doch mal nachsah, stellte sich dieses als Auto von jemandem heraus, der sehr, sehr schlecht einparken konnte, es aber dennoch versuchte und dabei sein Gaspedal etwa wie das eines Klaviers einsetzte.<\/p>\n<p>Das Weckerklingeln kam mir ungelegen, Weiterschlafen w\u00e4re sehr sch\u00f6n gewesen. Doch es tagte zu blauem Himmel. Ich spazierte in knackig kaltem Sonnenschein in die Arbeit.<\/p>\n<p><a href=\"https:\/\/www.vorspeisenplatte.de\/speisen\/archiv\/240411_01_KaiserLudwigPlatz.jpg\"><img loading=\"lazy\" decoding=\"async\" src=\"https:\/\/www.vorspeisenplatte.de\/speisen\/archiv\/240411_01_KaiserLudwigPlatz.jpg\" alt=\"\" width=\"585\" height=\"458\" class=\"alignnone size-full \" \/><\/a><\/p>\n<p><a href=\"https:\/\/www.vorspeisenplatte.de\/speisen\/archiv\/240411_04_Theresienwiese.jpg\"><img loading=\"lazy\" decoding=\"async\" src=\"https:\/\/www.vorspeisenplatte.de\/speisen\/archiv\/240411_04_Theresienwiese.jpg\" alt=\"\" width=\"556\" height=\"340\" class=\"alignnone size-full \" \/><\/a><\/p>\n<p><a href=\"https:\/\/www.vorspeisenplatte.de\/speisen\/archiv\/240411_06a_Bavariapark.jpg\"><img loading=\"lazy\" decoding=\"async\" src=\"https:\/\/www.vorspeisenplatte.de\/speisen\/archiv\/240411_06a_Bavariapark.jpg\" alt=\"\" width=\"454\" height=\"496\" class=\"alignnone size-full wp-image-96867\" \/><\/a><\/p>\n<p>Im B\u00fcro wie fast immer erstmal Tee gekocht. <a href=\"https:\/\/www.vorspeisenplatte.de\/speisen\/2024\/01\/journal-freitag-26-januar-2024-ereignisarmer-wochenabschluss.htm\" rel=\"noopener\" target=\"_blank\">Mein Energietee<\/a> ist alle, ich wechselte zum als sommerlich erinnerten Bl\u00fctenzauber aus derselben Quelle. Aber vielleicht bin ich noch nicht bereit daf\u00fcr: Ich vermisste den Energietee.<\/p>\n<p>Der blaue Himmel hielt sich, \u00fcber den Vormittag geschm\u00fcckt mit h\u00fcbschen Haufenwolken. Ich ging weiter raus auf meinen Mittagscappuccino &#8211; und merkte erst jetzt, wie schlecht die Luft all die Tage davor mit Saharastaub gewesen war: Jetzt machte Atmen machte so richtig Freude, ich schnaufte begeistert und bis in die Spitzen der Lungenfl\u00fcgel.<\/p>\n<p>Zu Mittag gab&#8217;s Pumpernickel mit Butter und Orangen. Gesch\u00e4ftiger Nachmittag, dabei lockte das Drau\u00dfen.<\/p>\n<p>Statt direkt nach Hause, ging ich nach Feierabend erst auf einen Spaziergang in den Westpark, um dort in weiterhin k\u00fchler Luft nach dem Fr\u00fchling zu sehen.<\/p>\n<p><a href=\"https:\/\/www.vorspeisenplatte.de\/speisen\/archiv\/240411_10_Westpark.jpg\"><img loading=\"lazy\" decoding=\"async\" src=\"https:\/\/www.vorspeisenplatte.de\/speisen\/archiv\/240411_10_Westpark.jpg\" alt=\"\" width=\"641\" height=\"484\" class=\"alignnone size-full \" \/><\/a><\/p>\n<p><a href=\"https:\/\/www.vorspeisenplatte.de\/speisen\/archiv\/240411_12_Westpark.jpg\"><img loading=\"lazy\" decoding=\"async\" src=\"https:\/\/www.vorspeisenplatte.de\/speisen\/archiv\/240411_12_Westpark.jpg\" alt=\"\" width=\"421\" height=\"523\" class=\"alignnone size-full wp-image-96869\" \/><\/a><\/p>\n<p><a href=\"https:\/\/www.vorspeisenplatte.de\/speisen\/archiv\/240411_13_Westpark.jpg\"><img loading=\"lazy\" decoding=\"async\" src=\"https:\/\/www.vorspeisenplatte.de\/speisen\/archiv\/240411_13_Westpark.jpg\" alt=\"\" width=\"523\" height=\"426\" class=\"alignnone size-full \" \/><\/a><\/p>\n<p><a href=\"https:\/\/www.vorspeisenplatte.de\/speisen\/archiv\/240411_17_Westpark.jpg\"><img loading=\"lazy\" decoding=\"async\" src=\"https:\/\/www.vorspeisenplatte.de\/speisen\/archiv\/240411_17_Westpark.jpg\" alt=\"\" width=\"437\" height=\"500\" class=\"alignnone size-full wp-image-96871\" \/><\/a><\/p>\n<p><a href=\"https:\/\/www.vorspeisenplatte.de\/speisen\/archiv\/240411_18_MaxHirschbergWeg.jpg\"><img loading=\"lazy\" decoding=\"async\" src=\"https:\/\/www.vorspeisenplatte.de\/speisen\/archiv\/240411_18_MaxHirschbergWeg.jpg\" alt=\"\" width=\"402\" height=\"517\" class=\"alignnone size-full wp-image-96872\" \/><\/a><\/p>\n<p>\u00dcber die Theresienwiese nach Hause. Dort turnte ich Yoga-Gymnastik, \u00fcbernahm dann die Fertigstellung des donnerst\u00e4glichen Abendessens: Salat aus Ernteanteil, diesmal Kopfsalat und Rucola mit Joghurt-Dressing und gekochten Eier. Den Rest Kimchi a\u00dfen wir auch, dann noch ordentlich Schokolade.<\/p>\n<p>Au\u00dferdem gro\u00dfe Freude: Neue Schuhe waren eingetroffen, mit denen ich meinen Alltag verglitzern werde &#8211; und hoffentlich auch den von Betrachter*innen.<\/p>\n<p><a href=\"https:\/\/www.vorspeisenplatte.de\/speisen\/archiv\/240411_22_LolaRamona.jpg\"><img loading=\"lazy\" decoding=\"async\" src=\"https:\/\/www.vorspeisenplatte.de\/speisen\/archiv\/240411_22_LolaRamona.jpg\" alt=\"\" width=\"358\" height=\"351\" class=\"alignnone size-full wp-image-96874\" \/><\/a><\/p>\n<p>Meine Oktoberfestflucht in Form von Wanderurlaub auf Mallorca habe ich jetzt fertiggebucht. Die Hin- und R\u00fcckreise per Bahn und F\u00e4hre wird noch anstrengender als gedacht, in beide Richtungen werde ich in Barcelona zwischen\u00fcbernachten m\u00fcssen. Mal sehen, wie urlaubsbed\u00fcrftigt ich die Wanderung selbst auf Mallorca antrete (und nat\u00fcrlich ganz sch\u00f6n teuer, mehr als dreimal so teuer wie Fliegen). Aber auch schon egal: <i>Danger and excitement<\/i>, ein echter Jahresurlaub, fast drei Wochen. Nur dass ich dadurch nicht richtig mit Herrn Kaltmamsell seinen Geburtstag feiern kann, schmerzt mich: Ich muss einen Tag fr\u00fcher los als geplant. <img loading=\"lazy\" decoding=\"async\" src=\"https:\/\/vg08.met.vgwort.de\/na\/598f0a3eba744c98a0bddc0a3116e1a2\" width=\"1\" height=\"1\" alt=\"\"\/><\/p>\n","protected":false},"excerpt":{"rendered":"<p>Gute Nacht, lediglich unterbrochen von unruhigem Motoraufheulen eines Autos &#8211; als ich dann doch mal nachsah, stellte sich dieses als Auto von jemandem heraus, der sehr, sehr schlecht einparken konnte, es aber dennoch versuchte und dabei sein Gaspedal etwa wie das eines Klaviers einsetzte. Das Weckerklingeln kam mir ungelegen, Weiterschlafen w\u00e4re sehr sch\u00f6n gewesen. Doch [&hellip;]<\/p>\n","protected":false},"author":2,"featured_media":0,"comment_status":"open","ping_status":"closed","sticky":false,"template":"","format":"standard","meta":{"footnotes":""},"categories":[2,1],"tags":[],"class_list":["post-96853","post","type-post","status-publish","format-standard","hentry","category-fotos","category-general"],"_links":{"self":[{"href":"https:\/\/www.vorspeisenplatte.de\/speisen\/wp-json\/wp\/v2\/posts\/96853","targetHints":{"allow":["GET"]}}],"collection":[{"href":"https:\/\/www.vorspeisenplatte.de\/speisen\/wp-json\/wp\/v2\/posts"}],"about":[{"href":"https:\/\/www.vorspeisenplatte.de\/speisen\/wp-json\/wp\/v2\/types\/post"}],"author":[{"embeddable":true,"href":"https:\/\/www.vorspeisenplatte.de\/speisen\/wp-json\/wp\/v2\/users\/2"}],"replies":[{"embeddable":true,"href":"https:\/\/www.vorspeisenplatte.de\/speisen\/wp-json\/wp\/v2\/comments?post=96853"}],"version-history":[{"count":3,"href":"https:\/\/www.vorspeisenplatte.de\/speisen\/wp-json\/wp\/v2\/posts\/96853\/revisions"}],"predecessor-version":[{"id":96883,"href":"https:\/\/www.vorspeisenplatte.de\/speisen\/wp-json\/wp\/v2\/posts\/96853\/revisions\/96883"}],"wp:attachment":[{"href":"https:\/\/www.vorspeisenplatte.de\/speisen\/wp-json\/wp\/v2\/media?parent=96853"}],"wp:term":[{"taxonomy":"category","embeddable":true,"href":"https:\/\/www.vorspeisenplatte.de\/speisen\/wp-json\/wp\/v2\/categories?post=96853"},{"taxonomy":"post_tag","embeddable":true,"href":"https:\/\/www.vorspeisenplatte.de\/speisen\/wp-json\/wp\/v2\/tags?post=96853"}],"curies":[{"name":"wp","href":"https:\/\/api.w.org\/{rel}","templated":true}]}}