{"id":97016,"date":"2024-04-17T06:20:01","date_gmt":"2024-04-17T04:20:01","guid":{"rendered":"https:\/\/www.vorspeisenplatte.de\/speisen\/?p=97016"},"modified":"2024-05-16T16:06:12","modified_gmt":"2024-05-16T14:06:12","slug":"journal-dienstag-16-april-2024-reinhard-kaiser-muehlecker-wilderer-sehr-kein-heimatroman","status":"publish","type":"post","link":"https:\/\/www.vorspeisenplatte.de\/speisen\/2024\/04\/journal-dienstag-16-april-2024-reinhard-kaiser-muehlecker-wilderer-sehr-kein-heimatroman.htm","title":{"rendered":"Journal Dienstag, 16. April 2024 &#8211; Reinhard Kaiser-M\u00fchlecker, <i>Wilderer<\/i> &#8211; sehr kein Heimatroman"},"content":{"rendered":"<p>Eigentlich gut geschlafen, nach f\u00fcnf allerdings nicht mehr, statt dessen mit steigender Unruhe Arbeitsdinge gew\u00e4lzt (dass M\u00fcnchen im Juni und Juli voller Megakonzerte und Zuguck-Fu\u00dfball ist, die \u00dcbernachtungpreise damit etwa auf Oktoberfest-Niveau steigen, erschwert meinen Job massiv), innere Joblisten erweitert &#8211; das taucht mal wieder in keiner Arbeitszeiterfassung auf.<\/p>\n<p>Drau\u00dfen D\u00fcsterkeit, die sich auch noch als regnerisch und nur wenig \u00fcber Gefrierpunkt kalt erwies, ich musste umplanen: Zwar hatte ich beim Rauslegen der Kleidung f\u00fcr den Tag niedrigere Temperaturen einkalkuliert, aber keine Sauk\u00e4lte. Alles zur\u00fcckgeh\u00e4ngt\/-gelegt, statt dessen Kaschmir-Hoodie zu schwarzer Hose und dicken Schuhen.<\/p>\n<p>Auf dem Weg in die Arbeit brauchte ich meinen Schirm. Unter den B\u00e4umen lagen Zweige und \u00c4ste, der Sturm war nachts wohl heftiger gewesen. (Und ich wunderte mich, dass nach dem Schneeburch und den St\u00fcrmen des Winters noch so viel Runterzuwehendes \u00fcbrig war.) In den Nachrichten war sogar von &#8220;Unwetter&#8221; die Rede.<\/p>\n<p>Nach emsigem B\u00fcrovormittag marschierte ich auf einen Mittagscappuccino im Westend. Auf dem Weg regnete es nicht mehr, aus dem Himmel aller Farben schien sogar manchmal die Sonne. Doch es windete sehr heftig, ich f\u00fcrchtete um meine Ohrringe.<\/p>\n<p>Wie erleichtert ich immer bin, wenn ich mein Mittagessen wirklich nur noch l\u00f6ffeln, gabeln, bei\u00dfen brauche &#8211; und nicht erst noch sch\u00e4len, schneiden, zubereiten. Den Gefallen tue ich mir am Vorabend echt gern. Diesmal: Ein St\u00fcck selbstgebackenes Brot, Orange und Mango mit Sojajoghurt.<\/p>\n<p>Am Nachmittag st\u00fcrmte es weiter, der Himmel durchlief alle Farben. Nach Feierabend genoss ich aber den Marsch nach Hause, bei dem mir der Wind die Haare zerzauste. Kurzer Einkaufsstopp im Drogeriemarkt, dann steuerte ich die Standl in der Sendlinger Stra\u00dfe an: F\u00fcrs Abendessen hatte ich mit Herrn Kaltmamsell Spargel vereinbart, von mir zubereitet.<\/p>\n<p><a href=\"https:\/\/www.vorspeisenplatte.de\/rezepte\/archiv\/240416_02_Nachtmahl.jpg\"><img loading=\"lazy\" decoding=\"async\" src=\"https:\/\/www.vorspeisenplatte.de\/rezepte\/archiv\/240416_02_Nachtmahl.jpg\" alt=\"\" width=\"471\" height=\"347\" class=\"alignnone size-full wp-image-1193\" \/><\/a><\/p>\n<p>Ich machte den Spargel wieder auf die Art, die mir in den vergangenen Jahren besser geschmeckt hatte als in Wasser gekocht: In Alufolie im eigenen Saft gegart, und mit Eierhacksauce, <a href=\"https:\/\/www.vorspeisenplatte.de\/rezepte\/folienspargel-aus-dem-ofen-mit-eierhacksauce.htm\" rel=\"noopener\" target=\"_blank\">ich schrieb das Rezept diesmal auf<\/a>.<\/p>\n<p>Da ich am Standl zwischen Sendlinger- und Rosenstra\u00dfe zwei Kilo im Angebot bekommen hatte, gab es sehr reichlich davon. Schokolade zum Nachtisch ging trotzdem.<\/p>\n<p>Im Bett die n\u00e4chste Lekt\u00fcre begonnen, diesmal wieder auf Papier, weil Herr Kaltmamsell das Buch besitzt: Ruth Kl\u00fcger, <i>Katastrophen. \u00dcber deutsche Literatur<\/i>.<\/p>\n<p>\u00a7<\/p>\n<p><a href=\"https:\/\/www.vorspeisenplatte.de\/speisen\/archiv\/buch_kaisermuehlecker.jpg\"><img loading=\"lazy\" decoding=\"async\" src=\"https:\/\/www.vorspeisenplatte.de\/speisen\/archiv\/buch_kaisermuehlecker.jpg\" alt=\"\" width=\"150\" height=\"245\" class=\"alignnone size-full wp-image-96817\" \/><\/a><\/p>\n<p>Reinhard Kaiser-M\u00fchlecker, <i>Wilderer<\/i><\/p>\n<p>Das Buch, ver\u00f6ffentlicht 2022, packte mich vom unvermittelten Anfang an, der mich erstmal auf eine falsche F\u00e4hrte lockte.<\/p>\n<p>Doch dann bekam ich einen Landlebenroman in sehr unromantischer Form. Ich fand viel wieder, was ich vom Alltag in der Landwirtschaft wei\u00df, von der Lebenswirklichkeit auf dem Dorf &#8211; die halt auch wie alles Individuelle nicht <i>eine<\/i> Lebenswirklichkeit ist. Es \u00fcberraschte mich nicht zu erfahren, dass Reinhard Kaiser-M\u00fchlecker selbst aus der Landwirtschaft kommt. Die Geschichte nimmt uns mit nach \u00d6sterreich, das pr\u00e4gt die Art der Landwirtschaft mit H\u00f6fen, die ein Dorf bilden (<a href=\"https:\/\/www.vorspeisenplatte.de\/speisen\/2023\/09\/journal-donnerstag-31-august-2023-ewald-frie-ein-hof-und-elf-geschwister.htm\" rel=\"noopener\" target=\"_blank\">seit <i>Ein Hof und elf Geschwister<\/i><\/a> wei\u00df ich erst, wie anders Landwirtschaft im deutschsprachigen Raum auch sein kann). Die n\u00e4chst gelegene Gro\u00dfstadt ist Salzburg. <\/p>\n<p>Der junge Jakob bewirtschaftet den Hof seines Vaters, der in seinen Augen und auch belegbar ein Taugenichts ist, fast seinen ganzen Grund verkauft hat. Der Gro\u00dfvater, ein t\u00fcchtiger Landwirt, ist schon l\u00e4nger gestorben, die greise und abweisende Gro\u00dfmutter lebt im Obergescho\u00df des Hofs. Der Roman erz\u00e4hlt, wie Jakob versucht, diese Landwirtschaft am Leben zu halten, seinen Lebensunterhalt und den der Familie damit zu verdienen, mal mit Fischzucht, mal mit Milchwirtschaft. Es gelingt ihm erst, als Katja in sein Leben tritt, aus unerwarteter Richtung und auf \u00fcberraschende Weise. Wir lernen auch Jakobs Geschwister kennen, Bruder und Schwester, manche Nachbarn, Hilfsarbeiter.<\/p>\n<p>Das Besondere: Die Erz\u00e4hlstimme nimmt konsequent die Perspektive der Hauptfigur Jakob ein, nahezu als Gedankenstrom. (Dennoch sind Dialoge markiert, wird auch \u00e4u\u00dfere Handlung beschrieben, der Roman ist also nicht schwierig zu lesen). Und Jakob ist ein sehr eigenwilliger Charakter, zerrissen, von Affekten getrieben, oft mit sich selbst \u00fcberfordert, gleichzeitig ehrgeizig und verloren, zuwendungsbed\u00fcrftig und hoffnungslos.<\/p>\n<p>Und die Erz\u00e4hltechnik macht sichtbar, wie Jakob bestimmten Erinnerungen ausweicht, manchen immer wieder, bis sie sich kurz vor Ende dann doch nach vorn ins Bewusstsein schieben, wir sie erfahren. Und dann eigentlich lieber nicht h\u00e4tten wissen wollen. Nicht nur hier ist das Buch verst\u00f6rend mit seinem Blick in Abgr\u00fcnde.<\/p>\n<p>Jakob vertritt durchaus (meine) b\u00e4uerlichen Stereotypen: Misstrauen gegen\u00fcber Leuten aus der Stadt, Misstrauen gegen\u00fcber formaler Bildung, st\u00e4ndiges Misstrauen, \u00fcbers Ohr gehauen zu werden. Und wei\u00df halt doch, was getan werden muss. Seine Zerrissenheit war mir im Gedankenstrom sehr nachvollziehbar, sie ist es auch, die f\u00fcr mich Spannung erzeugte: Wird er ein bisschen Gl\u00fcck finden? Einmal nicht entt\u00e4uscht werden? Das h\u00e4lt sich die Waage mit intensiven Umgebungsbeschreibungen: Der L\u00e4rm der nahen Autobahn, die Sinnlichkeit einer Schneeschicht, die Bet\u00e4ubung der vierten Flasche Bier, das Animalische an Menschen &#8211; was in dieser Verbindung fast unweigerlich symbolische Bedeutungen herbeiassoziieren l\u00e4sst.<\/p>\n<p>Lese-Empfehlung &#8211; nur vielleicht nicht, wenn Sie Hunde sehr gern m\u00f6gen.<\/p>\n<p>Und f\u00fcr <i>nach<\/i> der Lekt\u00fcre, weil sie die Handlung und alle Wendungen verr\u00e4t, empfehle ich die Besprechung von Christoph Schr\u00f6der in der <i>S\u00fcddeutschen<\/i>:<br \/>\n<a href=\"https:\/\/www.sueddeutsche.de\/kultur\/reinhard-kaiser-muehlecker-wilderer-literatur-oesterreich-landwirtschaft-rezension-1.5548255\" rel=\"noopener\" target=\"_blank\">&#8220;Warten auf das Ende&#8221;.<\/a><\/p>\n<blockquote><p>Realismus also, eingebettet in ein \u00e4sthetisches Konzept, das auf Kargheit wie auf Klarheit basiert. Kaiser-M\u00fchleckers B\u00fccher zu lesen f\u00fchlt sich an, als w\u00fcrde man auf eine zu fest eingespannte Glasscheibe starren, auf das Knistern und Knacken h\u00f6ren und doch wissen, dass der Autor uns nicht die Last abnimmt, den erl\u00f6senden Knall herbeizuf\u00fchren. Das ist menschlich erschreckend und literarisch bestechend.<\/p><\/blockquote>\n<p>\u00a7<\/p>\n<p>Die <i>S\u00fcddeutsche<\/i> hatte gestern eine Seite Drei \u00fcber Prof. Bruno Burger, der am Fraunhofer-Institut f\u00fcr Solare Energiesysteme ISE in Freiburg Zahlen und Daten zur Energieerzeugung in Europa erhebt und damit unter anderem Falschbehauptungen in der Politik widerlegt, immer wieder und m\u00f6glichst auf den Plattformen, auf denen sie erscheinen (\u20ac, aber einen Tagespass wert):<br \/>\n<a href=\"https:\/\/www.sueddeutsche.de\/projekte\/artikel\/politik\/atomausstieg-akw-kernkraft-bruno-burger-energy-charts-e431489\/?reduced=true\" rel=\"noopener\" target=\"_blank\">&#8220;Zahlen, bitte&#8221;.<\/a><\/p>\n<blockquote><p>&#8220;Die L\u00fcge ist immer schnell drau\u00dfen&#8221;, sagt er. Aber die Korrektur der L\u00fcge, das macht richtig Arbeit.&#8221;<\/p><\/blockquote>\n<p>Die Energy Charts des Freiburger ISE stehen im Web und sind \u00f6ffentlich, Sie k\u00f6nnten auch selbst bei der n\u00e4chsten Politiker*innen-Behauptung nachsehen:<sup><a href=\"#footnote_1_97016\" id=\"identifier_1_97016\" class=\"footnote-link footnote-identifier-link\" title=\"Disclosure: Ich arbeite f&uuml;r denselben Arbeitgeber.\">1<\/a><\/sup><br \/>\n<a href=\"https:\/\/www.energy-charts.info\/\" rel=\"noopener\" target=\"_blank\">Energy-Charts.<\/a><\/p>\n<p>Allerdings macht sich selbst Prof. Burger keine Illusionen:<\/p>\n<blockquote><p>\u201eHeutzutage ist es v\u00f6llig egal, ob man l\u00fcgt oder nicht&#8221;, sagt Bruno Burger. \u201eEs hat keine Konsequenzen.&#8221;<\/p><\/blockquote>\n<p> <img loading=\"lazy\" decoding=\"async\" src=\"https:\/\/vg08.met.vgwort.de\/na\/8d4d345de5df48a5bd62f679bb363480\" width=\"1\" height=\"1\" alt=\"\"\/><\/p>\n<ol class=\"footnotes\"><li id=\"footnote_1_97016\" class=\"footnote\">Disclosure: Ich arbeite f\u00fcr denselben Arbeitgeber.<span class=\"footnote-back-link-wrapper\"> [<a href=\"#identifier_1_97016\" class=\"footnote-link footnote-back-link\">&#8617;<\/a>]<\/span><\/li><\/ol>","protected":false},"excerpt":{"rendered":"<p>Eigentlich gut geschlafen, nach f\u00fcnf allerdings nicht mehr, statt dessen mit steigender Unruhe Arbeitsdinge gew\u00e4lzt (dass M\u00fcnchen im Juni und Juli voller Megakonzerte und Zuguck-Fu\u00dfball ist, die \u00dcbernachtungpreise damit etwa auf Oktoberfest-Niveau steigen, erschwert meinen Job massiv), innere Joblisten erweitert &#8211; das taucht mal wieder in keiner Arbeitszeiterfassung auf. Drau\u00dfen D\u00fcsterkeit, die sich auch noch [&hellip;]<\/p>\n","protected":false},"author":2,"featured_media":0,"comment_status":"open","ping_status":"closed","sticky":false,"template":"","format":"standard","meta":{"footnotes":""},"categories":[3,6,1],"tags":[],"class_list":["post-97016","post","type-post","status-publish","format-standard","hentry","category-bucher","category-essen","category-general"],"_links":{"self":[{"href":"https:\/\/www.vorspeisenplatte.de\/speisen\/wp-json\/wp\/v2\/posts\/97016","targetHints":{"allow":["GET"]}}],"collection":[{"href":"https:\/\/www.vorspeisenplatte.de\/speisen\/wp-json\/wp\/v2\/posts"}],"about":[{"href":"https:\/\/www.vorspeisenplatte.de\/speisen\/wp-json\/wp\/v2\/types\/post"}],"author":[{"embeddable":true,"href":"https:\/\/www.vorspeisenplatte.de\/speisen\/wp-json\/wp\/v2\/users\/2"}],"replies":[{"embeddable":true,"href":"https:\/\/www.vorspeisenplatte.de\/speisen\/wp-json\/wp\/v2\/comments?post=97016"}],"version-history":[{"count":3,"href":"https:\/\/www.vorspeisenplatte.de\/speisen\/wp-json\/wp\/v2\/posts\/97016\/revisions"}],"predecessor-version":[{"id":97944,"href":"https:\/\/www.vorspeisenplatte.de\/speisen\/wp-json\/wp\/v2\/posts\/97016\/revisions\/97944"}],"wp:attachment":[{"href":"https:\/\/www.vorspeisenplatte.de\/speisen\/wp-json\/wp\/v2\/media?parent=97016"}],"wp:term":[{"taxonomy":"category","embeddable":true,"href":"https:\/\/www.vorspeisenplatte.de\/speisen\/wp-json\/wp\/v2\/categories?post=97016"},{"taxonomy":"post_tag","embeddable":true,"href":"https:\/\/www.vorspeisenplatte.de\/speisen\/wp-json\/wp\/v2\/tags?post=97016"}],"curies":[{"name":"wp","href":"https:\/\/api.w.org\/{rel}","templated":true}]}}