{"id":97044,"date":"2024-04-18T06:22:22","date_gmt":"2024-04-18T04:22:22","guid":{"rendered":"https:\/\/www.vorspeisenplatte.de\/speisen\/?p=97044"},"modified":"2024-04-18T06:22:22","modified_gmt":"2024-04-18T04:22:22","slug":"journal-mittwoch-17-april-2024-arbeitliches-angestelle","status":"publish","type":"post","link":"https:\/\/www.vorspeisenplatte.de\/speisen\/2024\/04\/journal-mittwoch-17-april-2024-arbeitliches-angestelle.htm","title":{"rendered":"Journal Mittwoch, 17. April 2024 &#8211; Arbeitliches Angestelle"},"content":{"rendered":"<p>Guter und tiefer Schlaf, doch als ich nach Klogang um vier wieder ins Bett ging, fiel mich die Angst-Dogge an (das war mein inneres Bild: ein gro\u00dfer, aggressiver Hund, der mit gefletschten Z\u00e4hnen auf meine Kehle zusprang und sich in sie verbiss). Das hatte ich vor dem Hintergrund der Arbeitstermine am Mittwoch erwartet (das wird ab Anfang Mai noch lustig), begr\u00fc\u00dfte ihn also l\u00e4chelnd, suchte dann in mir nach freundlichen Erinnerungen &#8211; und schlief tats\u00e4chlich fast nochmal ein.<\/p>\n<p>Der Wecker klingelte zu Regenrauschen. Bis ich fertig f\u00fcr den Aufbruch in die Arbeit war, hatten sich Schneeflocken in den Regen gemischt, unterwegs wurde ernsthafter, nasser Schneefall daraus. <\/p>\n<p><a href=\"https:\/\/www.vorspeisenplatte.de\/speisen\/archiv\/240417_01_Nussbaumpark.jpg\"><img loading=\"lazy\" decoding=\"async\" src=\"https:\/\/www.vorspeisenplatte.de\/speisen\/archiv\/240417_01_Nussbaumpark.jpg\" alt=\"\" width=\"564\" height=\"423\" class=\"alignnone size-full \" \/><\/a><\/p>\n<p>Arbeit wie erwartet vom ersten Moment an turbulent (stimmt nicht ganz: ich hatte gerade so noch Gelegenheit, eine Kanne Kr\u00e4utertee zu kochen). Anstrengungs-\/Angstkopfweh, gegen das auch kein Ibu half &#8211; meine G\u00fcte, ich w\u00fcrde in der Zombie-Apokalypse komplett versagen, FRESST MICH ZUERST!<\/p>\n<p>Ich versuchte in den ungewohnten Dynamiken, <a href=\"https:\/\/novemberregen.de\/\" rel=\"noopener\" target=\"_blank\">novemberregen<\/a> in ihrer beruflichen Rolle zu channeln, das half aber nur dabei, <i>nicht<\/i> zu \u00e4tzen. Das wird nie eine Art Situation, in die ich mich werfe, ich will einfach nur nicht da sein. Gerne f\u00e4nde ich heraus, wie ich es schaffe, mich nicht so anzustellen, denn fast nichts an meinen paralysierenden \u00c4ngsten hat ein realistisches Fundament.<\/p>\n<p>An diesem von mir geplanten Tag ging erst etwas unerwartet schief, dann aber ging etwas unerwartet glatt.<\/p>\n<p>Appetit war nat\u00fcrlich komplett weg, erst am sp\u00e4ten Nachmittag, nachdem alles rum war, zwang ich mir einen Eiwei\u00dfriegel rein &#8211; was lediglich ein Gef\u00fchl von Klebrigkeit hinterlie\u00df. (Meine eine Fertigkeit in der Zombie-Apokalype: Hungern.)<\/p>\n<p>Als ich dann endlich Schluss machte und loskam, hoffte ich auf die ber\u00fchmte Wirkung von frischer Luft, zum Gl\u00fcck regnete es gerade nicht. Doch auf dem Weg wurde mein Kopfweh st\u00e4rker, ich g\u00e4hnte, das f\u00fchlte sich fast wie Migr\u00e4ne an. Ich wollte nur noch ins Bett.<\/p>\n<p><a href=\"https:\/\/www.vorspeisenplatte.de\/speisen\/archiv\/240417_02_Bavariaring.jpg\"><img loading=\"lazy\" decoding=\"async\" src=\"https:\/\/www.vorspeisenplatte.de\/speisen\/archiv\/240417_02_Bavariaring.jpg\" alt=\"\" width=\"365\" height=\"510\" class=\"alignnone size-full wp-image-97075\" \/><\/a><\/p>\n<p>Na gut, auch in diesem Zustand habe ich das Bed\u00fcrfnis, Anblicke als Foto festzuhalten.<\/p>\n<p>Aber daheim legte ich mich nach kurzem Hallo an Herr Kaltmamsell tats\u00e4chlich ins Bett zum Zweck der Reizreduktion. Das tat gut, ich schlief sogar kurz ein. Das tat so gut, dass ich sogar Lust auf Yoga-Gymnastik versp\u00fcrte, ich hatte mir eine Folge Flow mit Mady Morrison zurechtgelegt. Auch die beruhigte mich.<\/p>\n<p>Als Nachtmahl servierte Herr Kaltmamsell frisch gekochte Ernteanteil-Kartoffeln mit dem Rest Szegediner Gulasch aus der Gefriere, ich a\u00df mit Appetit. Dann gab&#8217;s noch Schokolade.<\/p>\n<p>\u00a7<\/p>\n<p>Der Mastodon-Account &#8220;Mirabilia&#8221; wurde aktiviert, der allerlei Museen besucht. Gestern war er in der nach acht Jahren Generalsanierung wiederer\u00f6ffneten Arch\u00e4ologischen Staatssammlung in M\u00fcnchen, <a href=\"https:\/\/fnordon.de\/@Mirabilia7\/112285964122247018\" rel=\"noopener\" target=\"_blank\">hier k\u00f6nnen Sie den Besuch begleiten<\/a>.<br \/>\nUnd hier <a href=\"https:\/\/www.archaeologie.bayern\/presse\/pressemitteilung\/mitteilung\/wiedereroeffnung-der-archaeologischen-staatssammlung\/\" rel=\"noopener\" target=\"_blank\">die Pressemitteilung zur Wiederer\u00f6ffnung<\/a>. <img loading=\"lazy\" decoding=\"async\" src=\"https:\/\/vg08.met.vgwort.de\/na\/1acae35c70fe444aa31a55c2b71d07ac\" width=\"1\" height=\"1\" alt=\"\"\/><\/p>\n","protected":false},"excerpt":{"rendered":"<p>Guter und tiefer Schlaf, doch als ich nach Klogang um vier wieder ins Bett ging, fiel mich die Angst-Dogge an (das war mein inneres Bild: ein gro\u00dfer, aggressiver Hund, der mit gefletschten Z\u00e4hnen auf meine Kehle zusprang und sich in sie verbiss). Das hatte ich vor dem Hintergrund der Arbeitstermine am Mittwoch erwartet (das wird [&hellip;]<\/p>\n","protected":false},"author":2,"featured_media":0,"comment_status":"open","ping_status":"closed","sticky":false,"template":"","format":"standard","meta":{"footnotes":""},"categories":[2,1],"tags":[],"class_list":["post-97044","post","type-post","status-publish","format-standard","hentry","category-fotos","category-general"],"_links":{"self":[{"href":"https:\/\/www.vorspeisenplatte.de\/speisen\/wp-json\/wp\/v2\/posts\/97044","targetHints":{"allow":["GET"]}}],"collection":[{"href":"https:\/\/www.vorspeisenplatte.de\/speisen\/wp-json\/wp\/v2\/posts"}],"about":[{"href":"https:\/\/www.vorspeisenplatte.de\/speisen\/wp-json\/wp\/v2\/types\/post"}],"author":[{"embeddable":true,"href":"https:\/\/www.vorspeisenplatte.de\/speisen\/wp-json\/wp\/v2\/users\/2"}],"replies":[{"embeddable":true,"href":"https:\/\/www.vorspeisenplatte.de\/speisen\/wp-json\/wp\/v2\/comments?post=97044"}],"version-history":[{"count":3,"href":"https:\/\/www.vorspeisenplatte.de\/speisen\/wp-json\/wp\/v2\/posts\/97044\/revisions"}],"predecessor-version":[{"id":97089,"href":"https:\/\/www.vorspeisenplatte.de\/speisen\/wp-json\/wp\/v2\/posts\/97044\/revisions\/97089"}],"wp:attachment":[{"href":"https:\/\/www.vorspeisenplatte.de\/speisen\/wp-json\/wp\/v2\/media?parent=97044"}],"wp:term":[{"taxonomy":"category","embeddable":true,"href":"https:\/\/www.vorspeisenplatte.de\/speisen\/wp-json\/wp\/v2\/categories?post=97044"},{"taxonomy":"post_tag","embeddable":true,"href":"https:\/\/www.vorspeisenplatte.de\/speisen\/wp-json\/wp\/v2\/tags?post=97044"}],"curies":[{"name":"wp","href":"https:\/\/api.w.org\/{rel}","templated":true}]}}