{"id":97328,"date":"2024-04-27T08:34:50","date_gmt":"2024-04-27T06:34:50","guid":{"rendered":"https:\/\/www.vorspeisenplatte.de\/speisen\/?p=97328"},"modified":"2024-04-27T10:04:11","modified_gmt":"2024-04-27T08:04:11","slug":"journal-freitag-freitag-26-april-2024-winter-adeeeeee","status":"publish","type":"post","link":"https:\/\/www.vorspeisenplatte.de\/speisen\/2024\/04\/journal-freitag-freitag-26-april-2024-winter-adeeeeee.htm","title":{"rendered":"Journal Freitag, FREITAG, 26. April 2024 &#8211; Winter adeeeeee"},"content":{"rendered":"<p>Gut geschlafen, ich hatte nicht mal Herrn Kaltmamsell heimkommen geh\u00f6rt. Beim Klogang leuchtete mir der Mond aufs Bett, der Wecker klingelte zu klarem Morgengrauen.<\/p>\n<p>F\u00fcr den Weg in die Arbeit schl\u00fcpfte ich nochmal in meinen Wintermantel, das Bild vor Augen, wie er mich auf dem Heimweg ge\u00f6ffnet umwehen w\u00fcrde.<\/p>\n<p><a href=\"https:\/\/www.vorspeisenplatte.de\/speisen\/archiv\/240426_02_Nussbaumstr.jpg\"><img loading=\"lazy\" decoding=\"async\" src=\"https:\/\/www.vorspeisenplatte.de\/speisen\/archiv\/240426_02_Nussbaumstr.jpg\" alt=\"Blumen am Stra\u00dfenrand im Sonnenlicht\" width=\"363\" height=\"484\" class=\"alignnone size-full wp-image-97343\" \/><\/a><\/p>\n<p><a href=\"https:\/\/www.vorspeisenplatte.de\/speisen\/archiv\/240426_03_Beethovenstr-e1714199356489.jpg\"><img loading=\"lazy\" decoding=\"async\" src=\"https:\/\/www.vorspeisenplatte.de\/speisen\/archiv\/240426_03_Beethovenstr-e1714199356489.jpg\" alt=\"Wohnstra\u00dfe mit B\u00e4umen, links ein Wahlplakat mit der Schrift &quot;DEINE STIMME F\u00dcR MA\u00df, MITTE UND FRIEDEN SPD&quot;\" width=\"423\" height=\"524\" class=\"alignnone size-full wp-image-97344\" \/><\/a><\/p>\n<p>Eigentlich ging\u2018s mir bei dieser Aufnahme in der Beethovenstra\u00dfe ums Festhalten der typografischen Entscheidung f\u00fcr \u1e9e, doch versehentlich fing ich so das Winterende in meinem Viertel ein. (Interessante Diskussion in meiner Mastodon-Timeline \u00fcber dieses \u1e9e, selbst tendiere ich dazu, lieber umzuformulieren, auch in \u00dcberschriften, damit solche Entscheidungen gar nicht erst n\u00f6tig sind. Aber eine Grafikerin kann nat\u00fcrlich nicht zum Kunden gehen und um einen anderen Wahlslogan bitten, weil der sonst auf dem Plakat schlecht zu setzen ist.)<\/p>\n<p><a href=\"https:\/\/www.vorspeisenplatte.de\/speisen\/archiv\/240426_06_Fruehlingsfest.jpg\"><img loading=\"lazy\" decoding=\"async\" src=\"https:\/\/www.vorspeisenplatte.de\/speisen\/archiv\/240426_06_Fruehlingsfest.jpg\" alt=\"Volksfest auf der Theresienwiese, im Vordergrund Reihen von Zugmaschinen, im Hintergrund die Silhouette der Kirche St. Paul\" width=\"529\" height=\"477\" class=\"alignnone size-full \" \/><\/a><\/p>\n<p>Der Tag verlief zwar nicht so wolkenlos sonnig wie angek\u00fcndigt, aber angenehm und entschieden nicht mehr winterlich. F\u00fcr meinen Mittagscappuccino ging ich weiter, schon auf dem R\u00fcckweg konnte ich das mit dem offenen wehenden Mantel ausprobieren. Und danach immer wieder lange das Fenster in meinem B\u00fcro kippen.<\/p>\n<p>Zu Mittag gab es Apfel, ein wenig Brot, H\u00fcttenk\u00e4se.<\/p>\n<p>P\u00fcnktlicher Feierabend, auf dem Heimweg Eink\u00e4ufe f\u00fcrs Wochenende im Vollcorner, auch der offene Wintermantel war zu warm.<\/p>\n<p><a href=\"https:\/\/www.vorspeisenplatte.de\/speisen\/archiv\/240426_12_ForumSchwanthalerhoehe.jpg\"><img loading=\"lazy\" decoding=\"async\" src=\"https:\/\/www.vorspeisenplatte.de\/speisen\/archiv\/240426_12_ForumSchwanthalerhoehe.jpg\" alt=\"Gr\u00fcnes Graffiti auf Betonwand, im Hintergrund Wohnblock\" width=\"529\" height=\"442\" class=\"alignnone size-full \" \/><\/a><\/p>\n<p>Zu Hause machte ich mich gleich ans Kuchenbacken (nach vielen Monaten mal wieder), es sollte f\u00fcrs Wochenende <a href=\"https:\/\/www.vorspeisenplatte.de\/rezepte\/der-beste-marmorkuchen.htm\" rel=\"noopener\" target=\"_blank\">Marmorkuchen geben<\/a>.<\/p>\n<p>W\u00e4hrend er im Ofen war, turnte ich Yoga-Gymnastik. Zum Ansto\u00dfen aufs Wochenende mixte ich uns Rositas (Tequila, roter und wei\u00dfer Wermuth, Campari).<\/p>\n<p><a href=\"https:\/\/www.vorspeisenplatte.de\/speisen\/archiv\/240426_15_Marmorkuchen.jpg\"><img loading=\"lazy\" decoding=\"async\" src=\"https:\/\/www.vorspeisenplatte.de\/speisen\/archiv\/240426_15_Marmorkuchen.jpg\" alt=\"Abgebildet ist, was der Text darunter erkl\u00e4rt\" width=\"363\" height=\"484\" class=\"alignnone size-full wp-image-97347\" \/><\/a><\/p>\n<p>Authentisches K\u00fcchenstillleben: Frisch aus dem Ofen geholter Marmorkuchen auf Kuchengitter auf K\u00fcchentisch, dahinter ein T\u00f6pfchen Waldmeister, das Herr Kaltmamsell vor drei Wochen kaufte, auf dass es bis Mai f\u00fcr mehrere Maibowlen wachsen m\u00f6ge, das statt dessen aber eher stirbt und weniger wird, im Hintergrund Obstkorb mit \u00c4pfeln, einer reifenden Mango, Zitrone, rechts ein vom Drinkmixen geleerter Eisw\u00fcrfelbeh\u00e4lter, darauf Ofenhandschuhe, links unten neben dem Tisch sieht man die Ernteanteil-Abhol-Plastikkiste mit restlichen Kartoffeln.<\/p>\n<p><a href=\"https:\/\/www.vorspeisenplatte.de\/speisen\/archiv\/240426_17_Nachtmahl.jpg\"><img loading=\"lazy\" decoding=\"async\" src=\"https:\/\/www.vorspeisenplatte.de\/speisen\/archiv\/240426_17_Nachtmahl.jpg\" alt=\"Ein gedeckter Tisch, auf dem gro\u00dfen Glasteller was der Text darunter aufz\u00e4hlt\" width=\"363\" height=\"484\" class=\"alignnone size-full wp-image-97348\" \/><\/a><\/p>\n<p>Klassisches Freitagabend-Nachtmahl mit Entrec\u00f4te, Ernteanteil-Spinat, ein wenig Ernteanteil-Ratatouille (nur wenig, weil es sich als stark gew\u00fcrzt und zu dominant f\u00fcr diesen Teller erwies), Wurzelbrot, als Wein hatte ich einen s\u00fcdafrikanischen Owl Post ge\u00f6ffnet. K\u00f6stlich.<\/p>\n<p>Zum Nachtisch schnitt ich den Marmorkuchen an, er schmeckte wundervoll.<\/p>\n<p>\u00a7<\/p>\n<p>Sehr spannende Frage von der M\u00fcnchner Stadtbibliothek auf Facebook:<\/p>\n<p><a href=\"https:\/\/www.vorspeisenplatte.de\/speisen\/archiv\/Screenshot-2024-04-26-140215.jpg\"><img loading=\"lazy\" decoding=\"async\" src=\"https:\/\/www.vorspeisenplatte.de\/speisen\/archiv\/Screenshot-2024-04-26-140215.jpg\" alt=\"Du kannst deine Erinnerungen l\u00f6schen lassen nd ein Buch noch einmal &quot;zum ersten Mal&quot; lesen. Welches Buch w\u00e4hlst du?\" width=\"655\" height=\"652\" class=\"alignnone size-full wp-image-97333\" srcset=\"https:\/\/www.vorspeisenplatte.de\/speisen\/archiv\/Screenshot-2024-04-26-140215.jpg 655w, https:\/\/www.vorspeisenplatte.de\/speisen\/archiv\/Screenshot-2024-04-26-140215-600x597.jpg 600w, https:\/\/www.vorspeisenplatte.de\/speisen\/archiv\/Screenshot-2024-04-26-140215-150x150.jpg 150w, https:\/\/www.vorspeisenplatte.de\/speisen\/archiv\/Screenshot-2024-04-26-140215-144x144.jpg 144w\" sizes=\"auto, (max-width: 655px) 100vw, 655px\" \/><\/a><\/p>\n<p>Meine erste Idee: Friedrich Torbergs <i>Tante Jolesch<\/i>. Doch das funktioniert nicht, weil ich beim ersten Mal so jung war und die Lekt\u00fcre so tiefen und weitereichenden Einfluss auf mein gesamtes Leben hatte. Vielleicht den ersten Band <i>Harry Potter<\/i>? Aber vielleicht machten die beeindruckendsten B\u00fccher genau wegen des Lesezeitpunkts so gro\u00dfen Eindruck und ich sollte andersrum die Erinnerung an eine besonders entt\u00e4uschende Lekt\u00fcre l\u00f6schen? Und <i>Moby Dick<\/i> anfangen, als h\u00e4tte ich&#8217;s nicht schon mal versucht? So schwierig!<\/p>\n<p>Ach was: Ich entscheide mich f\u00fcr Douglas Adams, <i>The Hitchhiker&#8217;s Guide to the Galaxy<\/i> &#8211; es m\u00fcsste gro\u00dfartig sein, wie bei gel\u00f6schter Erinnerung an die Lekt\u00fcre pl\u00f6tzlich ein gro\u00dfer Teil von kulturellen Anspielungen Sinn ergibt.<\/p>\n<p>\u00a7<\/p>\n<p>Ich lerne auch weiterhin aus Blogs SO viel! Zum Beispiel \u00fcber den Alltag mit Dysbastelie in elterlicher Funktion, leuchtendes Beispiel Vanessa Giese, die einen anspruchsvollen kindlichen Backwunsch erf\u00fcllen muss:<\/p>\n<blockquote><p>Meine Taktik war, mich ausreichend gut anzustellen, um es nicht zu entt\u00e4uschen, und gleichzeitig ausreichend schlecht, um kein zweites Mal gefragt zu werden. Ein Ritt auf der Rasierklinge!<\/p><\/blockquote>\n<p><a href=\"https:\/\/fraunessy.vanessagiese.de\/2024\/04\/25\/kruemelmonstermuffins-meerschweinsocken-und-allerlei-ereignisse-dazu-schoenes-licht\/\" rel=\"noopener\" target=\"_blank\">&#8220;Kr\u00fcmelmonstermuffins, Meerschweinsocken und allerlei Ereignisse, dazu sch\u00f6nes Licht&#8221;.<\/a> <img loading=\"lazy\" decoding=\"async\" src=\"https:\/\/vg08.met.vgwort.de\/na\/6b61501df712401dbd30deae56f398ed\" width=\"1\" height=\"1\" alt=\"\"\/><\/p>\n","protected":false},"excerpt":{"rendered":"<p>Gut geschlafen, ich hatte nicht mal Herrn Kaltmamsell heimkommen geh\u00f6rt. Beim Klogang leuchtete mir der Mond aufs Bett, der Wecker klingelte zu klarem Morgengrauen. F\u00fcr den Weg in die Arbeit schl\u00fcpfte ich nochmal in meinen Wintermantel, das Bild vor Augen, wie er mich auf dem Heimweg ge\u00f6ffnet umwehen w\u00fcrde. Eigentlich ging\u2018s mir bei dieser Aufnahme [&hellip;]<\/p>\n","protected":false},"author":2,"featured_media":0,"comment_status":"open","ping_status":"closed","sticky":false,"template":"","format":"standard","meta":{"footnotes":""},"categories":[3,6,2,1],"tags":[],"class_list":["post-97328","post","type-post","status-publish","format-standard","hentry","category-bucher","category-essen","category-fotos","category-general"],"_links":{"self":[{"href":"https:\/\/www.vorspeisenplatte.de\/speisen\/wp-json\/wp\/v2\/posts\/97328","targetHints":{"allow":["GET"]}}],"collection":[{"href":"https:\/\/www.vorspeisenplatte.de\/speisen\/wp-json\/wp\/v2\/posts"}],"about":[{"href":"https:\/\/www.vorspeisenplatte.de\/speisen\/wp-json\/wp\/v2\/types\/post"}],"author":[{"embeddable":true,"href":"https:\/\/www.vorspeisenplatte.de\/speisen\/wp-json\/wp\/v2\/users\/2"}],"replies":[{"embeddable":true,"href":"https:\/\/www.vorspeisenplatte.de\/speisen\/wp-json\/wp\/v2\/comments?post=97328"}],"version-history":[{"count":3,"href":"https:\/\/www.vorspeisenplatte.de\/speisen\/wp-json\/wp\/v2\/posts\/97328\/revisions"}],"predecessor-version":[{"id":97363,"href":"https:\/\/www.vorspeisenplatte.de\/speisen\/wp-json\/wp\/v2\/posts\/97328\/revisions\/97363"}],"wp:attachment":[{"href":"https:\/\/www.vorspeisenplatte.de\/speisen\/wp-json\/wp\/v2\/media?parent=97328"}],"wp:term":[{"taxonomy":"category","embeddable":true,"href":"https:\/\/www.vorspeisenplatte.de\/speisen\/wp-json\/wp\/v2\/categories?post=97328"},{"taxonomy":"post_tag","embeddable":true,"href":"https:\/\/www.vorspeisenplatte.de\/speisen\/wp-json\/wp\/v2\/tags?post=97328"}],"curies":[{"name":"wp","href":"https:\/\/api.w.org\/{rel}","templated":true}]}}