{"id":9778,"date":"2010-11-13T08:00:03","date_gmt":"2010-11-13T07:00:03","guid":{"rendered":"https:\/\/www.vorspeisenplatte.de\/speisen\/?p=9778"},"modified":"2010-11-13T08:00:03","modified_gmt":"2010-11-13T07:00:03","slug":"diatterror-lebenslanglich","status":"publish","type":"post","link":"https:\/\/www.vorspeisenplatte.de\/speisen\/2010\/11\/diatterror-lebenslanglich.htm","title":{"rendered":"Di\u00e4tterror \u2013 lebensl\u00e4nglich"},"content":{"rendered":"<p>Es sind sehr wahrscheinlich extreme Ausnahmen und echte Heldinnen &#8211; Frauen, die sich im Ganzk\u00f6rperspiegel ansehen und nie-nie-nie denken: \u201eAber mit ein paar Kilo weniger s\u00e4he ich besser aus.\u201c Denn: D\u00fcnner ist besser. Immer.<\/p>\n<p>Ich muss praktisch durchgehend aufpassen, dass ich nicht in diese Falle tappe. Das wurde mir durch <a href=\"http:\/\/feministing.com\/2010\/11\/11\/ideal-perfect-just-what-its-meant-to-be\/\" target=_\"new\">dieses Posting auf Feministing<\/a> mal wieder bewusst: Chloe schreibt, dass sie zugenommen habe, jetzt mehr sei als vor einem Jahr und dass sie damit hadere: &#8220;Because the slimmer I am, the better. Right?&#8221;<\/p>\n<p>Mittlerweile habe ich die Hoffnung aufgegeben, dass ich jemals diese tief verwurzelte Indoktrination absch\u00fctteln werde. Ich bin jetzt ein bisschen mehr als vor drei Jahren, etwa eine Kleidergr\u00f6\u00dfe. Zwar f\u00fchle ich mich damit nicht wie ein Nilpferd, aber sehe vor allem auf Fotos von mir doch eine stattliche, b\u00e4uerlich kr\u00e4ftige Frau. Will hei\u00dfen: Die dringend ein paar Kilo abnehmen m\u00fcsste. Denn: D\u00fcnner ist besser. Immer.<\/p>\n<p>Sagt wer nochmal? Nein, antworten Sie nicht. Sagen nat\u00fcrlich alle Frauenzeitschriften, das Fernsehen, die Modewelt, die Di\u00e4tindustrie, 95 Prozent aller Frauen der westlichen Hemisph\u00e4re. Ich korrigiere: 98 Prozent.<\/p>\n<p>Doch was bekam Chloe als Hinweis einer offensichtlich klugen Ern\u00e4hrungsberaterin? <\/p>\n<blockquote><p>It\u2019s possible that if you are eating a balanced diet and exercising several times a week, you are already at your ideal weight. To lose any more would be fighting nature.<\/p><\/blockquote>\n<p>Vielleicht sollte ich \u00fcber alle Spiegel in meiner Wohnung schreiben:<br \/>\n<strong>Du ern\u00e4hrst dich ausgewogen und treibst viel Sport. Das ist deine Idealfigur.<\/strong><\/p>\n","protected":false},"excerpt":{"rendered":"<p>Es sind sehr wahrscheinlich extreme Ausnahmen und echte Heldinnen &#8211; Frauen, die sich im Ganzk\u00f6rperspiegel ansehen und nie-nie-nie denken: \u201eAber mit ein paar Kilo weniger s\u00e4he ich besser aus.\u201c Denn: D\u00fcnner ist besser. Immer. Ich muss praktisch durchgehend aufpassen, dass ich nicht in diese Falle tappe. Das wurde mir durch dieses Posting auf Feministing mal [&hellip;]<\/p>\n","protected":false},"author":2,"featured_media":0,"comment_status":"open","ping_status":"closed","sticky":false,"template":"","format":"standard","meta":{"footnotes":""},"categories":[1],"tags":[],"class_list":["post-9778","post","type-post","status-publish","format-standard","hentry","category-general"],"_links":{"self":[{"href":"https:\/\/www.vorspeisenplatte.de\/speisen\/wp-json\/wp\/v2\/posts\/9778","targetHints":{"allow":["GET"]}}],"collection":[{"href":"https:\/\/www.vorspeisenplatte.de\/speisen\/wp-json\/wp\/v2\/posts"}],"about":[{"href":"https:\/\/www.vorspeisenplatte.de\/speisen\/wp-json\/wp\/v2\/types\/post"}],"author":[{"embeddable":true,"href":"https:\/\/www.vorspeisenplatte.de\/speisen\/wp-json\/wp\/v2\/users\/2"}],"replies":[{"embeddable":true,"href":"https:\/\/www.vorspeisenplatte.de\/speisen\/wp-json\/wp\/v2\/comments?post=9778"}],"version-history":[{"count":0,"href":"https:\/\/www.vorspeisenplatte.de\/speisen\/wp-json\/wp\/v2\/posts\/9778\/revisions"}],"wp:attachment":[{"href":"https:\/\/www.vorspeisenplatte.de\/speisen\/wp-json\/wp\/v2\/media?parent=9778"}],"wp:term":[{"taxonomy":"category","embeddable":true,"href":"https:\/\/www.vorspeisenplatte.de\/speisen\/wp-json\/wp\/v2\/categories?post=9778"},{"taxonomy":"post_tag","embeddable":true,"href":"https:\/\/www.vorspeisenplatte.de\/speisen\/wp-json\/wp\/v2\/tags?post=9778"}],"curies":[{"name":"wp","href":"https:\/\/api.w.org\/{rel}","templated":true}]}}