{"id":98279,"date":"2024-05-30T10:43:24","date_gmt":"2024-05-30T08:43:24","guid":{"rendered":"https:\/\/www.vorspeisenplatte.de\/speisen\/?p=98279"},"modified":"2024-05-30T10:43:24","modified_gmt":"2024-05-30T08:43:24","slug":"journal-mittwoch-29-mai-2024-berlin-5-dritter-tag-republica24-und-lindner-feinkost","status":"publish","type":"post","link":"https:\/\/www.vorspeisenplatte.de\/speisen\/2024\/05\/journal-mittwoch-29-mai-2024-berlin-5-dritter-tag-republica24-und-lindner-feinkost.htm","title":{"rendered":"Journal Mittwoch, 29. Mai 2024 &#8211; Berlin 5, dritter Tag re:publica24 und Lindner-Feinkost"},"content":{"rendered":"<p>Besser geschlafen, doch aus einem traurigen Traum aufgewacht.<\/p>\n<p>Diesmal hatte ich schon am Vorabend vorgebloggt, der Morgen wurde dadurch deutlich gem\u00fctlicher. Auch gestern standen wir in einer langem Schlange vor der Station Berlin, doch der Himmel war trocken, und es ging schnell voran.<\/p>\n<p>Am Dienstag hatte ich mir noch junge Speaker*innen gew\u00fcnscht, am Mittwoch bekam ich zur ersten Session gleich mal eine &#8211; wie sich abends herausstellte, sogar die j\u00fcngste der Konferenz.<\/p>\n<p><a href=\"https:\/\/www.vorspeisenplatte.de\/speisen\/archiv\/240529_04_republica.jpg\"><img loading=\"lazy\" decoding=\"async\" src=\"https:\/\/www.vorspeisenplatte.de\/speisen\/archiv\/240529_04_republica.jpg\" alt=\"Links und recht von einem Stehtisch sitzen eine sehr junge Frau und rechts ein \u00e4lterer Mann auf Barhockern mit Mikrofonen in der Hand\" width=\"332\" height=\"437\" class=\"alignnone size-full wp-image-98291\" \/><\/a><\/p>\n<p><a href=\"https:\/\/re-publica.com\/de\/session\/ist-gefuehl-jetzt-wichtiger-als-wahrheit-wie-ki-und-netzkultur-die-achsen-des-diskurses\" rel=\"noopener\" target=\"_blank\">&#8220;Ist Gef\u00fchl jetzt wichtiger als Wahrheit? Wie KI und Netzkultur die Achsen des Diskurses verschoben haben. Ein Generationen-Dialog.&#8221;<\/a><\/p>\n<p>Stephan Noller kenne ich schon lange aus dem Internet, hatte aber mittlerweile den Anschluss verloren, was dieser herzliche Serien-Unternehmer und Technik-Entwickler (z.B. Calliope) gerade macht. Gestern f\u00fchrte er auf der re:publica eine Gespr\u00e4ch mit seiner Tochter Tilda \u00f6ffentlich weiter, das bei ihnen daheim begonnen hatte: Wie wichtig ist es f\u00fcr Vertrauen in Online-Pers\u00f6nlichkeiten, dass der faktische Hintergrund ihrer Argumentation oder ihrer Shows korrekt ist?<\/p>\n<p>Es ergaben sich sehr interessante Betrachtungen von Gef\u00fchlen und ihre Bedeutung f\u00fcr gesellschaftliche Entwicklungen &#8211; auch wenn ich Zuordnungen zu Altersgruppen misstraue: <a href=\"https:\/\/reutersinstitute.politics.ox.ac.uk\/digital-news-report\/2023\" rel=\"noopener\" target=\"_blank\">Der Reuters Digital News Report<\/a> belegt regelm\u00e4\u00dfig, dass die Altersschicht \u00fcber 60 neben der ganz jungen Generation die gr\u00f6\u00dften Defizite in Medienkompetenz hat, es ist also nicht nur die Schule gefragt (mein ganz emotionaler Impuls &#8211; siehe die Session von Maren Urner, es gibt keine Dichotomie Herz\/Hirn &#8211; ist immer erst mal der Blick auf Fakten).<\/p>\n<p><a href=\"https:\/\/www.vorspeisenplatte.de\/speisen\/archiv\/240529_08_republica.jpg\"><img loading=\"lazy\" decoding=\"async\" src=\"https:\/\/www.vorspeisenplatte.de\/speisen\/archiv\/240529_08_republica.jpg\" alt=\"Auf einer B\u00fchne steht ein Mann am Rednerpult, hinter ihm auf der Leinwand zwei Magazin-Cover von 2019, die Ren\u00e9 Benko zeigen mit r\u00fchmenden Schlagzeilen\" width=\"423\" height=\"353\" class=\"alignnone size-full wp-image-98294\" \/><\/a><\/p>\n<p>Als N\u00e4chstes lie\u00df ich mir erkl\u00e4ren:<br \/>\n<a href=\"https:\/\/re-publica.com\/de\/session\/boom-bust-und-benko-was-kuemmert-uns-die-millionenpleite\" rel=\"noopener\" target=\"_blank\">&#8220;Boom, Bust und Benko: Was k\u00fcmmert uns die Millionenpleite?&#8221;<\/a><\/p>\n<p>Den Referenten Leonhard Dobusch kannte ich seit schon immer aus dem Internet und von der re:publica, doch jetzt erfuhr ich, dass er auch BWL-Prof. ist. F\u00fcr mich als Laiin war es superspannend, die genauen Mechanismen zu erfahren, die Benko nutzte und ausnutzte. \u00dcberrascht war ich unter anderem davon, dass er offiziell gar nichts zu sagen hatte im Signa-Firmengeflecht (wegen einer Verurteilung wegen Korruption durfte er keinen Gesch\u00e4ftsf\u00fchrungsposten \u00fcbernehmen) &#8211; und dass Eataly zu Signa geh\u00f6rt. Au\u00dferdem war der Vortrag sehr spannend und unterhaltsam aufgebaut: Ich gebe Ihnen Bescheid, wenn er online nachzusehen ist.<\/p>\n<p>Mittagscappuccino, dann lie\u00df ich mir von drei Frauen die Auswirkungen digitaler Bedrohungen und Angriffe auf ihre aktivistische Arbeit erz\u00e4hlen.<\/p>\n<p><a href=\"https:\/\/www.vorspeisenplatte.de\/speisen\/archiv\/240529_10_republica.jpg\"><img loading=\"lazy\" decoding=\"async\" src=\"https:\/\/www.vorspeisenplatte.de\/speisen\/archiv\/240529_10_republica.jpg\" alt=\"Auf einer niedrigen B\u00fchne sitzen vier Frauen, die linke spricht gerade in ein Mikrofon, hinter ihnen auf der Leinwand die Beschriftung &quot;How has DTR impacted you personally and your work on DTR?\nWhat did women targeted by DTR tell you about their experiences?&quot;\" width=\"455\" height=\"335\" class=\"alignnone size-full wp-image-98295\" \/><\/a><\/p>\n<p><a href=\"https:\/\/re-publica.com\/de\/session\/i-wake-thousand-tweets-insulting-me-digital-attacks-against-exiled-and-diaspora-women\" rel=\"noopener\" target=\"_blank\">&#8220;&#8216;I wake up to a thousand tweets insulting me&#8217;: Digital attacks against exiled and diaspora women activists \u2013 and what to do about them&#8221;.<\/a><br \/>\nVon G\u00f6zde B\u00f6c\u00fc, Maryam Mirza, Arzu Geybulla und Moderatorin Siena Anstis lernte ich den Begriff <i>digital transnational repression<\/i> DTR und gruselte mich, gegen welche Widerst\u00e4nde die Frauen auf der B\u00fchne um Menschenrechte und Freiheit in Iran, Aserbaidschan und der T\u00fcrkei k\u00e4mpfen. Viele ihrer Schilderungen klangen wie Spionagefilm-Klischees, doch da sa\u00dfen echte Menschen, die in Zynismus getrieben werden, vor denen sich Freundeskreise zur\u00fcckziehen, um nicht auch Opfer der Attacken zu werden.<\/p>\n<p><a href=\"https:\/\/www.vorspeisenplatte.de\/speisen\/archiv\/240529_11_republica.jpg\"><img loading=\"lazy\" decoding=\"async\" src=\"https:\/\/www.vorspeisenplatte.de\/speisen\/archiv\/240529_11_republica.jpg\" alt=\"Ein Mann in grauem Pulli steht auf einer B\u00fchne, auf der Leinwand hinter ihm die Schrift &quot;Eine andere digitale Welt ist m\u00f6glich&quot;\" width=\"514\" height=\"335\" class=\"alignnone size-full wp-image-98297\" \/><\/a><\/p>\n<p>Ich brauchte dringend sichere Aufmunterung und holte sie mir bei<br \/>\n<a href=\"https:\/\/re-publica.com\/de\/session\/digitale-gegenwelt-wie-mit-wikipedia-mastodon-co-ein-freieres-und-freundlicheres-internet\" rel=\"noopener\" target=\"_blank\">&#8220;Digitale Gegenwelt: Wie mit Wikipedia, Mastodon &#038; Co. ein freieres und freundlicheres Internet entsteht&#8221;.<\/a><br \/>\nStefan Mey gab einen Statusbericht, der meine Online-Welt tats\u00e4chlich aufhellte.<\/p>\n<p>Jetzt hatte ich \u00fcber eine Stunde Pause. Am Morgen war mir die Idee gekommen, dass ich sie zu Eink\u00e4ufen nutzen k\u00f6nnte: Ums Eck der Ferienwohnung war ich an einem Feinkost Lindner vorbeigekommen, au\u00dferdem an den Schaufenstern einer Drogierie, die mich sehr an die spanischen <i>perfumer\u00edas<\/i> meiner Kindheitsurlaube erinnerte. Beim Butter Lindner kaufte ich Abendessen f\u00fcr Herrn Kaltmamsell und mich ein, bei der herzlichen Inhaberin der Drogerie Saxonia Seife und eine Iris-K\u00f6rpermilch.<\/p>\n<p>In der Ferienwohnung machte ich kurz vor drei Mittagsbrotzeit, schon wieder ein Apfel sowie Pumpernickel mit Frischk\u00e4se (gerade wenn ich eigentlich keinen Appetit habe, schmeckt mir sowas besonders).<\/p>\n<p><a href=\"https:\/\/www.vorspeisenplatte.de\/speisen\/archiv\/240529_15_republica.jpg\"><img loading=\"lazy\" decoding=\"async\" src=\"https:\/\/www.vorspeisenplatte.de\/speisen\/archiv\/240529_15_republica.jpg\" alt=\"Auf einer B\u00fchne steht an einem Rednerpult eine Frau in schwarzem Kleid und mit schwarzer Brille, hinter ihr auf der Leinwand die Schrift &quot;Die Maschen der Brandstifter ... und was wir dem entgegensetzen sollten\" width=\"557\" height=\"385\" class=\"alignnone size-full wp-image-98298\" \/><\/a><\/p>\n<p>Verschoben von Montag war eine Session, auf die ich mich besonders freute: <a href=\"https:\/\/re-publica.com\/de\/session\/die-maschen-der-brandstifter\" rel=\"noopener\" target=\"_blank\">&#8220;Die Maschen der Brandstifter&#8221;.<\/a><br \/>\nKatharina Nocun ist Spezialistin f\u00fcr die Mechanismen von Populismus und Verschw\u00f6rungsmythen, hat dar\u00fcber einige B\u00fccher geschrieben. Sie zog ihren Vortrag wie eine (fake) Schulstunde f\u00fcr Nachsitzer auf, gepr\u00fcft werde am 9. Juni. Und sie machte gut nachvollziehbar, was Wortwahl und <i>framing<\/i> anrichten k\u00f6nnen.<\/p>\n<p>Weil Katharinas Session durch die Verschiebung auf eine halbe Stunde gek\u00fcrzt war, erwischte ich noch die zweite H\u00e4lfte des Vortrags von Neurowissenschaftlerin Maren Urner:<br \/>\n<a href=\"https:\/\/re-publica.com\/de\/session\/radikal-emotional-warum-wir-weniger-herz-und-mehr-hirn-brauchen\" rel=\"noopener\" target=\"_blank\">&#8220;Radikal emotional: Warum wir weniger Herz und mehr Hirn brauchen&#8221;.<\/a><br \/>\nSie hatte dargelegt, warum die Neurowissenschaft immer wieder beweist, dass Menschen alle Entscheidungen mit denselben Mechanismen treffen und die Dichotomie Herz\/Kopf lediglich, haha, gef\u00fchlt ist. Jetzt leitete sie gerade die Konsequenzen f\u00fcr die Politik ab.<\/p>\n<p><a href=\"https:\/\/www.vorspeisenplatte.de\/speisen\/archiv\/240529_17_republica.jpg\"><img loading=\"lazy\" decoding=\"async\" src=\"https:\/\/www.vorspeisenplatte.de\/speisen\/archiv\/240529_17_republica.jpg\" alt=\"Auf einer B\u00fchne ein Mann an einem Rednerpult, auf der Leinwand hinter ihm die Schrift &quot;Wie Textilien die Virtualit\u00e4t konstituieren&quot;\" width=\"496\" height=\"337\" class=\"alignnone size-full wp-image-98300\" \/><\/a><\/p>\n<p>Um einen guten Platz bei der folgenden Session von Felix Schwenzel zu bekommen, f\u00fcllte ich den Pflichtslot jedes meiner re:publica-Besuche &#8220;interessiert mich \u00fcberhaupt nicht&#8221; mit<br \/>\n<a href=\"https:\/\/re-publica.com\/de\/session\/textile-virtualitaeten\" rel=\"noopener\" target=\"_blank\">&#8220;Textile Virtualit\u00e4ten&#8221;.<\/a><\/p>\n<p>Und siehe da: Wie immer bekam ich dadurch h\u00f6chst interessante Einblicke in neue Welten. kim cordes erkl\u00e4rte in Stichpunkten, wie nahe uns Textilien kommen, mit welchen Techniken vor allem in der Kunst Textiles im Analogen und Digitalen (Achtung) verwoben sind. Unter anderem zeigte er kurz, dass digitale Techniken die Haptik von Kleidungsst\u00fccken bei der Online-Auswahl nachvollziehbarer machen k\u00f6nnten, das f\u00e4nde ich super.<\/p>\n<p>Ausgerechnet von Felix habe ich das Foto vergessen! Er sprach \u00fcber<br \/>\n<a href=\"https:\/\/re-publica.com\/de\/session\/hunde-sind-auch-nur-menschen\" rel=\"noopener\" target=\"_blank\">&#8220;Hunde sind auch nur Menschen&#8221;.<\/a><\/p>\n<p>Von seinen Posts kenne ich Pudelin Frida, seit sie bei ihm eingezogen ist. Wie immer originell und nachvollziehbar erz\u00e4hlte er, was sie ihm beigebracht hat.<\/p>\n<p>Jetzt war sie fast vorbei, diese wieder bereichernde und Kraft verleihende re:publica. Auf Stage 1 berichtete Markus Beckedahl Statistisches (wieder hatte die Konferenz geschafft, fast die H\u00e4lfte M\u00e4nner als Speaker und Teilnehmer anzuziehen).<\/p>\n<p><a href=\"https:\/\/www.vorspeisenplatte.de\/speisen\/archiv\/240529_20_republica.jpg\"><img loading=\"lazy\" decoding=\"async\" src=\"https:\/\/www.vorspeisenplatte.de\/speisen\/archiv\/240529_20_republica.jpg\" alt=\"Auf einer gro\u00dfen B\u00fchne viele lachende Menschen, hinter ihnen die Schrift &quot;crew re:publica&quot;\" width=\"599\" height=\"356\" class=\"alignnone size-full \" \/><\/a><\/p>\n<p>Vorstellen und Feiern der Crew.<\/p>\n<p><a href=\"https:\/\/www.vorspeisenplatte.de\/speisen\/archiv\/240529_21_republica.jpg\"><img loading=\"lazy\" decoding=\"async\" src=\"https:\/\/www.vorspeisenplatte.de\/speisen\/archiv\/240529_21_republica.jpg\" alt=\"In blauem Licht Blick zwischen Menschen auf eine B\u00fchne, auf der Leinwand die Schrift &quot;oh baby&quot;\" width=\"418\" height=\"414\" class=\"alignnone size-full wp-image-98302\" srcset=\"https:\/\/www.vorspeisenplatte.de\/speisen\/archiv\/240529_21_republica.jpg 418w, https:\/\/www.vorspeisenplatte.de\/speisen\/archiv\/240529_21_republica-150x150.jpg 150w, https:\/\/www.vorspeisenplatte.de\/speisen\/archiv\/240529_21_republica-144x144.jpg 144w\" sizes=\"auto, (max-width: 418px) 100vw, 418px\" \/><\/a><\/p>\n<p>Gro\u00dfer Abschied mit gemeinsamem Singen von &#8220;Bohemian Rhapsody&#8221; (das begann vor meiner Zeit und noch in der Kalkscheune als Location, als das Warten auf einen Online-Interviewgast \u00fcberbr\u00fcckt werden musste).<\/p>\n<p>Sp\u00e4te Heimkehr.<\/p>\n<p><a href=\"https:\/\/www.vorspeisenplatte.de\/speisen\/archiv\/240529_22_Nachtmahl.jpg\"><img loading=\"lazy\" decoding=\"async\" src=\"https:\/\/www.vorspeisenplatte.de\/speisen\/archiv\/240529_22_Nachtmahl.jpg\" alt=\"Wei\u00dfer Tisch, darauf Teller und die Speisen, die unten beschrieben sind.\" width=\"333\" height=\"444\" class=\"alignnone size-full wp-image-98303\" \/><\/a><\/p>\n<p>Nachtmahl waren dann die Leckereien, die ich nachmittags beim Lindner gekauft hatte: Holsteiner H\u00e4hnchensalat (gut), Rote-Bete-Pfirsich-Salat (gute Idee, ein wenig verschenkt, weil die Essigs\u00e4ure dominierte &#8211; werden wir aber nachbauen), Garnelen in Wasabi-Majo (sehr gut, wir nahmen uns vor, \u00f6fter mit Meerrettich abzuschmecken), Ziegenk\u00e4se und Steinofenbr\u00f6tchen. Wie berechnet, war die Menge genau richtig f\u00fcr uns beide, und wir hatten ja noch Schokolade zum Nachtisch.<\/p>\n<p>Ich las mich schon mal in die umfangreichen Anweisungen f\u00fcr Handgriffe vor Verlassen der Ferienwohnung ein.<\/p>\n<p>\u00a7<\/p>\n<p>Felix Schwenzels Blog wirres.net ist gerade kaputt, er blogt Kluges ersatzweise hier:<br \/>\n<a href=\"https:\/\/ersatz.wirres.net\/post\/751706735232811008\/republica-tag-1\" rel=\"noopener\" target=\"_blank\">&#8220;republica, tag 1&#8221;.<\/a><\/p>\n<blockquote><p>vielleicht sollten wir akzeptieren, dass man die sch\u00f6nen momente, die wichtigen debatten nicht festhalten kann, bzw. vielleicht doch, aber dann eben zur not in neuen r\u00e4umen, auf neuen, anderen plattformen, mit anderen regeln und anderem publikum.<\/p>\n<p>selbst machen, ein blog pflegen, im eigenen laden perlen, wichtige gedanken dokumentieren ist super, auch als eigenes, externes ged\u00e4chnis, aber auch sauviel arbeit. die platformen, die anderen l\u00e4den, machen es einem viel einfacher: einfach reingehen und los geht\u2019s. man muss sich um nix selbst k\u00fcmmern, kann aber eben auch nicht alles selbst bestimmen.<\/p><\/blockquote>\n<p> <img loading=\"lazy\" decoding=\"async\" src=\"https:\/\/vg02.met.vgwort.de\/na\/f1b39890789d41538955ac9f3b2f1b63\" width=\"1\" height=\"1\" alt=\"\"\/><\/p>\n","protected":false},"excerpt":{"rendered":"<p>Besser geschlafen, doch aus einem traurigen Traum aufgewacht. Diesmal hatte ich schon am Vorabend vorgebloggt, der Morgen wurde dadurch deutlich gem\u00fctlicher. Auch gestern standen wir in einer langem Schlange vor der Station Berlin, doch der Himmel war trocken, und es ging schnell voran. Am Dienstag hatte ich mir noch junge Speaker*innen gew\u00fcnscht, am Mittwoch bekam [&hellip;]<\/p>\n","protected":false},"author":2,"featured_media":0,"comment_status":"open","ping_status":"closed","sticky":false,"template":"","format":"standard","meta":{"footnotes":""},"categories":[6,2,1],"tags":[],"class_list":["post-98279","post","type-post","status-publish","format-standard","hentry","category-essen","category-fotos","category-general"],"_links":{"self":[{"href":"https:\/\/www.vorspeisenplatte.de\/speisen\/wp-json\/wp\/v2\/posts\/98279","targetHints":{"allow":["GET"]}}],"collection":[{"href":"https:\/\/www.vorspeisenplatte.de\/speisen\/wp-json\/wp\/v2\/posts"}],"about":[{"href":"https:\/\/www.vorspeisenplatte.de\/speisen\/wp-json\/wp\/v2\/types\/post"}],"author":[{"embeddable":true,"href":"https:\/\/www.vorspeisenplatte.de\/speisen\/wp-json\/wp\/v2\/users\/2"}],"replies":[{"embeddable":true,"href":"https:\/\/www.vorspeisenplatte.de\/speisen\/wp-json\/wp\/v2\/comments?post=98279"}],"version-history":[{"count":3,"href":"https:\/\/www.vorspeisenplatte.de\/speisen\/wp-json\/wp\/v2\/posts\/98279\/revisions"}],"predecessor-version":[{"id":98315,"href":"https:\/\/www.vorspeisenplatte.de\/speisen\/wp-json\/wp\/v2\/posts\/98279\/revisions\/98315"}],"wp:attachment":[{"href":"https:\/\/www.vorspeisenplatte.de\/speisen\/wp-json\/wp\/v2\/media?parent=98279"}],"wp:term":[{"taxonomy":"category","embeddable":true,"href":"https:\/\/www.vorspeisenplatte.de\/speisen\/wp-json\/wp\/v2\/categories?post=98279"},{"taxonomy":"post_tag","embeddable":true,"href":"https:\/\/www.vorspeisenplatte.de\/speisen\/wp-json\/wp\/v2\/tags?post=98279"}],"curies":[{"name":"wp","href":"https:\/\/api.w.org\/{rel}","templated":true}]}}