{"id":98421,"date":"2024-06-03T06:21:39","date_gmt":"2024-06-03T04:21:39","guid":{"rendered":"https:\/\/www.vorspeisenplatte.de\/speisen\/?p=98421"},"modified":"2025-06-04T17:24:31","modified_gmt":"2025-06-04T15:24:31","slug":"journal-sonntag-2-juni-2024-sinkender-pegel-in-muenchen-aber-keineswegs-alles-gut","status":"publish","type":"post","link":"https:\/\/www.vorspeisenplatte.de\/speisen\/2024\/06\/journal-sonntag-2-juni-2024-sinkender-pegel-in-muenchen-aber-keineswegs-alles-gut.htm","title":{"rendered":"Journal Sonntag, 2. Juni 2024 &#8211; Sinkender Pegel in M\u00fcnchen, aber keineswegs alles gut"},"content":{"rendered":"<p>Als ich nach langem, guten Schlaf aufwachte, hatte der Regen bis zu feuchter Gischt abgenommen. Ich war zuversichtlich, dass ich doch noch zu meinem Isarlauf kommen w\u00fcrde.<\/p>\n<p>Ich lief dann tats\u00e4chlich gut anderthalb Stunden unberegnet, musste nicht mal auf die Wege oben auf den Isard\u00e4mmen ausweichen: Der Pegel der Isar war deutlich auf dem R\u00fcckzug (dennoch noch keine Entwarnung von den Freunden im Hotelkeller). Besonders sch\u00f6n: Ich bekam erste Lindenbl\u00fctend\u00fcfte in die Nase. \u00dcberrascht war ich von dem deutlichen Muskelkater vom Hanteltraining am Samstag, der sich bereits am Vorabend angek\u00fcndigt hatte (vor allem Po und R\u00fcckseite Oberschenkel, die <a href=\"https:\/\/youtu.be\/FPgKYsknKw4?si=tK0gZDzMu31Blv6J&amp;t=68\" target=\"_blank\" rel=\"noopener\">Dead Lift Reverse Flys<\/a> in erster Linie).<\/p>\n<p><a href=\"https:\/\/www.vorspeisenplatte.de\/speisen\/archiv\/240602_01_AlterSuedfriedhof.jpg\"><img loading=\"lazy\" decoding=\"async\" class=\"alignnone size-full wp-image-98434\" src=\"https:\/\/www.vorspeisenplatte.de\/speisen\/archiv\/240602_01_AlterSuedfriedhof.jpg\" alt=\"Alter Friedhof mit vielen B\u00e4umen, im Vordergrund eine riesige Wasserpf\u00fctze, die die gesamte Breite des Wegs bedeckt\" width=\"427\" height=\"554\" \/><\/a><\/p>\n<p><a href=\"https:\/\/www.vorspeisenplatte.de\/speisen\/archiv\/240602_02_AlterSuedfriedhof.jpg\"><img loading=\"lazy\" decoding=\"async\" class=\"alignnone size-full wp-image-98435\" src=\"https:\/\/www.vorspeisenplatte.de\/speisen\/archiv\/240602_02_AlterSuedfriedhof.jpg\" alt=\"Alter, park\u00e4hnlicher Friedhof mit wei\u00df bl\u00fchendem Busch\" width=\"432\" height=\"393\" \/><\/a><\/p>\n<p>Alter S\u00fcdfriedhof.<\/p>\n<p><a href=\"https:\/\/www.vorspeisenplatte.de\/speisen\/archiv\/240602_05_Wittelsbacherbr.jpg\"><img loading=\"lazy\" decoding=\"async\" class=\"alignnone size-full \" src=\"https:\/\/www.vorspeisenplatte.de\/speisen\/archiv\/240602_05_Wittelsbacherbr.jpg\" alt=\"Blick auf Hochwasserfluss mit braunem Wasser, an einem Br\u00fcckenpfeiler haben sich Baumst\u00e4mme verfangen\" width=\"522\" height=\"409\" \/><\/a><\/p>\n<p>Blick von der Wittelsbacherbr\u00fccke nach S\u00fcden.<\/p>\n<p><a href=\"https:\/\/www.vorspeisenplatte.de\/speisen\/archiv\/240602_07_Wittelsbacherbr.jpg\"><img loading=\"lazy\" decoding=\"async\" class=\"alignnone size-full \" src=\"https:\/\/www.vorspeisenplatte.de\/speisen\/archiv\/240602_07_Wittelsbacherbr.jpg\" alt=\"Blick auf Hochwasserfluss mit braunem Wasser, in der Mitte eine Insel mit Baum, links zwei T\u00fcrme einer Kirche, im Hintergrund ein Museumsturm\" width=\"594\" height=\"392\" \/><\/a><\/p>\n<p>Und nach Norden, der Gegenschuss zur <a href=\"https:\/\/www.muenchen.de\/sehenswuerdigkeiten\/webcam-live-aus-muenchen-marienplatz-olympiapark-und-mehr\" target=\"_blank\" rel=\"noopener\">Webcam auf dem Deutschen Museum<\/a>.<\/p>\n<p><a href=\"https:\/\/www.vorspeisenplatte.de\/speisen\/archiv\/240602_12_BraunauerEisenbahnbr.jpg\"><img loading=\"lazy\" decoding=\"async\" class=\"alignnone size-full wp-image-98439\" src=\"https:\/\/www.vorspeisenplatte.de\/speisen\/archiv\/240602_12_BraunauerEisenbahnbr.jpg\" alt=\"Blick vom Ufer auf Hochwasserfluss, in der Uferwiese liegen Baumteile, das Wasser umsp\u00fclt einen mittelgro\u00dfen gr\u00fcndbl\u00e4ttrigen Baum\" width=\"423\" height=\"564\" \/><\/a><\/p>\n<p>An diesen Sp\u00fcls\u00e4umen sah ich, wie hoch die Isar maximal gestiegen war.<\/p>\n<p><a href=\"https:\/\/www.vorspeisenplatte.de\/speisen\/archiv\/240602_14_Brudermuehlbr.jpg\"><img loading=\"lazy\" decoding=\"async\" class=\"alignnone size-full wp-image-98440\" src=\"https:\/\/www.vorspeisenplatte.de\/speisen\/archiv\/240602_14_Brudermuehlbr.jpg\" alt=\"Unter einer Betonbr\u00fccke mit bunter Streetart bemalte breite Pfeiler, die von braunem Wasser umsp\u00fclt sind\" width=\"484\" height=\"472\" \/><\/a><\/p>\n<p>Unter der Bruderm\u00fchlbr\u00fccke; man kam nur auf dem Radweg durch.<\/p>\n<p><a href=\"https:\/\/www.vorspeisenplatte.de\/speisen\/archiv\/240602_16_Flaucher.jpg\"><img loading=\"lazy\" decoding=\"async\" class=\"alignnone size-full wp-image-98442\" src=\"https:\/\/www.vorspeisenplatte.de\/speisen\/archiv\/240602_16_Flaucher.jpg\" alt=\"\u00dcberschwemmte Uferauen, im Vordergrund ein mittelgro\u00dfer Hund mit hellem Fell\" width=\"456\" height=\"493\" \/><\/a><\/p>\n<p>Kurz vorm Flaucher.<\/p>\n<p><a href=\"https:\/\/www.vorspeisenplatte.de\/speisen\/archiv\/240602_23_MariaEinsiedel.jpg\"><img loading=\"lazy\" decoding=\"async\" class=\"alignnone size-full wp-image-98443\" src=\"https:\/\/www.vorspeisenplatte.de\/speisen\/archiv\/240602_23_MariaEinsiedel.jpg\" alt=\"Blick auf Hochwasserfluss, \u00fcbersp\u00fclte B\u00fcsche, im Hintergrund eine Fu\u00dfg\u00e4ngerbr\u00fccke\" width=\"493\" height=\"466\" \/><\/a><\/p>\n<p>Die Br\u00fccke Maria Einsiedel war gesperrt &#8211; wie auch der Flauchersteg.<\/p>\n<p><a href=\"https:\/\/www.vorspeisenplatte.de\/speisen\/archiv\/240602_27_Thalkirchen.jpg\"><img loading=\"lazy\" decoding=\"async\" class=\"alignnone size-full wp-image-98444\" src=\"https:\/\/www.vorspeisenplatte.de\/speisen\/archiv\/240602_27_Thalkirchen.jpg\" alt=\"Im Hintergrund ein Hochhaus, davor ein Flussarm mit gr\u00fcnbraunem Wasser, darauf bunte Kajaks\" width=\"452\" height=\"425\" \/><\/a><\/p>\n<p>Die jungen Kajakist:innen haben ihr Nest verlassen und werden von den Eltern ins Wasser gef\u00fchrt.<br \/>\nAm Himmel Mauersegler und Schwalben.<\/p>\n<p><a href=\"https:\/\/www.vorspeisenplatte.de\/speisen\/archiv\/240602_28_Flaucher.jpg\"><img loading=\"lazy\" decoding=\"async\" class=\"alignnone size-full wp-image-98445\" src=\"https:\/\/www.vorspeisenplatte.de\/speisen\/archiv\/240602_28_Flaucher.jpg\" alt=\"Gr\u00fcn belaubte B\u00e4ume, dazwischen steht braunes Wasser\" width=\"423\" height=\"466\" \/><\/a><\/p>\n<p>Flaucher am Gegenufer.<\/p>\n<p>Kein Semmelholen auf dem R\u00fcckweg, weil ich keine Lust auf Semmeln hatte. Ich hatte eigentlich \u00fcberhaupt keinen Appetit, zum Fr\u00fchst\u00fcck a\u00df ich sp\u00e4t und eher pro forma einen Apfel (der mir aber schmeckte) und Joghurt mit ein wenig Haferflocken.<\/p>\n<p><a href=\"https:\/\/www.vorspeisenplatte.de\/speisen\/archiv\/240602_WebcamIsar.jpg\"><img loading=\"lazy\" decoding=\"async\" class=\"alignnone size-full \" src=\"https:\/\/www.vorspeisenplatte.de\/speisen\/archiv\/240602_WebcamIsar.jpg\" alt=\"Webcam von oben auf einen Fluss in einer Stadt mit hellbraunem Wasser, der \u00fcber die Ufer getreten ist \" width=\"646\" height=\"367\" \/><\/a><\/p>\n<p><a href=\"https:\/\/www.muenchen.de\/sehenswuerdigkeiten\/webcam-live-aus-muenchen-marienplatz-olympiapark-und-mehr\" rel=\"noopener\" target=\"_blank\">Webcam<\/a> um 14:19 Uhr.<\/p>\n<p>Ausf\u00fchrliches B\u00fcgeln, es hatte sich in den vergangenen Wochen einiges gesammelt. Dabei h\u00f6rte ich eine Folge <a href=\"https:\/\/zwei-seiten.podigee.io\/42-neue-episode\" target=\"_blank\" rel=\"noopener\">des Podcasts <i>Zwei Seiten<\/i> von Christine Westermann und Mona Ameziane<\/a>.<\/p>\n<p>Der Podcast war mir von vielen Seiten empfohlen worden, ich suchte mir f\u00fcr einen Test eine Folge aus, in der auch ein Buch besprochen wird, das ich kenne. Erst mal ging es allerdings \u00fcber 20 Minuten lang nicht \u00fcber B\u00fccher, das mochte ich schonmal nicht (auch wenn ich Mona Amezianes Kommentar sehr sch\u00e4tzte, die zum ersten Mal von dem Konzept &#8220;Familienaufstellung&#8221; h\u00f6rte: &#8220;Das klingt krank.&#8221;).<\/p>\n<p>Und was sie dann endlich \u00fcber die B\u00fccher sagten: Ganz ok. Doch gerade bei der Besprechung von <i>Dschinns<\/i> von Fatma Aydemir hatte ich den Eindruck, den ich bei praktisch allen Kamera-Sendungen oder Podcasts \u00fcber B\u00fccher habe: Es stehen Aspekte der Romane im Mittelpunkt, die f\u00fcr mich nicht sehr relevant sind. Sie enthalten mir zu viel subjektive Interpretation und zu wenig Beschreibung. <i>Der gr\u00f6\u00dfte Spa\u00df, den wir je hatten<\/i> von Claire Lombardoam konnte ich dann anhand von Mona Amezianes Besprechung schon eher fassen, aber unterm Strich nicht herausfinden, ob das ein Buch ist, das mir gefallen oder mich auch nur bereichern k\u00f6nnte. Sowas hole ich mir sehr viel h\u00e4ufiger aus geschriebenen Rezensionen.<br \/>\n(Abschlie\u00dfend schw\u00e4rmten beide auch noch von Glattauers <i>Gut gegen Nordwind<\/i>, <a href=\"https:\/\/www.vorspeisenplatte.de\/speisen\/2009\/07\/kokettes-rumgezicke.htm\" target=\"_blank\" rel=\"noopener\">das ich begr\u00fcndet schei\u00dfe fand<\/a>. Meh.)<\/p>\n<p>Bis zum Abschluss meiner B\u00fcgelei h\u00f6rte ich Musik.<\/p>\n<p>Urlaubs-abschlie\u00dfender Check des Berufs-Postfachs &#8211; diesmal alles andere als entspannend, auf mich wartet einiges an aufw\u00e4ndigem Jonglieren. Gleich am Montagmorgen werde ich eilig ein Schiefgehen verhindern m\u00fcssen.<\/p>\n<p>Aber: <a href=\"https:\/\/www.instagram.com\/p\/C7t2unnog4z\/\" target=\"_blank\" rel=\"noopener\">Etwas beruhigende Nachrichten von unserer Kartoffelkombinat-G\u00e4rtnerei auf instagram<\/a>, &#8220;glimpflich davongekommen&#8221;. Das Wetter blieb in M\u00fcnchen trocken, nachmittags gab es sogar ein wenig Sonnenschein.<\/p>\n<p>Als Nachtmahl gab&#8217;s Teile des ausgefallenen G\u00e4ste-Essens: Entrec\u00f4te und mediterranes Ofengem\u00fcse. Dann Cr\u00e8me Br\u00fbl\u00e9e und Erdbeeren. Ein &#8211; haha &#8211; Festmahl. <\/p>\n<p>In der Tagesschau und anschlie\u00dfender Sonderberichterstattung des Bayerischen Rundfunks weiterhin schlimme Nachrichten unter anderem aus den mir so vertrauten Landkreisen Schrobenhausen, Pfaffenhofen (Rekordfluten), Augsburg, F\u00fcrstenfeldbruck. F\u00fcr Straubing und Passau wurde das Schlimmste erst noch erwartet. Weiterer Regen war auch f\u00fcr M\u00fcnchen angek\u00fcndigt.<\/p>\n<p>\u00a7<\/p>\n<p>Einerseits: Gut, dass eine weitere j\u00fcngere Frau den feministischen Blickwinkel einnimmt. Andererseits: Oh je, ich dachte, wir w\u00e4ren weiter.<br \/>\n<a href=\"https:\/\/taz.de\/Feminismus-in-der-Familie\/!6011408\/\" target=\"_blank\" rel=\"noopener\">&#8220;Feminismus in der Familie:<br \/>\nWar nicht alles gut, so wie es war?&#8221;<\/a><\/p>\n<blockquote><p>F\u00fcr unsere Autorin war Papa immer der Gute, Mama die Strenge \u2013 bis sie Feministin wurde und sich der Blick auf die Rollen in ihrer Familie \u00e4nderte.<\/p><\/blockquote>\n<p>Ich hatte in den fr\u00fchen 1980ern am humanistischen Gymnasium noch einen Lehrer, der \u00fcber Frauen scherzte, die Emanzipation einforderten, &#8220;w\u00e4hrend ihnen in der K\u00fcche ihr Essen anbrennt&#8221; hahaha. Woraufhin ich als Feministin vom Dienst (als die ich meine ganze Schulzeit hindurch amtierte) fragte: &#8220;Warum ist das IHR Essen?&#8221; Ich dachte, wir w\u00e4ren 20 Jahre sp\u00e4ter weiter gewesen, in der Kindheit der Autorin. <img loading=\"lazy\" decoding=\"async\" src=\"https:\/\/vg02.met.vgwort.de\/na\/c835ff77e70c4cf3be1b2dd4f399337b\" width=\"1\" height=\"1\" alt=\"\"\/><\/p>\n","protected":false},"excerpt":{"rendered":"<p>Als ich nach langem, guten Schlaf aufwachte, hatte der Regen bis zu feuchter Gischt abgenommen. Ich war zuversichtlich, dass ich doch noch zu meinem Isarlauf kommen w\u00fcrde. Ich lief dann tats\u00e4chlich gut anderthalb Stunden unberegnet, musste nicht mal auf die Wege oben auf den Isard\u00e4mmen ausweichen: Der Pegel der Isar war deutlich auf dem R\u00fcckzug [&hellip;]<\/p>\n","protected":false},"author":2,"featured_media":0,"comment_status":"open","ping_status":"closed","sticky":false,"template":"","format":"standard","meta":{"footnotes":""},"categories":[2,1],"tags":[],"class_list":["post-98421","post","type-post","status-publish","format-standard","hentry","category-fotos","category-general"],"_links":{"self":[{"href":"https:\/\/www.vorspeisenplatte.de\/speisen\/wp-json\/wp\/v2\/posts\/98421","targetHints":{"allow":["GET"]}}],"collection":[{"href":"https:\/\/www.vorspeisenplatte.de\/speisen\/wp-json\/wp\/v2\/posts"}],"about":[{"href":"https:\/\/www.vorspeisenplatte.de\/speisen\/wp-json\/wp\/v2\/types\/post"}],"author":[{"embeddable":true,"href":"https:\/\/www.vorspeisenplatte.de\/speisen\/wp-json\/wp\/v2\/users\/2"}],"replies":[{"embeddable":true,"href":"https:\/\/www.vorspeisenplatte.de\/speisen\/wp-json\/wp\/v2\/comments?post=98421"}],"version-history":[{"count":3,"href":"https:\/\/www.vorspeisenplatte.de\/speisen\/wp-json\/wp\/v2\/posts\/98421\/revisions"}],"predecessor-version":[{"id":109200,"href":"https:\/\/www.vorspeisenplatte.de\/speisen\/wp-json\/wp\/v2\/posts\/98421\/revisions\/109200"}],"wp:attachment":[{"href":"https:\/\/www.vorspeisenplatte.de\/speisen\/wp-json\/wp\/v2\/media?parent=98421"}],"wp:term":[{"taxonomy":"category","embeddable":true,"href":"https:\/\/www.vorspeisenplatte.de\/speisen\/wp-json\/wp\/v2\/categories?post=98421"},{"taxonomy":"post_tag","embeddable":true,"href":"https:\/\/www.vorspeisenplatte.de\/speisen\/wp-json\/wp\/v2\/tags?post=98421"}],"curies":[{"name":"wp","href":"https:\/\/api.w.org\/{rel}","templated":true}]}}